{"id":3661,"date":"2026-04-30T00:08:38","date_gmt":"2026-04-29T22:08:38","guid":{"rendered":"https:\/\/mc-faustvrancic.com\/?p=3661"},"modified":"2026-04-30T00:08:40","modified_gmt":"2026-04-29T22:08:40","slug":"obavijest-o-radnom-vremenu-1-svibnja","status":"publish","type":"post","link":"https:\/\/mc-faustvrancic.com\/en\/2026\/04\/30\/obavijest-o-radnom-vremenu-1-svibnja\/","title":{"rendered":"Obavijest o radnom vremenu 1. svibnja"},"content":{"rendered":"<p><\/p>\n\n\n\n<p>U petak, 1.svibnja Memorijalni centar &#8220;Faust Vran\u010di\u0107&#8221; je zatvoren. Od subote, Centar je otvoren od ponedjeljka do subote u vremenu od 11:00 h do 16:00 h. Vidimo se u subotu, prema novom radnom vremenu. <\/p>","protected":false},"excerpt":{"rendered":"<p>U petak, 1.svibnja Memorijalni centar &#8220;Faust Vran\u010di\u0107&#8221; je zatvoren. Od subote, Centar je otvoren od ponedjeljka do subote u vremenu od 11:00 h do 16:00 h. Vidimo se u subotu, prema novom radnom vremenu.<\/p>","protected":false},"author":2,"featured_media":3662,"comment_status":"open","ping_status":"open","sticky":false,"template":"","format":"standard","meta":{"_acf_changed":false,"footnotes":""},"categories":[1],"tags":[],"class_list":["post-3661","post","type-post","status-publish","format-standard","has-post-thumbnail","hentry","category-novosti"],"acf":[],"yoast_head":"<!-- This site is optimized with the Yoast SEO plugin v26.8 - https:\/\/yoast.com\/product\/yoast-seo-wordpress\/ -->\n<title>Obavijest o radnom vremenu 1. svibnja - Memorijalni centar Faust Vran\u010di\u0107<\/title>\n<meta name=\"robots\" content=\"index, follow, max-snippet:-1, max-image-preview:large, max-video-preview:-1\" \/>\n<link rel=\"canonical\" href=\"https:\/\/mc-faustvrancic.com\/en\/2026\/04\/30\/obavijest-o-radnom-vremenu-1-svibnja\/\" \/>\n<meta property=\"og:locale\" content=\"en_GB\" \/>\n<meta property=\"og:type\" content=\"article\" \/>\n<meta property=\"og:title\" content=\"Obavijest o radnom vremenu 1. svibnja - Memorijalni centar Faust Vran\u010di\u0107\" \/>\n<meta property=\"og:description\" content=\"U petak, 1.svibnja Memorijalni centar &#8220;Faust Vran\u010di\u0107&#8221; je zatvoren. Od subote, Centar je otvoren od ponedjeljka do subote u vremenu od 11:00 h do 16:00 h. Vidimo se u subotu, prema novom radnom vremenu.\" \/>\n<meta property=\"og:url\" content=\"https:\/\/mc-faustvrancic.com\/en\/2026\/04\/30\/obavijest-o-radnom-vremenu-1-svibnja\/\" \/>\n<meta property=\"og:site_name\" content=\"Memorijalni centar Faust Vran\u010di\u0107\" \/>\n<meta property=\"article:publisher\" content=\"https:\/\/web.facebook.com\/mcfaustvrancic\/\" \/>\n<meta property=\"article:published_time\" content=\"2026-04-29T22:08:38+00:00\" \/>\n<meta property=\"article:modified_time\" content=\"2026-04-29T22:08:40+00:00\" \/>\n<meta property=\"og:image\" content=\"https:\/\/mc-faustvrancic.com\/wp-content\/uploads\/2026\/04\/prcvisvibanj.jpeg\" \/>\n\t<meta property=\"og:image:width\" content=\"1080\" \/>\n\t<meta property=\"og:image:height\" content=\"1350\" \/>\n\t<meta property=\"og:image:type\" content=\"image\/jpeg\" \/>\n<meta name=\"author\" content=\"voditeljica\" \/>\n<meta name=\"twitter:card\" content=\"summary_large_image\" \/>\n<meta name=\"twitter:label1\" content=\"Written by\" \/>\n\t<meta name=\"twitter:data1\" content=\"voditeljica\" \/>\n\t<meta name=\"twitter:label2\" content=\"Estimated reading time\" \/>\n\t<meta name=\"twitter:data2\" content=\"1 minute\" \/>\n<script type=\"application\/ld+json\" class=\"yoast-schema-graph\">{\"@context\":\"https:\/\/schema.org\",\"@graph\":[{\"@type\":\"Article\",\"@id\":\"https:\/\/mc-faustvrancic.com\/2026\/04\/30\/obavijest-o-radnom-vremenu-1-svibnja\/#article\",\"isPartOf\":{\"@id\":\"https:\/\/mc-faustvrancic.com\/2026\/04\/30\/obavijest-o-radnom-vremenu-1-svibnja\/\"},\"author\":{\"name\":\"voditeljica\",\"@id\":\"https:\/\/mc-faustvrancic.com\/#\/schema\/person\/17e9b726fd54cbad9b6d299e91782093\"},\"headline\":\"Obavijest o radnom vremenu 1. svibnja\",\"datePublished\":\"2026-04-29T22:08:38+00:00\",\"dateModified\":\"2026-04-29T22:08:40+00:00\",\"mainEntityOfPage\":{\"@id\":\"https:\/\/mc-faustvrancic.com\/2026\/04\/30\/obavijest-o-radnom-vremenu-1-svibnja\/\"},\"wordCount\":38,\"commentCount\":0,\"publisher\":{\"@id\":\"https:\/\/mc-faustvrancic.com\/#organization\"},\"image\":{\"@id\":\"https:\/\/mc-faustvrancic.com\/2026\/04\/30\/obavijest-o-radnom-vremenu-1-svibnja\/#primaryimage\"},\"thumbnailUrl\":\"https:\/\/mc-faustvrancic.com\/wp-content\/uploads\/2026\/04\/prcvisvibanj.jpeg\",\"articleSection\":[\"Novosti\"],\"inLanguage\":\"en-GB\",\"potentialAction\":[{\"@type\":\"CommentAction\",\"name\":\"Comment\",\"target\":[\"https:\/\/mc-faustvrancic.com\/2026\/04\/30\/obavijest-o-radnom-vremenu-1-svibnja\/#respond\"]}]},{\"@type\":\"WebPage\",\"@id\":\"https:\/\/mc-faustvrancic.com\/2026\/04\/30\/obavijest-o-radnom-vremenu-1-svibnja\/\",\"url\":\"https:\/\/mc-faustvrancic.com\/2026\/04\/30\/obavijest-o-radnom-vremenu-1-svibnja\/\",\"name\":\"Obavijest o radnom vremenu 1. svibnja - Memorijalni centar Faust Vran\u010di\u0107\",\"isPartOf\":{\"@id\":\"https:\/\/mc-faustvrancic.com\/#website\"},\"primaryImageOfPage\":{\"@id\":\"https:\/\/mc-faustvrancic.com\/2026\/04\/30\/obavijest-o-radnom-vremenu-1-svibnja\/#primaryimage\"},\"image\":{\"@id\":\"https:\/\/mc-faustvrancic.com\/2026\/04\/30\/obavijest-o-radnom-vremenu-1-svibnja\/#primaryimage\"},\"thumbnailUrl\":\"https:\/\/mc-faustvrancic.com\/wp-content\/uploads\/2026\/04\/prcvisvibanj.jpeg\",\"datePublished\":\"2026-04-29T22:08:38+00:00\",\"dateModified\":\"2026-04-29T22:08:40+00:00\",\"breadcrumb\":{\"@id\":\"https:\/\/mc-faustvrancic.com\/2026\/04\/30\/obavijest-o-radnom-vremenu-1-svibnja\/#breadcrumb\"},\"inLanguage\":\"en-GB\",\"potentialAction\":[{\"@type\":\"ReadAction\",\"target\":[\"https:\/\/mc-faustvrancic.com\/2026\/04\/30\/obavijest-o-radnom-vremenu-1-svibnja\/\"]}]},{\"@type\":\"ImageObject\",\"inLanguage\":\"en-GB\",\"@id\":\"https:\/\/mc-faustvrancic.com\/2026\/04\/30\/obavijest-o-radnom-vremenu-1-svibnja\/#primaryimage\",\"url\":\"https:\/\/mc-faustvrancic.com\/wp-content\/uploads\/2026\/04\/prcvisvibanj.jpeg\",\"contentUrl\":\"https:\/\/mc-faustvrancic.com\/wp-content\/uploads\/2026\/04\/prcvisvibanj.jpeg\",\"width\":1080,\"height\":1350},{\"@type\":\"BreadcrumbList\",\"@id\":\"https:\/\/mc-faustvrancic.com\/2026\/04\/30\/obavijest-o-radnom-vremenu-1-svibnja\/#breadcrumb\",\"itemListElement\":[{\"@type\":\"ListItem\",\"position\":1,\"name\":\"Po\u010detna stranica\",\"item\":\"https:\/\/mc-faustvrancic.com\/\"},{\"@type\":\"ListItem\",\"position\":2,\"name\":\"Obavijest o radnom vremenu 1. svibnja\"}]},{\"@type\":\"WebSite\",\"@id\":\"https:\/\/mc-faustvrancic.com\/#website\",\"url\":\"https:\/\/mc-faustvrancic.com\/\",\"name\":\"Memorijalni centar Faust Vran\u010di\u0107\",\"description\":\"\",\"publisher\":{\"@id\":\"https:\/\/mc-faustvrancic.com\/#organization\"},\"alternateName\":\"MC Faust Vran\u010di\u0107\",\"potentialAction\":[{\"@type\":\"SearchAction\",\"target\":{\"@type\":\"EntryPoint\",\"urlTemplate\":\"https:\/\/mc-faustvrancic.com\/?s={search_term_string}\"},\"query-input\":{\"@type\":\"PropertyValueSpecification\",\"valueRequired\":true,\"valueName\":\"search_term_string\"}}],\"inLanguage\":\"en-GB\"},{\"@type\":\"Organization\",\"@id\":\"https:\/\/mc-faustvrancic.com\/#organization\",\"name\":\"Memorijalni centar Faust Vran\u010di\u0107\",\"alternateName\":\"MC Faust Vran\u010di\u0107\",\"url\":\"https:\/\/mc-faustvrancic.com\/\",\"logo\":{\"@type\":\"ImageObject\",\"inLanguage\":\"en-GB\",\"@id\":\"https:\/\/mc-faustvrancic.com\/#\/schema\/logo\/image\/\",\"url\":\"https:\/\/mc-faustvrancic.com\/wp-content\/uploads\/2024\/04\/logo-crni.png\",\"contentUrl\":\"https:\/\/mc-faustvrancic.com\/wp-content\/uploads\/2024\/04\/logo-crni.png\",\"width\":265,\"height\":105,\"caption\":\"Memorijalni centar Faust Vran\u010di\u0107\"},\"image\":{\"@id\":\"https:\/\/mc-faustvrancic.com\/#\/schema\/logo\/image\/\"},\"sameAs\":[\"https:\/\/web.facebook.com\/mcfaustvrancic\/\",\"https:\/\/www.instagram.com\/mc_faustvrancic\/?hl=en&fbclid=IwAR3-lbIw4tS0ZANoVqEKrrp9z8DwHtc19D8cB-ZTRDNj_jnack8SHd6OaEA\",\"https:\/\/www.youtube.com\/channel\/UCcG32Ni5Grugo6ZdoE4mXkQ\"]},{\"@type\":\"Person\",\"@id\":\"https:\/\/mc-faustvrancic.com\/#\/schema\/person\/17e9b726fd54cbad9b6d299e91782093\",\"name\":\"voditeljica\",\"image\":{\"@type\":\"ImageObject\",\"inLanguage\":\"en-GB\",\"@id\":\"https:\/\/mc-faustvrancic.com\/#\/schema\/person\/image\/\",\"url\":\"https:\/\/secure.gravatar.com\/avatar\/b9435005caa914b461d24f86eb524df8917f491e3cff9025e6a0e314160cb0c1?s=96&r=g\",\"contentUrl\":\"https:\/\/secure.gravatar.com\/avatar\/b9435005caa914b461d24f86eb524df8917f491e3cff9025e6a0e314160cb0c1?s=96&r=g\",\"caption\":\"voditeljica\"},\"url\":\"https:\/\/mc-faustvrancic.com\/en\/author\/voditeljica\/\"}]}<\/script>\n<!-- \/ Yoast SEO plugin. -->","yoast_head_json":{"title":"Obavijest o radnom vremenu 1. svibnja - Memorijalni centar Faust Vran\u010di\u0107","robots":{"index":"index","follow":"follow","max-snippet":"max-snippet:-1","max-image-preview":"max-image-preview:large","max-video-preview":"max-video-preview:-1"},"canonical":"https:\/\/mc-faustvrancic.com\/en\/2026\/04\/30\/obavijest-o-radnom-vremenu-1-svibnja\/","og_locale":"en_GB","og_type":"article","og_title":"Obavijest o radnom vremenu 1. svibnja - Memorijalni centar Faust Vran\u010di\u0107","og_description":"U petak, 1.svibnja Memorijalni centar &#8220;Faust Vran\u010di\u0107&#8221; je zatvoren. Od subote, Centar je otvoren od ponedjeljka do subote u vremenu od 11:00 h do 16:00 h. Vidimo se u subotu, prema novom radnom vremenu.","og_url":"https:\/\/mc-faustvrancic.com\/en\/2026\/04\/30\/obavijest-o-radnom-vremenu-1-svibnja\/","og_site_name":"Memorijalni centar Faust Vran\u010di\u0107","article_publisher":"https:\/\/web.facebook.com\/mcfaustvrancic\/","article_published_time":"2026-04-29T22:08:38+00:00","article_modified_time":"2026-04-29T22:08:40+00:00","og_image":[{"width":1080,"height":1350,"url":"https:\/\/mc-faustvrancic.com\/wp-content\/uploads\/2026\/04\/prcvisvibanj.jpeg","type":"image\/jpeg"}],"author":"voditeljica","twitter_card":"summary_large_image","twitter_misc":{"Written by":"voditeljica","Estimated reading time":"1 minute"},"schema":{"@context":"https:\/\/schema.org","@graph":[{"@type":"Article","@id":"https:\/\/mc-faustvrancic.com\/2026\/04\/30\/obavijest-o-radnom-vremenu-1-svibnja\/#article","isPartOf":{"@id":"https:\/\/mc-faustvrancic.com\/2026\/04\/30\/obavijest-o-radnom-vremenu-1-svibnja\/"},"author":{"name":"voditeljica","@id":"https:\/\/mc-faustvrancic.com\/#\/schema\/person\/17e9b726fd54cbad9b6d299e91782093"},"headline":"Obavijest o radnom vremenu 1. svibnja","datePublished":"2026-04-29T22:08:38+00:00","dateModified":"2026-04-29T22:08:40+00:00","mainEntityOfPage":{"@id":"https:\/\/mc-faustvrancic.com\/2026\/04\/30\/obavijest-o-radnom-vremenu-1-svibnja\/"},"wordCount":38,"commentCount":0,"publisher":{"@id":"https:\/\/mc-faustvrancic.com\/#organization"},"image":{"@id":"https:\/\/mc-faustvrancic.com\/2026\/04\/30\/obavijest-o-radnom-vremenu-1-svibnja\/#primaryimage"},"thumbnailUrl":"https:\/\/mc-faustvrancic.com\/wp-content\/uploads\/2026\/04\/prcvisvibanj.jpeg","articleSection":["Novosti"],"inLanguage":"en-GB","potentialAction":[{"@type":"CommentAction","name":"Comment","target":["https:\/\/mc-faustvrancic.com\/2026\/04\/30\/obavijest-o-radnom-vremenu-1-svibnja\/#respond"]}]},{"@type":"WebPage","@id":"https:\/\/mc-faustvrancic.com\/2026\/04\/30\/obavijest-o-radnom-vremenu-1-svibnja\/","url":"https:\/\/mc-faustvrancic.com\/2026\/04\/30\/obavijest-o-radnom-vremenu-1-svibnja\/","name":"Obavijest o radnom vremenu 1. svibnja - Memorijalni centar Faust Vran\u010di\u0107","isPartOf":{"@id":"https:\/\/mc-faustvrancic.com\/#website"},"primaryImageOfPage":{"@id":"https:\/\/mc-faustvrancic.com\/2026\/04\/30\/obavijest-o-radnom-vremenu-1-svibnja\/#primaryimage"},"image":{"@id":"https:\/\/mc-faustvrancic.com\/2026\/04\/30\/obavijest-o-radnom-vremenu-1-svibnja\/#primaryimage"},"thumbnailUrl":"https:\/\/mc-faustvrancic.com\/wp-content\/uploads\/2026\/04\/prcvisvibanj.jpeg","datePublished":"2026-04-29T22:08:38+00:00","dateModified":"2026-04-29T22:08:40+00:00","breadcrumb":{"@id":"https:\/\/mc-faustvrancic.com\/2026\/04\/30\/obavijest-o-radnom-vremenu-1-svibnja\/#breadcrumb"},"inLanguage":"en-GB","potentialAction":[{"@type":"ReadAction","target":["https:\/\/mc-faustvrancic.com\/2026\/04\/30\/obavijest-o-radnom-vremenu-1-svibnja\/"]}]},{"@type":"ImageObject","inLanguage":"en-GB","@id":"https:\/\/mc-faustvrancic.com\/2026\/04\/30\/obavijest-o-radnom-vremenu-1-svibnja\/#primaryimage","url":"https:\/\/mc-faustvrancic.com\/wp-content\/uploads\/2026\/04\/prcvisvibanj.jpeg","contentUrl":"https:\/\/mc-faustvrancic.com\/wp-content\/uploads\/2026\/04\/prcvisvibanj.jpeg","width":1080,"height":1350},{"@type":"BreadcrumbList","@id":"https:\/\/mc-faustvrancic.com\/2026\/04\/30\/obavijest-o-radnom-vremenu-1-svibnja\/#breadcrumb","itemListElement":[{"@type":"ListItem","position":1,"name":"Po\u010detna stranica","item":"https:\/\/mc-faustvrancic.com\/"},{"@type":"ListItem","position":2,"name":"Obavijest o radnom vremenu 1. svibnja"}]},{"@type":"WebSite","@id":"https:\/\/mc-faustvrancic.com\/#website","url":"https:\/\/mc-faustvrancic.com\/","name":"Memorijalni centar Faust Vran\u010di\u0107","description":"","publisher":{"@id":"https:\/\/mc-faustvrancic.com\/#organization"},"alternateName":"MC Faust Vran\u010di\u0107","potentialAction":[{"@type":"SearchAction","target":{"@type":"EntryPoint","urlTemplate":"https:\/\/mc-faustvrancic.com\/?s={search_term_string}"},"query-input":{"@type":"PropertyValueSpecification","valueRequired":true,"valueName":"search_term_string"}}],"inLanguage":"en-GB"},{"@type":"Organization","@id":"https:\/\/mc-faustvrancic.com\/#organization","name":"Memorijalni centar Faust Vran\u010di\u0107","alternateName":"MC Faust Vran\u010di\u0107","url":"https:\/\/mc-faustvrancic.com\/","logo":{"@type":"ImageObject","inLanguage":"en-GB","@id":"https:\/\/mc-faustvrancic.com\/#\/schema\/logo\/image\/","url":"https:\/\/mc-faustvrancic.com\/wp-content\/uploads\/2024\/04\/logo-crni.png","contentUrl":"https:\/\/mc-faustvrancic.com\/wp-content\/uploads\/2024\/04\/logo-crni.png","width":265,"height":105,"caption":"Memorijalni centar Faust Vran\u010di\u0107"},"image":{"@id":"https:\/\/mc-faustvrancic.com\/#\/schema\/logo\/image\/"},"sameAs":["https:\/\/web.facebook.com\/mcfaustvrancic\/","https:\/\/www.instagram.com\/mc_faustvrancic\/?hl=en&fbclid=IwAR3-lbIw4tS0ZANoVqEKrrp9z8DwHtc19D8cB-ZTRDNj_jnack8SHd6OaEA","https:\/\/www.youtube.com\/channel\/UCcG32Ni5Grugo6ZdoE4mXkQ"]},{"@type":"Person","@id":"https:\/\/mc-faustvrancic.com\/#\/schema\/person\/17e9b726fd54cbad9b6d299e91782093","name":"voditeljica","image":{"@type":"ImageObject","inLanguage":"en-GB","@id":"https:\/\/mc-faustvrancic.com\/#\/schema\/person\/image\/","url":"https:\/\/secure.gravatar.com\/avatar\/b9435005caa914b461d24f86eb524df8917f491e3cff9025e6a0e314160cb0c1?s=96&r=g","contentUrl":"https:\/\/secure.gravatar.com\/avatar\/b9435005caa914b461d24f86eb524df8917f491e3cff9025e6a0e314160cb0c1?s=96&r=g","caption":"voditeljica"},"url":"https:\/\/mc-faustvrancic.com\/en\/author\/voditeljica\/"}]}},"_links":{"self":[{"href":"https:\/\/mc-faustvrancic.com\/en\/wp-json\/wp\/v2\/posts\/3661","targetHints":{"allow":["GET"]}}],"collection":[{"href":"https:\/\/mc-faustvrancic.com\/en\/wp-json\/wp\/v2\/posts"}],"about":[{"href":"https:\/\/mc-faustvrancic.com\/en\/wp-json\/wp\/v2\/types\/post"}],"author":[{"embeddable":true,"href":"https:\/\/mc-faustvrancic.com\/en\/wp-json\/wp\/v2\/users\/2"}],"replies":[{"embeddable":true,"href":"https:\/\/mc-faustvrancic.com\/en\/wp-json\/wp\/v2\/comments?post=3661"}],"version-history":[{"count":1,"href":"https:\/\/mc-faustvrancic.com\/en\/wp-json\/wp\/v2\/posts\/3661\/revisions"}],"predecessor-version":[{"id":3663,"href":"https:\/\/mc-faustvrancic.com\/en\/wp-json\/wp\/v2\/posts\/3661\/revisions\/3663"}],"wp:featuredmedia":[{"embeddable":true,"href":"https:\/\/mc-faustvrancic.com\/en\/wp-json\/wp\/v2\/media\/3662"}],"wp:attachment":[{"href":"https:\/\/mc-faustvrancic.com\/en\/wp-json\/wp\/v2\/media?parent=3661"}],"wp:term":[{"taxonomy":"category","embeddable":true,"href":"https:\/\/mc-faustvrancic.com\/en\/wp-json\/wp\/v2\/categories?post=3661"},{"taxonomy":"post_tag","embeddable":true,"href":"https:\/\/mc-faustvrancic.com\/en\/wp-json\/wp\/v2\/tags?post=3661"}],"curies":[{"name":"wp","href":"https:\/\/api.w.org\/{rel}","templated":true}]}}