{"id":3473,"date":"2025-03-31T13:01:16","date_gmt":"2025-03-31T11:01:16","guid":{"rendered":"https:\/\/mc-faustvrancic.com\/?p=3473"},"modified":"2025-03-31T13:29:25","modified_gmt":"2025-03-31T11:29:25","slug":"predavanje-u-becu-faust-vrancic-leteci-covjek-lik-djelo-i-nasljede-hrvatskog-velikana","status":"publish","type":"post","link":"https:\/\/mc-faustvrancic.com\/en\/2025\/03\/31\/predavanje-u-becu-faust-vrancic-leteci-covjek-lik-djelo-i-nasljede-hrvatskog-velikana\/","title":{"rendered":"Predavanje u Be\u010du: &#8220;Faust Vran\u010di\u0107-lete\u0107i \u010dovjek &#8211; lik, djelo i naslje\u0111e hrvatskog velikana&#8221;"},"content":{"rendered":"<p>Sredinom o\u017eujka posjetile smo Be\u010d, grad iznimne kulture i bogate povijesti zahvaljuju\u0107i velikoj ostav\u0161tini Habsburgovaca. Faust Vran\u010di\u0107 je boravio u Be\u010du, a tu su studirali i Faustov otac Mihovil i njegov brat Antun, Faustov stric i mecena. Iz tog perioda njihovog \u017eivota imamo malo saznanja te se nadamo da \u0107emo ih imati prilike istra\u017eiti u budu\u0107nosti.<\/p>\n\n\n\n<p><br>Razlog na\u0161eg putovanja u Be\u010d bila je suradnja sa Hrvatskim centrom za kulturu, obrazovanje i politiku u Be\u010du. U prostorijama Centra Zlatka Rodin odr\u017eala je u \u010detvrtak 13. o\u017eujka predavanje pod nazivom &#8220;Faust Vran\u010di\u0107-lete\u0107i \u010dovjek: lik, djelo i naslje\u0111e hrvatskog velikana&#8221;.<\/p>\n\n\n\n<figure class=\"wp-block-image size-large\"><img fetchpriority=\"high\" decoding=\"async\" width=\"1024\" height=\"1024\" src=\"https:\/\/mc-faustvrancic.com\/wp-content\/uploads\/2025\/03\/MC-faust-posjet-becu-6-1024x1024.jpg\" alt=\"\" class=\"wp-image-3475\" srcset=\"https:\/\/mc-faustvrancic.com\/wp-content\/uploads\/2025\/03\/MC-faust-posjet-becu-6-1024x1024.jpg 1024w, https:\/\/mc-faustvrancic.com\/wp-content\/uploads\/2025\/03\/MC-faust-posjet-becu-6-300x300.jpg 300w, https:\/\/mc-faustvrancic.com\/wp-content\/uploads\/2025\/03\/MC-faust-posjet-becu-6-150x150.jpg 150w, https:\/\/mc-faustvrancic.com\/wp-content\/uploads\/2025\/03\/MC-faust-posjet-becu-6-768x769.jpg 768w, https:\/\/mc-faustvrancic.com\/wp-content\/uploads\/2025\/03\/MC-faust-posjet-becu-6-12x12.jpg 12w, https:\/\/mc-faustvrancic.com\/wp-content\/uploads\/2025\/03\/MC-faust-posjet-becu-6.jpg 1438w\" sizes=\"(max-width: 1024px) 100vw, 1024px\" \/><\/figure>\n\n\n\n<p><br>Ovim putem se zahvaljujemo na odazivu i ugodnom razgovoru sa publikom kojoj je Zlatka u svom predavanju prezentirala \u017eivot i rad na\u0161eg velikana te predstavila rad Memorijalnog centra.<br>Hrvatski centar u Be\u010du je krovna organizacija gradi\u0161\u0107anskih Hrvata, te djeluje kao kulturna, obrazovna, informacijska i servisna institucija za cijelu hrvatsku zajednicu u Be\u010du. Ovom prilikom se posebno zahvaljujemo Silviji Degendorfer (ro\u0111ena Bucoli\u0107, potomak gradi\u0161\u0107anskih Hrvata), novinarki i urednici Hrvatske redakcije pri austrijskoj nacionalnoj televiziji ORF, na suradnji i susretljivosti, te Adrijani Markon Jur\u010di\u0107 iz Hrvatskog centra.<\/p>\n\n\n\n<figure class=\"wp-block-gallery has-nested-images columns-default is-cropped wp-block-gallery-1 is-layout-flex wp-block-gallery-is-layout-flex\">\n<figure class=\"wp-block-image size-large\"><img decoding=\"async\" width=\"1024\" height=\"1024\" data-id=\"3479\" src=\"https:\/\/mc-faustvrancic.com\/wp-content\/uploads\/2025\/03\/MC-faust-posjet-becu-5-1024x1024.jpg\" alt=\"\" class=\"wp-image-3479\" srcset=\"https:\/\/mc-faustvrancic.com\/wp-content\/uploads\/2025\/03\/MC-faust-posjet-becu-5-1024x1024.jpg 1024w, https:\/\/mc-faustvrancic.com\/wp-content\/uploads\/2025\/03\/MC-faust-posjet-becu-5-300x300.jpg 300w, https:\/\/mc-faustvrancic.com\/wp-content\/uploads\/2025\/03\/MC-faust-posjet-becu-5-150x150.jpg 150w, https:\/\/mc-faustvrancic.com\/wp-content\/uploads\/2025\/03\/MC-faust-posjet-becu-5-768x769.jpg 768w, https:\/\/mc-faustvrancic.com\/wp-content\/uploads\/2025\/03\/MC-faust-posjet-becu-5-12x12.jpg 12w, https:\/\/mc-faustvrancic.com\/wp-content\/uploads\/2025\/03\/MC-faust-posjet-becu-5.jpg 1439w\" sizes=\"(max-width: 1024px) 100vw, 1024px\" \/><\/figure>\n\n\n\n<figure class=\"wp-block-image size-large\"><img decoding=\"async\" width=\"1024\" height=\"1024\" data-id=\"3478\" src=\"https:\/\/mc-faustvrancic.com\/wp-content\/uploads\/2025\/03\/MC-faust-posjet-becu-4-1024x1024.jpg\" alt=\"\" class=\"wp-image-3478\" srcset=\"https:\/\/mc-faustvrancic.com\/wp-content\/uploads\/2025\/03\/MC-faust-posjet-becu-4-1024x1024.jpg 1024w, https:\/\/mc-faustvrancic.com\/wp-content\/uploads\/2025\/03\/MC-faust-posjet-becu-4-300x300.jpg 300w, https:\/\/mc-faustvrancic.com\/wp-content\/uploads\/2025\/03\/MC-faust-posjet-becu-4-150x150.jpg 150w, https:\/\/mc-faustvrancic.com\/wp-content\/uploads\/2025\/03\/MC-faust-posjet-becu-4-768x769.jpg 768w, https:\/\/mc-faustvrancic.com\/wp-content\/uploads\/2025\/03\/MC-faust-posjet-becu-4-12x12.jpg 12w, https:\/\/mc-faustvrancic.com\/wp-content\/uploads\/2025\/03\/MC-faust-posjet-becu-4.jpg 1439w\" sizes=\"(max-width: 1024px) 100vw, 1024px\" \/><\/figure>\n\n\n\n<figure class=\"wp-block-image size-large\"><img loading=\"lazy\" decoding=\"async\" width=\"1024\" height=\"577\" data-id=\"3480\" src=\"https:\/\/mc-faustvrancic.com\/wp-content\/uploads\/2025\/03\/MC-faust-posjet-becu-7-1024x577.jpg\" alt=\"\" class=\"wp-image-3480\" srcset=\"https:\/\/mc-faustvrancic.com\/wp-content\/uploads\/2025\/03\/MC-faust-posjet-becu-7-1024x577.jpg 1024w, https:\/\/mc-faustvrancic.com\/wp-content\/uploads\/2025\/03\/MC-faust-posjet-becu-7-300x169.jpg 300w, https:\/\/mc-faustvrancic.com\/wp-content\/uploads\/2025\/03\/MC-faust-posjet-becu-7-768x432.jpg 768w, https:\/\/mc-faustvrancic.com\/wp-content\/uploads\/2025\/03\/MC-faust-posjet-becu-7-1536x865.jpg 1536w, https:\/\/mc-faustvrancic.com\/wp-content\/uploads\/2025\/03\/MC-faust-posjet-becu-7-18x10.jpg 18w, https:\/\/mc-faustvrancic.com\/wp-content\/uploads\/2025\/03\/MC-faust-posjet-becu-7.jpg 2048w\" sizes=\"(max-width: 1024px) 100vw, 1024px\" \/><\/figure>\n\n\n\n<figure class=\"wp-block-image size-large\"><img loading=\"lazy\" decoding=\"async\" width=\"1024\" height=\"1024\" data-id=\"3477\" src=\"https:\/\/mc-faustvrancic.com\/wp-content\/uploads\/2025\/03\/MC-faust-posjet-becu-3-1024x1024.jpg\" alt=\"\" class=\"wp-image-3477\" srcset=\"https:\/\/mc-faustvrancic.com\/wp-content\/uploads\/2025\/03\/MC-faust-posjet-becu-3-1024x1024.jpg 1024w, https:\/\/mc-faustvrancic.com\/wp-content\/uploads\/2025\/03\/MC-faust-posjet-becu-3-300x300.jpg 300w, https:\/\/mc-faustvrancic.com\/wp-content\/uploads\/2025\/03\/MC-faust-posjet-becu-3-150x150.jpg 150w, https:\/\/mc-faustvrancic.com\/wp-content\/uploads\/2025\/03\/MC-faust-posjet-becu-3-768x769.jpg 768w, https:\/\/mc-faustvrancic.com\/wp-content\/uploads\/2025\/03\/MC-faust-posjet-becu-3-12x12.jpg 12w, https:\/\/mc-faustvrancic.com\/wp-content\/uploads\/2025\/03\/MC-faust-posjet-becu-3.jpg 1438w\" sizes=\"(max-width: 1024px) 100vw, 1024px\" \/><\/figure>\n\n\n\n<figure class=\"wp-block-image size-large\"><img loading=\"lazy\" decoding=\"async\" width=\"1024\" height=\"1024\" data-id=\"3476\" src=\"https:\/\/mc-faustvrancic.com\/wp-content\/uploads\/2025\/03\/MC-faust-posjet-becu-2-1024x1024.jpg\" alt=\"\" class=\"wp-image-3476\" srcset=\"https:\/\/mc-faustvrancic.com\/wp-content\/uploads\/2025\/03\/MC-faust-posjet-becu-2-1024x1024.jpg 1024w, https:\/\/mc-faustvrancic.com\/wp-content\/uploads\/2025\/03\/MC-faust-posjet-becu-2-300x300.jpg 300w, https:\/\/mc-faustvrancic.com\/wp-content\/uploads\/2025\/03\/MC-faust-posjet-becu-2-150x150.jpg 150w, https:\/\/mc-faustvrancic.com\/wp-content\/uploads\/2025\/03\/MC-faust-posjet-becu-2-768x768.jpg 768w, https:\/\/mc-faustvrancic.com\/wp-content\/uploads\/2025\/03\/MC-faust-posjet-becu-2-12x12.jpg 12w, https:\/\/mc-faustvrancic.com\/wp-content\/uploads\/2025\/03\/MC-faust-posjet-becu-2.jpg 1440w\" sizes=\"(max-width: 1024px) 100vw, 1024px\" \/><\/figure>\n<\/figure>","protected":false},"excerpt":{"rendered":"<p>Sredinom o\u017eujka posjetile smo Be\u010d, grad iznimne kulture i bogate povijesti zahvaljuju\u0107i velikoj ostav\u0161tini Habsburgovaca. Faust Vran\u010di\u0107 je boravio u Be\u010du, a tu su studirali i Faustov otac Mihovil i njegov brat Antun, Faustov stric i mecena. Iz tog perioda njihovog \u017eivota imamo malo saznanja te se nadamo da \u0107emo ih imati prilike istra\u017eiti u [&hellip;]<\/p>","protected":false},"author":2,"featured_media":3474,"comment_status":"open","ping_status":"open","sticky":false,"template":"","format":"standard","meta":{"_acf_changed":false,"footnotes":""},"categories":[1],"tags":[],"class_list":["post-3473","post","type-post","status-publish","format-standard","has-post-thumbnail","hentry","category-novosti"],"acf":[],"yoast_head":"<!-- This site is optimized with the Yoast SEO plugin v26.8 - https:\/\/yoast.com\/product\/yoast-seo-wordpress\/ -->\n<title>Predavanje u Be\u010du: &quot;Faust Vran\u010di\u0107-lete\u0107i \u010dovjek - lik, djelo i naslje\u0111e hrvatskog velikana&quot; - Memorijalni centar Faust Vran\u010di\u0107<\/title>\n<meta name=\"robots\" content=\"index, follow, max-snippet:-1, max-image-preview:large, max-video-preview:-1\" \/>\n<link rel=\"canonical\" href=\"https:\/\/mc-faustvrancic.com\/en\/2025\/03\/31\/predavanje-u-becu-faust-vrancic-leteci-covjek-lik-djelo-i-nasljede-hrvatskog-velikana\/\" \/>\n<meta property=\"og:locale\" content=\"en_GB\" \/>\n<meta property=\"og:type\" content=\"article\" \/>\n<meta property=\"og:title\" content=\"Predavanje u Be\u010du: &quot;Faust Vran\u010di\u0107-lete\u0107i \u010dovjek - lik, djelo i naslje\u0111e hrvatskog velikana&quot; - Memorijalni centar Faust Vran\u010di\u0107\" \/>\n<meta property=\"og:description\" content=\"Sredinom o\u017eujka posjetile smo Be\u010d, grad iznimne kulture i bogate povijesti zahvaljuju\u0107i velikoj ostav\u0161tini Habsburgovaca. Faust Vran\u010di\u0107 je boravio u Be\u010du, a tu su studirali i Faustov otac Mihovil i njegov brat Antun, Faustov stric i mecena. Iz tog perioda njihovog \u017eivota imamo malo saznanja te se nadamo da \u0107emo ih imati prilike istra\u017eiti u [&hellip;]\" \/>\n<meta property=\"og:url\" content=\"https:\/\/mc-faustvrancic.com\/en\/2025\/03\/31\/predavanje-u-becu-faust-vrancic-leteci-covjek-lik-djelo-i-nasljede-hrvatskog-velikana\/\" \/>\n<meta property=\"og:site_name\" content=\"Memorijalni centar Faust Vran\u010di\u0107\" \/>\n<meta property=\"article:publisher\" content=\"https:\/\/web.facebook.com\/mcfaustvrancic\/\" \/>\n<meta property=\"article:published_time\" content=\"2025-03-31T11:01:16+00:00\" \/>\n<meta property=\"article:modified_time\" content=\"2025-03-31T11:29:25+00:00\" \/>\n<meta property=\"og:image\" content=\"https:\/\/mc-faustvrancic.com\/wp-content\/uploads\/2025\/03\/MC-faust-posjet-becu-1.jpg\" \/>\n\t<meta property=\"og:image:width\" content=\"1439\" \/>\n\t<meta property=\"og:image:height\" content=\"1440\" \/>\n\t<meta property=\"og:image:type\" content=\"image\/jpeg\" \/>\n<meta name=\"author\" content=\"voditeljica\" \/>\n<meta name=\"twitter:card\" content=\"summary_large_image\" \/>\n<meta name=\"twitter:label1\" content=\"Written by\" \/>\n\t<meta name=\"twitter:data1\" content=\"voditeljica\" \/>\n\t<meta name=\"twitter:label2\" content=\"Estimated reading time\" \/>\n\t<meta name=\"twitter:data2\" content=\"3 minutes\" \/>\n<script type=\"application\/ld+json\" class=\"yoast-schema-graph\">{\"@context\":\"https:\/\/schema.org\",\"@graph\":[{\"@type\":\"Article\",\"@id\":\"https:\/\/mc-faustvrancic.com\/2025\/03\/31\/predavanje-u-becu-faust-vrancic-leteci-covjek-lik-djelo-i-nasljede-hrvatskog-velikana\/#article\",\"isPartOf\":{\"@id\":\"https:\/\/mc-faustvrancic.com\/2025\/03\/31\/predavanje-u-becu-faust-vrancic-leteci-covjek-lik-djelo-i-nasljede-hrvatskog-velikana\/\"},\"author\":{\"name\":\"voditeljica\",\"@id\":\"https:\/\/mc-faustvrancic.com\/#\/schema\/person\/17e9b726fd54cbad9b6d299e91782093\"},\"headline\":\"Predavanje u Be\u010du: &#8220;Faust Vran\u010di\u0107-lete\u0107i \u010dovjek &#8211; lik, djelo i naslje\u0111e hrvatskog velikana&#8221;\",\"datePublished\":\"2025-03-31T11:01:16+00:00\",\"dateModified\":\"2025-03-31T11:29:25+00:00\",\"mainEntityOfPage\":{\"@id\":\"https:\/\/mc-faustvrancic.com\/2025\/03\/31\/predavanje-u-becu-faust-vrancic-leteci-covjek-lik-djelo-i-nasljede-hrvatskog-velikana\/\"},\"wordCount\":221,\"commentCount\":0,\"publisher\":{\"@id\":\"https:\/\/mc-faustvrancic.com\/#organization\"},\"image\":{\"@id\":\"https:\/\/mc-faustvrancic.com\/2025\/03\/31\/predavanje-u-becu-faust-vrancic-leteci-covjek-lik-djelo-i-nasljede-hrvatskog-velikana\/#primaryimage\"},\"thumbnailUrl\":\"https:\/\/mc-faustvrancic.com\/wp-content\/uploads\/2025\/03\/MC-faust-posjet-becu-1.jpg\",\"articleSection\":[\"Novosti\"],\"inLanguage\":\"en-GB\",\"potentialAction\":[{\"@type\":\"CommentAction\",\"name\":\"Comment\",\"target\":[\"https:\/\/mc-faustvrancic.com\/2025\/03\/31\/predavanje-u-becu-faust-vrancic-leteci-covjek-lik-djelo-i-nasljede-hrvatskog-velikana\/#respond\"]}]},{\"@type\":\"WebPage\",\"@id\":\"https:\/\/mc-faustvrancic.com\/2025\/03\/31\/predavanje-u-becu-faust-vrancic-leteci-covjek-lik-djelo-i-nasljede-hrvatskog-velikana\/\",\"url\":\"https:\/\/mc-faustvrancic.com\/2025\/03\/31\/predavanje-u-becu-faust-vrancic-leteci-covjek-lik-djelo-i-nasljede-hrvatskog-velikana\/\",\"name\":\"Predavanje u Be\u010du: \\\"Faust Vran\u010di\u0107-lete\u0107i \u010dovjek - lik, djelo i naslje\u0111e hrvatskog velikana\\\" - Memorijalni centar Faust Vran\u010di\u0107\",\"isPartOf\":{\"@id\":\"https:\/\/mc-faustvrancic.com\/#website\"},\"primaryImageOfPage\":{\"@id\":\"https:\/\/mc-faustvrancic.com\/2025\/03\/31\/predavanje-u-becu-faust-vrancic-leteci-covjek-lik-djelo-i-nasljede-hrvatskog-velikana\/#primaryimage\"},\"image\":{\"@id\":\"https:\/\/mc-faustvrancic.com\/2025\/03\/31\/predavanje-u-becu-faust-vrancic-leteci-covjek-lik-djelo-i-nasljede-hrvatskog-velikana\/#primaryimage\"},\"thumbnailUrl\":\"https:\/\/mc-faustvrancic.com\/wp-content\/uploads\/2025\/03\/MC-faust-posjet-becu-1.jpg\",\"datePublished\":\"2025-03-31T11:01:16+00:00\",\"dateModified\":\"2025-03-31T11:29:25+00:00\",\"breadcrumb\":{\"@id\":\"https:\/\/mc-faustvrancic.com\/2025\/03\/31\/predavanje-u-becu-faust-vrancic-leteci-covjek-lik-djelo-i-nasljede-hrvatskog-velikana\/#breadcrumb\"},\"inLanguage\":\"en-GB\",\"potentialAction\":[{\"@type\":\"ReadAction\",\"target\":[\"https:\/\/mc-faustvrancic.com\/2025\/03\/31\/predavanje-u-becu-faust-vrancic-leteci-covjek-lik-djelo-i-nasljede-hrvatskog-velikana\/\"]}]},{\"@type\":\"ImageObject\",\"inLanguage\":\"en-GB\",\"@id\":\"https:\/\/mc-faustvrancic.com\/2025\/03\/31\/predavanje-u-becu-faust-vrancic-leteci-covjek-lik-djelo-i-nasljede-hrvatskog-velikana\/#primaryimage\",\"url\":\"https:\/\/mc-faustvrancic.com\/wp-content\/uploads\/2025\/03\/MC-faust-posjet-becu-1.jpg\",\"contentUrl\":\"https:\/\/mc-faustvrancic.com\/wp-content\/uploads\/2025\/03\/MC-faust-posjet-becu-1.jpg\",\"width\":1439,\"height\":1440},{\"@type\":\"BreadcrumbList\",\"@id\":\"https:\/\/mc-faustvrancic.com\/2025\/03\/31\/predavanje-u-becu-faust-vrancic-leteci-covjek-lik-djelo-i-nasljede-hrvatskog-velikana\/#breadcrumb\",\"itemListElement\":[{\"@type\":\"ListItem\",\"position\":1,\"name\":\"Po\u010detna stranica\",\"item\":\"https:\/\/mc-faustvrancic.com\/\"},{\"@type\":\"ListItem\",\"position\":2,\"name\":\"Predavanje u Be\u010du: &#8220;Faust Vran\u010di\u0107-lete\u0107i \u010dovjek &#8211; lik, djelo i naslje\u0111e hrvatskog velikana&#8221;\"}]},{\"@type\":\"WebSite\",\"@id\":\"https:\/\/mc-faustvrancic.com\/#website\",\"url\":\"https:\/\/mc-faustvrancic.com\/\",\"name\":\"Memorijalni centar Faust Vran\u010di\u0107\",\"description\":\"\",\"publisher\":{\"@id\":\"https:\/\/mc-faustvrancic.com\/#organization\"},\"alternateName\":\"MC Faust Vran\u010di\u0107\",\"potentialAction\":[{\"@type\":\"SearchAction\",\"target\":{\"@type\":\"EntryPoint\",\"urlTemplate\":\"https:\/\/mc-faustvrancic.com\/?s={search_term_string}\"},\"query-input\":{\"@type\":\"PropertyValueSpecification\",\"valueRequired\":true,\"valueName\":\"search_term_string\"}}],\"inLanguage\":\"en-GB\"},{\"@type\":\"Organization\",\"@id\":\"https:\/\/mc-faustvrancic.com\/#organization\",\"name\":\"Memorijalni centar Faust Vran\u010di\u0107\",\"alternateName\":\"MC Faust Vran\u010di\u0107\",\"url\":\"https:\/\/mc-faustvrancic.com\/\",\"logo\":{\"@type\":\"ImageObject\",\"inLanguage\":\"en-GB\",\"@id\":\"https:\/\/mc-faustvrancic.com\/#\/schema\/logo\/image\/\",\"url\":\"https:\/\/mc-faustvrancic.com\/wp-content\/uploads\/2024\/04\/logo-crni.png\",\"contentUrl\":\"https:\/\/mc-faustvrancic.com\/wp-content\/uploads\/2024\/04\/logo-crni.png\",\"width\":265,\"height\":105,\"caption\":\"Memorijalni centar Faust Vran\u010di\u0107\"},\"image\":{\"@id\":\"https:\/\/mc-faustvrancic.com\/#\/schema\/logo\/image\/\"},\"sameAs\":[\"https:\/\/web.facebook.com\/mcfaustvrancic\/\",\"https:\/\/www.instagram.com\/mc_faustvrancic\/?hl=en&fbclid=IwAR3-lbIw4tS0ZANoVqEKrrp9z8DwHtc19D8cB-ZTRDNj_jnack8SHd6OaEA\",\"https:\/\/www.youtube.com\/channel\/UCcG32Ni5Grugo6ZdoE4mXkQ\"]},{\"@type\":\"Person\",\"@id\":\"https:\/\/mc-faustvrancic.com\/#\/schema\/person\/17e9b726fd54cbad9b6d299e91782093\",\"name\":\"voditeljica\",\"image\":{\"@type\":\"ImageObject\",\"inLanguage\":\"en-GB\",\"@id\":\"https:\/\/mc-faustvrancic.com\/#\/schema\/person\/image\/\",\"url\":\"https:\/\/secure.gravatar.com\/avatar\/b9435005caa914b461d24f86eb524df8917f491e3cff9025e6a0e314160cb0c1?s=96&r=g\",\"contentUrl\":\"https:\/\/secure.gravatar.com\/avatar\/b9435005caa914b461d24f86eb524df8917f491e3cff9025e6a0e314160cb0c1?s=96&r=g\",\"caption\":\"voditeljica\"},\"url\":\"https:\/\/mc-faustvrancic.com\/en\/author\/voditeljica\/\"}]}<\/script>\n<!-- \/ Yoast SEO plugin. -->","yoast_head_json":{"title":"Predavanje u Be\u010du: \"Faust Vran\u010di\u0107-lete\u0107i \u010dovjek - lik, djelo i naslje\u0111e hrvatskog velikana\" - Memorijalni centar Faust Vran\u010di\u0107","robots":{"index":"index","follow":"follow","max-snippet":"max-snippet:-1","max-image-preview":"max-image-preview:large","max-video-preview":"max-video-preview:-1"},"canonical":"https:\/\/mc-faustvrancic.com\/en\/2025\/03\/31\/predavanje-u-becu-faust-vrancic-leteci-covjek-lik-djelo-i-nasljede-hrvatskog-velikana\/","og_locale":"en_GB","og_type":"article","og_title":"Predavanje u Be\u010du: \"Faust Vran\u010di\u0107-lete\u0107i \u010dovjek - lik, djelo i naslje\u0111e hrvatskog velikana\" - Memorijalni centar Faust Vran\u010di\u0107","og_description":"Sredinom o\u017eujka posjetile smo Be\u010d, grad iznimne kulture i bogate povijesti zahvaljuju\u0107i velikoj ostav\u0161tini Habsburgovaca. Faust Vran\u010di\u0107 je boravio u Be\u010du, a tu su studirali i Faustov otac Mihovil i njegov brat Antun, Faustov stric i mecena. Iz tog perioda njihovog \u017eivota imamo malo saznanja te se nadamo da \u0107emo ih imati prilike istra\u017eiti u [&hellip;]","og_url":"https:\/\/mc-faustvrancic.com\/en\/2025\/03\/31\/predavanje-u-becu-faust-vrancic-leteci-covjek-lik-djelo-i-nasljede-hrvatskog-velikana\/","og_site_name":"Memorijalni centar Faust Vran\u010di\u0107","article_publisher":"https:\/\/web.facebook.com\/mcfaustvrancic\/","article_published_time":"2025-03-31T11:01:16+00:00","article_modified_time":"2025-03-31T11:29:25+00:00","og_image":[{"width":1439,"height":1440,"url":"https:\/\/mc-faustvrancic.com\/wp-content\/uploads\/2025\/03\/MC-faust-posjet-becu-1.jpg","type":"image\/jpeg"}],"author":"voditeljica","twitter_card":"summary_large_image","twitter_misc":{"Written by":"voditeljica","Estimated reading time":"3 minutes"},"schema":{"@context":"https:\/\/schema.org","@graph":[{"@type":"Article","@id":"https:\/\/mc-faustvrancic.com\/2025\/03\/31\/predavanje-u-becu-faust-vrancic-leteci-covjek-lik-djelo-i-nasljede-hrvatskog-velikana\/#article","isPartOf":{"@id":"https:\/\/mc-faustvrancic.com\/2025\/03\/31\/predavanje-u-becu-faust-vrancic-leteci-covjek-lik-djelo-i-nasljede-hrvatskog-velikana\/"},"author":{"name":"voditeljica","@id":"https:\/\/mc-faustvrancic.com\/#\/schema\/person\/17e9b726fd54cbad9b6d299e91782093"},"headline":"Predavanje u Be\u010du: &#8220;Faust Vran\u010di\u0107-lete\u0107i \u010dovjek &#8211; lik, djelo i naslje\u0111e hrvatskog velikana&#8221;","datePublished":"2025-03-31T11:01:16+00:00","dateModified":"2025-03-31T11:29:25+00:00","mainEntityOfPage":{"@id":"https:\/\/mc-faustvrancic.com\/2025\/03\/31\/predavanje-u-becu-faust-vrancic-leteci-covjek-lik-djelo-i-nasljede-hrvatskog-velikana\/"},"wordCount":221,"commentCount":0,"publisher":{"@id":"https:\/\/mc-faustvrancic.com\/#organization"},"image":{"@id":"https:\/\/mc-faustvrancic.com\/2025\/03\/31\/predavanje-u-becu-faust-vrancic-leteci-covjek-lik-djelo-i-nasljede-hrvatskog-velikana\/#primaryimage"},"thumbnailUrl":"https:\/\/mc-faustvrancic.com\/wp-content\/uploads\/2025\/03\/MC-faust-posjet-becu-1.jpg","articleSection":["Novosti"],"inLanguage":"en-GB","potentialAction":[{"@type":"CommentAction","name":"Comment","target":["https:\/\/mc-faustvrancic.com\/2025\/03\/31\/predavanje-u-becu-faust-vrancic-leteci-covjek-lik-djelo-i-nasljede-hrvatskog-velikana\/#respond"]}]},{"@type":"WebPage","@id":"https:\/\/mc-faustvrancic.com\/2025\/03\/31\/predavanje-u-becu-faust-vrancic-leteci-covjek-lik-djelo-i-nasljede-hrvatskog-velikana\/","url":"https:\/\/mc-faustvrancic.com\/2025\/03\/31\/predavanje-u-becu-faust-vrancic-leteci-covjek-lik-djelo-i-nasljede-hrvatskog-velikana\/","name":"Predavanje u Be\u010du: \"Faust Vran\u010di\u0107-lete\u0107i \u010dovjek - lik, djelo i naslje\u0111e hrvatskog velikana\" - Memorijalni centar Faust Vran\u010di\u0107","isPartOf":{"@id":"https:\/\/mc-faustvrancic.com\/#website"},"primaryImageOfPage":{"@id":"https:\/\/mc-faustvrancic.com\/2025\/03\/31\/predavanje-u-becu-faust-vrancic-leteci-covjek-lik-djelo-i-nasljede-hrvatskog-velikana\/#primaryimage"},"image":{"@id":"https:\/\/mc-faustvrancic.com\/2025\/03\/31\/predavanje-u-becu-faust-vrancic-leteci-covjek-lik-djelo-i-nasljede-hrvatskog-velikana\/#primaryimage"},"thumbnailUrl":"https:\/\/mc-faustvrancic.com\/wp-content\/uploads\/2025\/03\/MC-faust-posjet-becu-1.jpg","datePublished":"2025-03-31T11:01:16+00:00","dateModified":"2025-03-31T11:29:25+00:00","breadcrumb":{"@id":"https:\/\/mc-faustvrancic.com\/2025\/03\/31\/predavanje-u-becu-faust-vrancic-leteci-covjek-lik-djelo-i-nasljede-hrvatskog-velikana\/#breadcrumb"},"inLanguage":"en-GB","potentialAction":[{"@type":"ReadAction","target":["https:\/\/mc-faustvrancic.com\/2025\/03\/31\/predavanje-u-becu-faust-vrancic-leteci-covjek-lik-djelo-i-nasljede-hrvatskog-velikana\/"]}]},{"@type":"ImageObject","inLanguage":"en-GB","@id":"https:\/\/mc-faustvrancic.com\/2025\/03\/31\/predavanje-u-becu-faust-vrancic-leteci-covjek-lik-djelo-i-nasljede-hrvatskog-velikana\/#primaryimage","url":"https:\/\/mc-faustvrancic.com\/wp-content\/uploads\/2025\/03\/MC-faust-posjet-becu-1.jpg","contentUrl":"https:\/\/mc-faustvrancic.com\/wp-content\/uploads\/2025\/03\/MC-faust-posjet-becu-1.jpg","width":1439,"height":1440},{"@type":"BreadcrumbList","@id":"https:\/\/mc-faustvrancic.com\/2025\/03\/31\/predavanje-u-becu-faust-vrancic-leteci-covjek-lik-djelo-i-nasljede-hrvatskog-velikana\/#breadcrumb","itemListElement":[{"@type":"ListItem","position":1,"name":"Po\u010detna stranica","item":"https:\/\/mc-faustvrancic.com\/"},{"@type":"ListItem","position":2,"name":"Predavanje u Be\u010du: &#8220;Faust Vran\u010di\u0107-lete\u0107i \u010dovjek &#8211; lik, djelo i naslje\u0111e hrvatskog velikana&#8221;"}]},{"@type":"WebSite","@id":"https:\/\/mc-faustvrancic.com\/#website","url":"https:\/\/mc-faustvrancic.com\/","name":"Memorijalni centar Faust Vran\u010di\u0107","description":"","publisher":{"@id":"https:\/\/mc-faustvrancic.com\/#organization"},"alternateName":"MC Faust Vran\u010di\u0107","potentialAction":[{"@type":"SearchAction","target":{"@type":"EntryPoint","urlTemplate":"https:\/\/mc-faustvrancic.com\/?s={search_term_string}"},"query-input":{"@type":"PropertyValueSpecification","valueRequired":true,"valueName":"search_term_string"}}],"inLanguage":"en-GB"},{"@type":"Organization","@id":"https:\/\/mc-faustvrancic.com\/#organization","name":"Memorijalni centar Faust Vran\u010di\u0107","alternateName":"MC Faust Vran\u010di\u0107","url":"https:\/\/mc-faustvrancic.com\/","logo":{"@type":"ImageObject","inLanguage":"en-GB","@id":"https:\/\/mc-faustvrancic.com\/#\/schema\/logo\/image\/","url":"https:\/\/mc-faustvrancic.com\/wp-content\/uploads\/2024\/04\/logo-crni.png","contentUrl":"https:\/\/mc-faustvrancic.com\/wp-content\/uploads\/2024\/04\/logo-crni.png","width":265,"height":105,"caption":"Memorijalni centar Faust Vran\u010di\u0107"},"image":{"@id":"https:\/\/mc-faustvrancic.com\/#\/schema\/logo\/image\/"},"sameAs":["https:\/\/web.facebook.com\/mcfaustvrancic\/","https:\/\/www.instagram.com\/mc_faustvrancic\/?hl=en&fbclid=IwAR3-lbIw4tS0ZANoVqEKrrp9z8DwHtc19D8cB-ZTRDNj_jnack8SHd6OaEA","https:\/\/www.youtube.com\/channel\/UCcG32Ni5Grugo6ZdoE4mXkQ"]},{"@type":"Person","@id":"https:\/\/mc-faustvrancic.com\/#\/schema\/person\/17e9b726fd54cbad9b6d299e91782093","name":"voditeljica","image":{"@type":"ImageObject","inLanguage":"en-GB","@id":"https:\/\/mc-faustvrancic.com\/#\/schema\/person\/image\/","url":"https:\/\/secure.gravatar.com\/avatar\/b9435005caa914b461d24f86eb524df8917f491e3cff9025e6a0e314160cb0c1?s=96&r=g","contentUrl":"https:\/\/secure.gravatar.com\/avatar\/b9435005caa914b461d24f86eb524df8917f491e3cff9025e6a0e314160cb0c1?s=96&r=g","caption":"voditeljica"},"url":"https:\/\/mc-faustvrancic.com\/en\/author\/voditeljica\/"}]}},"_links":{"self":[{"href":"https:\/\/mc-faustvrancic.com\/en\/wp-json\/wp\/v2\/posts\/3473","targetHints":{"allow":["GET"]}}],"collection":[{"href":"https:\/\/mc-faustvrancic.com\/en\/wp-json\/wp\/v2\/posts"}],"about":[{"href":"https:\/\/mc-faustvrancic.com\/en\/wp-json\/wp\/v2\/types\/post"}],"author":[{"embeddable":true,"href":"https:\/\/mc-faustvrancic.com\/en\/wp-json\/wp\/v2\/users\/2"}],"replies":[{"embeddable":true,"href":"https:\/\/mc-faustvrancic.com\/en\/wp-json\/wp\/v2\/comments?post=3473"}],"version-history":[{"count":3,"href":"https:\/\/mc-faustvrancic.com\/en\/wp-json\/wp\/v2\/posts\/3473\/revisions"}],"predecessor-version":[{"id":3484,"href":"https:\/\/mc-faustvrancic.com\/en\/wp-json\/wp\/v2\/posts\/3473\/revisions\/3484"}],"wp:featuredmedia":[{"embeddable":true,"href":"https:\/\/mc-faustvrancic.com\/en\/wp-json\/wp\/v2\/media\/3474"}],"wp:attachment":[{"href":"https:\/\/mc-faustvrancic.com\/en\/wp-json\/wp\/v2\/media?parent=3473"}],"wp:term":[{"taxonomy":"category","embeddable":true,"href":"https:\/\/mc-faustvrancic.com\/en\/wp-json\/wp\/v2\/categories?post=3473"},{"taxonomy":"post_tag","embeddable":true,"href":"https:\/\/mc-faustvrancic.com\/en\/wp-json\/wp\/v2\/tags?post=3473"}],"curies":[{"name":"wp","href":"https:\/\/api.w.org\/{rel}","templated":true}]}}