{"id":3437,"date":"2025-01-28T13:13:35","date_gmt":"2025-01-28T12:13:35","guid":{"rendered":"https:\/\/mc-faustvrancic.com\/?p=3437"},"modified":"2025-01-28T13:13:37","modified_gmt":"2025-01-28T12:13:37","slug":"noc-muzeja-25-program","status":"publish","type":"post","link":"https:\/\/mc-faustvrancic.com\/en\/2025\/01\/28\/noc-muzeja-25-program\/","title":{"rendered":"NO\u0106 MUZEJA &#8217;25 &#8211; PROGRAM"},"content":{"rendered":"<p>Nekad je na\u0161 muzej vidljiviji onima s kopna nego samim oto\u010danima. Njima ga \u010dinimo vidljivijim kad za No\u0107 muzeja, usred duge oto\u010dke zime, pripremimo program upravo za njih (iako su i ostali uvijek dobrodo\u0161li). Lani smo pripremili stru\u010dno vodstvo, kviz o Faustu Vran\u010di\u0107u i muzejsku potragu, \u010dime su bili odu\u0161evljeni i izrazili \u017eelju da se ponovi. <\/p>\n\n\n\n<p>Ove godine, zbog toga jer publika to \u017eeli, nastavljamo s istim uspje\u0161nim konceptom, samo s novim pitanjima, zagonetkama i izazovima. Za vrijeme stru\u010dnog vodstva kroz stalni postav trebat \u0107e pa\u017eljivo slu\u0161ati jer \u0107e upravo iz ispri\u010danog biti izvu\u010dena pitanja na kvizu znanja koji slijedi. Drugi dio igre sastojat \u0107e se od potrage za odgovorima u samom postavu. Za oba dijela su potrebni sovin vid i sluh.<\/p>\n\n\n\n<p>Petak, 31. sije\u010dnja 2025.<\/p>\n\n\n\n<p> PROGRAM: <strong>Igrajmo se s faustom! II<\/strong><\/p>\n\n\n\n<p><strong><\/strong><strong>18.30h Stru\u010dno vodstvo kroz stalni postav<\/strong><\/p>\n\n\n\n<p><strong><\/strong><strong>19:00h Kviz<\/strong><\/p>\n\n\n\n<p><strong><\/strong><strong>19:30h Muzejska potraga<\/strong><\/p>\n\n\n\n<p><strong><\/strong><strong>20:00h Podjela nagrada<\/strong><\/p>\n\n\n\n<p>Budite s nama u jo\u0161 jednoj No\u0107i muzeja!<\/p>\n\n\n\n<p><\/p>","protected":false},"excerpt":{"rendered":"<p>Nekad je na\u0161 muzej vidljiviji onima s kopna nego samim oto\u010danima. Njima ga \u010dinimo vidljivijim kad za No\u0107 muzeja, usred duge oto\u010dke zime, pripremimo program upravo za njih (iako su i ostali uvijek dobrodo\u0161li). Lani smo pripremili stru\u010dno vodstvo, kviz o Faustu Vran\u010di\u0107u i muzejsku potragu, \u010dime su bili odu\u0161evljeni i izrazili \u017eelju da se [&hellip;]<\/p>","protected":false},"author":2,"featured_media":3438,"comment_status":"open","ping_status":"open","sticky":false,"template":"","format":"standard","meta":{"_acf_changed":false,"footnotes":""},"categories":[1],"tags":[],"class_list":["post-3437","post","type-post","status-publish","format-standard","has-post-thumbnail","hentry","category-novosti"],"acf":[],"yoast_head":"<!-- This site is optimized with the Yoast SEO plugin v26.8 - https:\/\/yoast.com\/product\/yoast-seo-wordpress\/ -->\n<title>NO\u0106 MUZEJA &#039;25 - PROGRAM - Memorijalni centar Faust Vran\u010di\u0107<\/title>\n<meta name=\"robots\" content=\"index, follow, max-snippet:-1, max-image-preview:large, max-video-preview:-1\" \/>\n<link rel=\"canonical\" href=\"https:\/\/mc-faustvrancic.com\/en\/2025\/01\/28\/noc-muzeja-25-program\/\" \/>\n<meta property=\"og:locale\" content=\"en_GB\" \/>\n<meta property=\"og:type\" content=\"article\" \/>\n<meta property=\"og:title\" content=\"NO\u0106 MUZEJA &#039;25 - PROGRAM - Memorijalni centar Faust Vran\u010di\u0107\" \/>\n<meta property=\"og:description\" content=\"Nekad je na\u0161 muzej vidljiviji onima s kopna nego samim oto\u010danima. Njima ga \u010dinimo vidljivijim kad za No\u0107 muzeja, usred duge oto\u010dke zime, pripremimo program upravo za njih (iako su i ostali uvijek dobrodo\u0161li). Lani smo pripremili stru\u010dno vodstvo, kviz o Faustu Vran\u010di\u0107u i muzejsku potragu, \u010dime su bili odu\u0161evljeni i izrazili \u017eelju da se [&hellip;]\" \/>\n<meta property=\"og:url\" content=\"https:\/\/mc-faustvrancic.com\/en\/2025\/01\/28\/noc-muzeja-25-program\/\" \/>\n<meta property=\"og:site_name\" content=\"Memorijalni centar Faust Vran\u010di\u0107\" \/>\n<meta property=\"article:publisher\" content=\"https:\/\/web.facebook.com\/mcfaustvrancic\/\" \/>\n<meta property=\"article:published_time\" content=\"2025-01-28T12:13:35+00:00\" \/>\n<meta property=\"article:modified_time\" content=\"2025-01-28T12:13:37+00:00\" \/>\n<meta property=\"og:image\" content=\"https:\/\/mc-faustvrancic.com\/wp-content\/uploads\/2025\/01\/MC-Faust-IG-1080-x-1440-px.png\" \/>\n\t<meta property=\"og:image:width\" content=\"1080\" \/>\n\t<meta property=\"og:image:height\" content=\"1099\" \/>\n\t<meta property=\"og:image:type\" content=\"image\/png\" \/>\n<meta name=\"author\" content=\"voditeljica\" \/>\n<meta name=\"twitter:card\" content=\"summary_large_image\" \/>\n<meta name=\"twitter:label1\" content=\"Written by\" \/>\n\t<meta name=\"twitter:data1\" content=\"voditeljica\" \/>\n\t<meta name=\"twitter:label2\" content=\"Estimated reading time\" \/>\n\t<meta name=\"twitter:data2\" content=\"2 minutes\" \/>\n<script type=\"application\/ld+json\" class=\"yoast-schema-graph\">{\"@context\":\"https:\/\/schema.org\",\"@graph\":[{\"@type\":\"Article\",\"@id\":\"https:\/\/mc-faustvrancic.com\/2025\/01\/28\/noc-muzeja-25-program\/#article\",\"isPartOf\":{\"@id\":\"https:\/\/mc-faustvrancic.com\/2025\/01\/28\/noc-muzeja-25-program\/\"},\"author\":{\"name\":\"voditeljica\",\"@id\":\"https:\/\/mc-faustvrancic.com\/#\/schema\/person\/17e9b726fd54cbad9b6d299e91782093\"},\"headline\":\"NO\u0106 MUZEJA &#8217;25 &#8211; PROGRAM\",\"datePublished\":\"2025-01-28T12:13:35+00:00\",\"dateModified\":\"2025-01-28T12:13:37+00:00\",\"mainEntityOfPage\":{\"@id\":\"https:\/\/mc-faustvrancic.com\/2025\/01\/28\/noc-muzeja-25-program\/\"},\"wordCount\":172,\"commentCount\":0,\"publisher\":{\"@id\":\"https:\/\/mc-faustvrancic.com\/#organization\"},\"image\":{\"@id\":\"https:\/\/mc-faustvrancic.com\/2025\/01\/28\/noc-muzeja-25-program\/#primaryimage\"},\"thumbnailUrl\":\"https:\/\/mc-faustvrancic.com\/wp-content\/uploads\/2025\/01\/MC-Faust-IG-1080-x-1440-px.png\",\"articleSection\":[\"Novosti\"],\"inLanguage\":\"en-GB\",\"potentialAction\":[{\"@type\":\"CommentAction\",\"name\":\"Comment\",\"target\":[\"https:\/\/mc-faustvrancic.com\/2025\/01\/28\/noc-muzeja-25-program\/#respond\"]}]},{\"@type\":\"WebPage\",\"@id\":\"https:\/\/mc-faustvrancic.com\/2025\/01\/28\/noc-muzeja-25-program\/\",\"url\":\"https:\/\/mc-faustvrancic.com\/2025\/01\/28\/noc-muzeja-25-program\/\",\"name\":\"NO\u0106 MUZEJA '25 - PROGRAM - Memorijalni centar Faust Vran\u010di\u0107\",\"isPartOf\":{\"@id\":\"https:\/\/mc-faustvrancic.com\/#website\"},\"primaryImageOfPage\":{\"@id\":\"https:\/\/mc-faustvrancic.com\/2025\/01\/28\/noc-muzeja-25-program\/#primaryimage\"},\"image\":{\"@id\":\"https:\/\/mc-faustvrancic.com\/2025\/01\/28\/noc-muzeja-25-program\/#primaryimage\"},\"thumbnailUrl\":\"https:\/\/mc-faustvrancic.com\/wp-content\/uploads\/2025\/01\/MC-Faust-IG-1080-x-1440-px.png\",\"datePublished\":\"2025-01-28T12:13:35+00:00\",\"dateModified\":\"2025-01-28T12:13:37+00:00\",\"breadcrumb\":{\"@id\":\"https:\/\/mc-faustvrancic.com\/2025\/01\/28\/noc-muzeja-25-program\/#breadcrumb\"},\"inLanguage\":\"en-GB\",\"potentialAction\":[{\"@type\":\"ReadAction\",\"target\":[\"https:\/\/mc-faustvrancic.com\/2025\/01\/28\/noc-muzeja-25-program\/\"]}]},{\"@type\":\"ImageObject\",\"inLanguage\":\"en-GB\",\"@id\":\"https:\/\/mc-faustvrancic.com\/2025\/01\/28\/noc-muzeja-25-program\/#primaryimage\",\"url\":\"https:\/\/mc-faustvrancic.com\/wp-content\/uploads\/2025\/01\/MC-Faust-IG-1080-x-1440-px.png\",\"contentUrl\":\"https:\/\/mc-faustvrancic.com\/wp-content\/uploads\/2025\/01\/MC-Faust-IG-1080-x-1440-px.png\",\"width\":1080,\"height\":1099},{\"@type\":\"BreadcrumbList\",\"@id\":\"https:\/\/mc-faustvrancic.com\/2025\/01\/28\/noc-muzeja-25-program\/#breadcrumb\",\"itemListElement\":[{\"@type\":\"ListItem\",\"position\":1,\"name\":\"Po\u010detna stranica\",\"item\":\"https:\/\/mc-faustvrancic.com\/\"},{\"@type\":\"ListItem\",\"position\":2,\"name\":\"NO\u0106 MUZEJA &#8217;25 &#8211; PROGRAM\"}]},{\"@type\":\"WebSite\",\"@id\":\"https:\/\/mc-faustvrancic.com\/#website\",\"url\":\"https:\/\/mc-faustvrancic.com\/\",\"name\":\"Memorijalni centar Faust Vran\u010di\u0107\",\"description\":\"\",\"publisher\":{\"@id\":\"https:\/\/mc-faustvrancic.com\/#organization\"},\"alternateName\":\"MC Faust Vran\u010di\u0107\",\"potentialAction\":[{\"@type\":\"SearchAction\",\"target\":{\"@type\":\"EntryPoint\",\"urlTemplate\":\"https:\/\/mc-faustvrancic.com\/?s={search_term_string}\"},\"query-input\":{\"@type\":\"PropertyValueSpecification\",\"valueRequired\":true,\"valueName\":\"search_term_string\"}}],\"inLanguage\":\"en-GB\"},{\"@type\":\"Organization\",\"@id\":\"https:\/\/mc-faustvrancic.com\/#organization\",\"name\":\"Memorijalni centar Faust Vran\u010di\u0107\",\"alternateName\":\"MC Faust Vran\u010di\u0107\",\"url\":\"https:\/\/mc-faustvrancic.com\/\",\"logo\":{\"@type\":\"ImageObject\",\"inLanguage\":\"en-GB\",\"@id\":\"https:\/\/mc-faustvrancic.com\/#\/schema\/logo\/image\/\",\"url\":\"https:\/\/mc-faustvrancic.com\/wp-content\/uploads\/2024\/04\/logo-crni.png\",\"contentUrl\":\"https:\/\/mc-faustvrancic.com\/wp-content\/uploads\/2024\/04\/logo-crni.png\",\"width\":265,\"height\":105,\"caption\":\"Memorijalni centar Faust Vran\u010di\u0107\"},\"image\":{\"@id\":\"https:\/\/mc-faustvrancic.com\/#\/schema\/logo\/image\/\"},\"sameAs\":[\"https:\/\/web.facebook.com\/mcfaustvrancic\/\",\"https:\/\/www.instagram.com\/mc_faustvrancic\/?hl=en&fbclid=IwAR3-lbIw4tS0ZANoVqEKrrp9z8DwHtc19D8cB-ZTRDNj_jnack8SHd6OaEA\",\"https:\/\/www.youtube.com\/channel\/UCcG32Ni5Grugo6ZdoE4mXkQ\"]},{\"@type\":\"Person\",\"@id\":\"https:\/\/mc-faustvrancic.com\/#\/schema\/person\/17e9b726fd54cbad9b6d299e91782093\",\"name\":\"voditeljica\",\"image\":{\"@type\":\"ImageObject\",\"inLanguage\":\"en-GB\",\"@id\":\"https:\/\/mc-faustvrancic.com\/#\/schema\/person\/image\/\",\"url\":\"https:\/\/secure.gravatar.com\/avatar\/b9435005caa914b461d24f86eb524df8917f491e3cff9025e6a0e314160cb0c1?s=96&r=g\",\"contentUrl\":\"https:\/\/secure.gravatar.com\/avatar\/b9435005caa914b461d24f86eb524df8917f491e3cff9025e6a0e314160cb0c1?s=96&r=g\",\"caption\":\"voditeljica\"},\"url\":\"https:\/\/mc-faustvrancic.com\/en\/author\/voditeljica\/\"}]}<\/script>\n<!-- \/ Yoast SEO plugin. -->","yoast_head_json":{"title":"NO\u0106 MUZEJA '25 - PROGRAM - Memorijalni centar Faust Vran\u010di\u0107","robots":{"index":"index","follow":"follow","max-snippet":"max-snippet:-1","max-image-preview":"max-image-preview:large","max-video-preview":"max-video-preview:-1"},"canonical":"https:\/\/mc-faustvrancic.com\/en\/2025\/01\/28\/noc-muzeja-25-program\/","og_locale":"en_GB","og_type":"article","og_title":"NO\u0106 MUZEJA '25 - PROGRAM - Memorijalni centar Faust Vran\u010di\u0107","og_description":"Nekad je na\u0161 muzej vidljiviji onima s kopna nego samim oto\u010danima. Njima ga \u010dinimo vidljivijim kad za No\u0107 muzeja, usred duge oto\u010dke zime, pripremimo program upravo za njih (iako su i ostali uvijek dobrodo\u0161li). Lani smo pripremili stru\u010dno vodstvo, kviz o Faustu Vran\u010di\u0107u i muzejsku potragu, \u010dime su bili odu\u0161evljeni i izrazili \u017eelju da se [&hellip;]","og_url":"https:\/\/mc-faustvrancic.com\/en\/2025\/01\/28\/noc-muzeja-25-program\/","og_site_name":"Memorijalni centar Faust Vran\u010di\u0107","article_publisher":"https:\/\/web.facebook.com\/mcfaustvrancic\/","article_published_time":"2025-01-28T12:13:35+00:00","article_modified_time":"2025-01-28T12:13:37+00:00","og_image":[{"width":1080,"height":1099,"url":"https:\/\/mc-faustvrancic.com\/wp-content\/uploads\/2025\/01\/MC-Faust-IG-1080-x-1440-px.png","type":"image\/png"}],"author":"voditeljica","twitter_card":"summary_large_image","twitter_misc":{"Written by":"voditeljica","Estimated reading time":"2 minutes"},"schema":{"@context":"https:\/\/schema.org","@graph":[{"@type":"Article","@id":"https:\/\/mc-faustvrancic.com\/2025\/01\/28\/noc-muzeja-25-program\/#article","isPartOf":{"@id":"https:\/\/mc-faustvrancic.com\/2025\/01\/28\/noc-muzeja-25-program\/"},"author":{"name":"voditeljica","@id":"https:\/\/mc-faustvrancic.com\/#\/schema\/person\/17e9b726fd54cbad9b6d299e91782093"},"headline":"NO\u0106 MUZEJA &#8217;25 &#8211; PROGRAM","datePublished":"2025-01-28T12:13:35+00:00","dateModified":"2025-01-28T12:13:37+00:00","mainEntityOfPage":{"@id":"https:\/\/mc-faustvrancic.com\/2025\/01\/28\/noc-muzeja-25-program\/"},"wordCount":172,"commentCount":0,"publisher":{"@id":"https:\/\/mc-faustvrancic.com\/#organization"},"image":{"@id":"https:\/\/mc-faustvrancic.com\/2025\/01\/28\/noc-muzeja-25-program\/#primaryimage"},"thumbnailUrl":"https:\/\/mc-faustvrancic.com\/wp-content\/uploads\/2025\/01\/MC-Faust-IG-1080-x-1440-px.png","articleSection":["Novosti"],"inLanguage":"en-GB","potentialAction":[{"@type":"CommentAction","name":"Comment","target":["https:\/\/mc-faustvrancic.com\/2025\/01\/28\/noc-muzeja-25-program\/#respond"]}]},{"@type":"WebPage","@id":"https:\/\/mc-faustvrancic.com\/2025\/01\/28\/noc-muzeja-25-program\/","url":"https:\/\/mc-faustvrancic.com\/2025\/01\/28\/noc-muzeja-25-program\/","name":"NO\u0106 MUZEJA '25 - PROGRAM - Memorijalni centar Faust Vran\u010di\u0107","isPartOf":{"@id":"https:\/\/mc-faustvrancic.com\/#website"},"primaryImageOfPage":{"@id":"https:\/\/mc-faustvrancic.com\/2025\/01\/28\/noc-muzeja-25-program\/#primaryimage"},"image":{"@id":"https:\/\/mc-faustvrancic.com\/2025\/01\/28\/noc-muzeja-25-program\/#primaryimage"},"thumbnailUrl":"https:\/\/mc-faustvrancic.com\/wp-content\/uploads\/2025\/01\/MC-Faust-IG-1080-x-1440-px.png","datePublished":"2025-01-28T12:13:35+00:00","dateModified":"2025-01-28T12:13:37+00:00","breadcrumb":{"@id":"https:\/\/mc-faustvrancic.com\/2025\/01\/28\/noc-muzeja-25-program\/#breadcrumb"},"inLanguage":"en-GB","potentialAction":[{"@type":"ReadAction","target":["https:\/\/mc-faustvrancic.com\/2025\/01\/28\/noc-muzeja-25-program\/"]}]},{"@type":"ImageObject","inLanguage":"en-GB","@id":"https:\/\/mc-faustvrancic.com\/2025\/01\/28\/noc-muzeja-25-program\/#primaryimage","url":"https:\/\/mc-faustvrancic.com\/wp-content\/uploads\/2025\/01\/MC-Faust-IG-1080-x-1440-px.png","contentUrl":"https:\/\/mc-faustvrancic.com\/wp-content\/uploads\/2025\/01\/MC-Faust-IG-1080-x-1440-px.png","width":1080,"height":1099},{"@type":"BreadcrumbList","@id":"https:\/\/mc-faustvrancic.com\/2025\/01\/28\/noc-muzeja-25-program\/#breadcrumb","itemListElement":[{"@type":"ListItem","position":1,"name":"Po\u010detna stranica","item":"https:\/\/mc-faustvrancic.com\/"},{"@type":"ListItem","position":2,"name":"NO\u0106 MUZEJA &#8217;25 &#8211; PROGRAM"}]},{"@type":"WebSite","@id":"https:\/\/mc-faustvrancic.com\/#website","url":"https:\/\/mc-faustvrancic.com\/","name":"Memorijalni centar Faust Vran\u010di\u0107","description":"","publisher":{"@id":"https:\/\/mc-faustvrancic.com\/#organization"},"alternateName":"MC Faust Vran\u010di\u0107","potentialAction":[{"@type":"SearchAction","target":{"@type":"EntryPoint","urlTemplate":"https:\/\/mc-faustvrancic.com\/?s={search_term_string}"},"query-input":{"@type":"PropertyValueSpecification","valueRequired":true,"valueName":"search_term_string"}}],"inLanguage":"en-GB"},{"@type":"Organization","@id":"https:\/\/mc-faustvrancic.com\/#organization","name":"Memorijalni centar Faust Vran\u010di\u0107","alternateName":"MC Faust Vran\u010di\u0107","url":"https:\/\/mc-faustvrancic.com\/","logo":{"@type":"ImageObject","inLanguage":"en-GB","@id":"https:\/\/mc-faustvrancic.com\/#\/schema\/logo\/image\/","url":"https:\/\/mc-faustvrancic.com\/wp-content\/uploads\/2024\/04\/logo-crni.png","contentUrl":"https:\/\/mc-faustvrancic.com\/wp-content\/uploads\/2024\/04\/logo-crni.png","width":265,"height":105,"caption":"Memorijalni centar Faust Vran\u010di\u0107"},"image":{"@id":"https:\/\/mc-faustvrancic.com\/#\/schema\/logo\/image\/"},"sameAs":["https:\/\/web.facebook.com\/mcfaustvrancic\/","https:\/\/www.instagram.com\/mc_faustvrancic\/?hl=en&fbclid=IwAR3-lbIw4tS0ZANoVqEKrrp9z8DwHtc19D8cB-ZTRDNj_jnack8SHd6OaEA","https:\/\/www.youtube.com\/channel\/UCcG32Ni5Grugo6ZdoE4mXkQ"]},{"@type":"Person","@id":"https:\/\/mc-faustvrancic.com\/#\/schema\/person\/17e9b726fd54cbad9b6d299e91782093","name":"voditeljica","image":{"@type":"ImageObject","inLanguage":"en-GB","@id":"https:\/\/mc-faustvrancic.com\/#\/schema\/person\/image\/","url":"https:\/\/secure.gravatar.com\/avatar\/b9435005caa914b461d24f86eb524df8917f491e3cff9025e6a0e314160cb0c1?s=96&r=g","contentUrl":"https:\/\/secure.gravatar.com\/avatar\/b9435005caa914b461d24f86eb524df8917f491e3cff9025e6a0e314160cb0c1?s=96&r=g","caption":"voditeljica"},"url":"https:\/\/mc-faustvrancic.com\/en\/author\/voditeljica\/"}]}},"_links":{"self":[{"href":"https:\/\/mc-faustvrancic.com\/en\/wp-json\/wp\/v2\/posts\/3437","targetHints":{"allow":["GET"]}}],"collection":[{"href":"https:\/\/mc-faustvrancic.com\/en\/wp-json\/wp\/v2\/posts"}],"about":[{"href":"https:\/\/mc-faustvrancic.com\/en\/wp-json\/wp\/v2\/types\/post"}],"author":[{"embeddable":true,"href":"https:\/\/mc-faustvrancic.com\/en\/wp-json\/wp\/v2\/users\/2"}],"replies":[{"embeddable":true,"href":"https:\/\/mc-faustvrancic.com\/en\/wp-json\/wp\/v2\/comments?post=3437"}],"version-history":[{"count":1,"href":"https:\/\/mc-faustvrancic.com\/en\/wp-json\/wp\/v2\/posts\/3437\/revisions"}],"predecessor-version":[{"id":3439,"href":"https:\/\/mc-faustvrancic.com\/en\/wp-json\/wp\/v2\/posts\/3437\/revisions\/3439"}],"wp:featuredmedia":[{"embeddable":true,"href":"https:\/\/mc-faustvrancic.com\/en\/wp-json\/wp\/v2\/media\/3438"}],"wp:attachment":[{"href":"https:\/\/mc-faustvrancic.com\/en\/wp-json\/wp\/v2\/media?parent=3437"}],"wp:term":[{"taxonomy":"category","embeddable":true,"href":"https:\/\/mc-faustvrancic.com\/en\/wp-json\/wp\/v2\/categories?post=3437"},{"taxonomy":"post_tag","embeddable":true,"href":"https:\/\/mc-faustvrancic.com\/en\/wp-json\/wp\/v2\/tags?post=3437"}],"curies":[{"name":"wp","href":"https:\/\/api.w.org\/{rel}","templated":true}]}}