{"id":3421,"date":"2024-11-19T15:17:07","date_gmt":"2024-11-19T14:17:07","guid":{"rendered":"https:\/\/mc-faustvrancic.com\/?p=3421"},"modified":"2024-12-19T15:17:29","modified_gmt":"2024-12-19T14:17:29","slug":"druzenje-s-arheologom-i-krajobraznim-arhitektom-na-prvicu","status":"publish","type":"post","link":"https:\/\/mc-faustvrancic.com\/en\/2024\/11\/19\/druzenje-s-arheologom-i-krajobraznim-arhitektom-na-prvicu\/","title":{"rendered":"Dru\u017eenje s arheologom i krajobraznim arhitektom na Prvi\u0107u"},"content":{"rendered":"<p>U utorak 19.11. imali smo priliku pro\u0161etati Prvi\u0107em s arheologom Andrijom Naki\u0107em iz Javne ustanove Tvr\u0111ave kulture \u0160ibenik i krajobraznim arhitektom Matom Rupi\u0107em do jedne od tzv. baterija na otoku. Mjesto je to na kojem ameri\u010dki studenti krajobrazne arhitekture i srodnih studija u ovih mjesec dana osmi\u0161ljavaju budu\u0107i izgled i namjenu biv\u0161ih vojnih objekata, a sve u sklopu projekata Design&amp;Build i Napunimo baterije!<\/p>\n\n\n\n<p>Nakon obilaska Andrija Naki\u0107 odr\u017eao je u na\u0161em Centru predavanje namijenjeno prvenstveno studentima, s tim da smo dogovorili daljnju suradnju jer mu je namjera istra\u017eiti bunkere i ostale vojne objekte na sva tri uzvi\u0161enja u Prvi\u0107 Luci. To nas, kao \u010duvare ba\u0161tine otoka Prvi\u0107a, posebno raduje jer je taj dio oto\u010dne povijesti nedovoljno istra\u017een, a vrlo je zanimljiv kako doma\u0107im tako i stranim posjetiteljima.<\/p>\n\n\n\n<figure class=\"wp-block-gallery has-nested-images columns-default is-cropped wp-block-gallery-1 is-layout-flex wp-block-gallery-is-layout-flex\">\n<figure class=\"wp-block-image size-large\"><img fetchpriority=\"high\" decoding=\"async\" width=\"576\" height=\"1024\" data-id=\"3426\" src=\"https:\/\/mc-faustvrancic.com\/wp-content\/uploads\/2024\/12\/467587832_1118648513601931_7415106494307806390_n-576x1024.jpg\" alt=\"\" class=\"wp-image-3426\" srcset=\"https:\/\/mc-faustvrancic.com\/wp-content\/uploads\/2024\/12\/467587832_1118648513601931_7415106494307806390_n-576x1024.jpg 576w, https:\/\/mc-faustvrancic.com\/wp-content\/uploads\/2024\/12\/467587832_1118648513601931_7415106494307806390_n-169x300.jpg 169w, https:\/\/mc-faustvrancic.com\/wp-content\/uploads\/2024\/12\/467587832_1118648513601931_7415106494307806390_n-768x1365.jpg 768w, https:\/\/mc-faustvrancic.com\/wp-content\/uploads\/2024\/12\/467587832_1118648513601931_7415106494307806390_n-864x1536.jpg 864w, https:\/\/mc-faustvrancic.com\/wp-content\/uploads\/2024\/12\/467587832_1118648513601931_7415106494307806390_n-7x12.jpg 7w, https:\/\/mc-faustvrancic.com\/wp-content\/uploads\/2024\/12\/467587832_1118648513601931_7415106494307806390_n.jpg 1152w\" sizes=\"(max-width: 576px) 100vw, 576px\" \/><\/figure>\n\n\n\n<figure class=\"wp-block-image size-large\"><img decoding=\"async\" width=\"1024\" height=\"768\" data-id=\"3424\" src=\"https:\/\/mc-faustvrancic.com\/wp-content\/uploads\/2024\/12\/467589519_1118648566935259_1406287572039229097_n-1024x768.jpg\" alt=\"\" class=\"wp-image-3424\" srcset=\"https:\/\/mc-faustvrancic.com\/wp-content\/uploads\/2024\/12\/467589519_1118648566935259_1406287572039229097_n-1024x768.jpg 1024w, https:\/\/mc-faustvrancic.com\/wp-content\/uploads\/2024\/12\/467589519_1118648566935259_1406287572039229097_n-300x225.jpg 300w, https:\/\/mc-faustvrancic.com\/wp-content\/uploads\/2024\/12\/467589519_1118648566935259_1406287572039229097_n-768x576.jpg 768w, https:\/\/mc-faustvrancic.com\/wp-content\/uploads\/2024\/12\/467589519_1118648566935259_1406287572039229097_n-1536x1152.jpg 1536w, https:\/\/mc-faustvrancic.com\/wp-content\/uploads\/2024\/12\/467589519_1118648566935259_1406287572039229097_n-16x12.jpg 16w, https:\/\/mc-faustvrancic.com\/wp-content\/uploads\/2024\/12\/467589519_1118648566935259_1406287572039229097_n.jpg 2048w\" sizes=\"(max-width: 1024px) 100vw, 1024px\" \/><\/figure>\n\n\n\n<figure class=\"wp-block-image size-large\"><img decoding=\"async\" width=\"795\" height=\"1024\" data-id=\"3423\" src=\"https:\/\/mc-faustvrancic.com\/wp-content\/uploads\/2024\/12\/467600229_1118648376935278_1713997314419536619_n-795x1024.jpg\" alt=\"\" class=\"wp-image-3423\" srcset=\"https:\/\/mc-faustvrancic.com\/wp-content\/uploads\/2024\/12\/467600229_1118648376935278_1713997314419536619_n-795x1024.jpg 795w, https:\/\/mc-faustvrancic.com\/wp-content\/uploads\/2024\/12\/467600229_1118648376935278_1713997314419536619_n-233x300.jpg 233w, https:\/\/mc-faustvrancic.com\/wp-content\/uploads\/2024\/12\/467600229_1118648376935278_1713997314419536619_n-768x989.jpg 768w, https:\/\/mc-faustvrancic.com\/wp-content\/uploads\/2024\/12\/467600229_1118648376935278_1713997314419536619_n-9x12.jpg 9w, https:\/\/mc-faustvrancic.com\/wp-content\/uploads\/2024\/12\/467600229_1118648376935278_1713997314419536619_n.jpg 1145w\" sizes=\"(max-width: 795px) 100vw, 795px\" \/><\/figure>\n\n\n\n<figure class=\"wp-block-image size-large\"><img loading=\"lazy\" decoding=\"async\" width=\"768\" height=\"1024\" data-id=\"3425\" src=\"https:\/\/mc-faustvrancic.com\/wp-content\/uploads\/2024\/12\/467705472_1118648460268603_6815051160924515762_n-1-768x1024.jpg\" alt=\"\" class=\"wp-image-3425\" srcset=\"https:\/\/mc-faustvrancic.com\/wp-content\/uploads\/2024\/12\/467705472_1118648460268603_6815051160924515762_n-1-768x1024.jpg 768w, https:\/\/mc-faustvrancic.com\/wp-content\/uploads\/2024\/12\/467705472_1118648460268603_6815051160924515762_n-1-225x300.jpg 225w, https:\/\/mc-faustvrancic.com\/wp-content\/uploads\/2024\/12\/467705472_1118648460268603_6815051160924515762_n-1-1152x1536.jpg 1152w, https:\/\/mc-faustvrancic.com\/wp-content\/uploads\/2024\/12\/467705472_1118648460268603_6815051160924515762_n-1-9x12.jpg 9w, https:\/\/mc-faustvrancic.com\/wp-content\/uploads\/2024\/12\/467705472_1118648460268603_6815051160924515762_n-1.jpg 1536w\" sizes=\"(max-width: 768px) 100vw, 768px\" \/><\/figure>\n<\/figure>","protected":false},"excerpt":{"rendered":"<p>U utorak 19.11. imali smo priliku pro\u0161etati Prvi\u0107em s arheologom Andrijom Naki\u0107em iz Javne ustanove Tvr\u0111ave kulture \u0160ibenik i krajobraznim arhitektom Matom Rupi\u0107em do jedne od tzv. baterija na otoku. Mjesto je to na kojem ameri\u010dki studenti krajobrazne arhitekture i srodnih studija u ovih mjesec dana osmi\u0161ljavaju budu\u0107i izgled i namjenu biv\u0161ih vojnih objekata, a [&hellip;]<\/p>","protected":false},"author":2,"featured_media":3422,"comment_status":"open","ping_status":"open","sticky":false,"template":"","format":"standard","meta":{"_acf_changed":false,"footnotes":""},"categories":[1],"tags":[],"class_list":["post-3421","post","type-post","status-publish","format-standard","has-post-thumbnail","hentry","category-novosti"],"acf":[],"yoast_head":"<!-- This site is optimized with the Yoast SEO plugin v26.8 - https:\/\/yoast.com\/product\/yoast-seo-wordpress\/ -->\n<title>Dru\u017eenje s arheologom i krajobraznim arhitektom na Prvi\u0107u - Memorijalni centar Faust Vran\u010di\u0107<\/title>\n<meta name=\"robots\" content=\"index, follow, max-snippet:-1, max-image-preview:large, max-video-preview:-1\" \/>\n<link rel=\"canonical\" href=\"https:\/\/mc-faustvrancic.com\/en\/2024\/11\/19\/druzenje-s-arheologom-i-krajobraznim-arhitektom-na-prvicu\/\" \/>\n<meta property=\"og:locale\" content=\"en_GB\" \/>\n<meta property=\"og:type\" content=\"article\" \/>\n<meta property=\"og:title\" content=\"Dru\u017eenje s arheologom i krajobraznim arhitektom na Prvi\u0107u - Memorijalni centar Faust Vran\u010di\u0107\" \/>\n<meta property=\"og:description\" content=\"U utorak 19.11. imali smo priliku pro\u0161etati Prvi\u0107em s arheologom Andrijom Naki\u0107em iz Javne ustanove Tvr\u0111ave kulture \u0160ibenik i krajobraznim arhitektom Matom Rupi\u0107em do jedne od tzv. baterija na otoku. Mjesto je to na kojem ameri\u010dki studenti krajobrazne arhitekture i srodnih studija u ovih mjesec dana osmi\u0161ljavaju budu\u0107i izgled i namjenu biv\u0161ih vojnih objekata, a [&hellip;]\" \/>\n<meta property=\"og:url\" content=\"https:\/\/mc-faustvrancic.com\/en\/2024\/11\/19\/druzenje-s-arheologom-i-krajobraznim-arhitektom-na-prvicu\/\" \/>\n<meta property=\"og:site_name\" content=\"Memorijalni centar Faust Vran\u010di\u0107\" \/>\n<meta property=\"article:publisher\" content=\"https:\/\/web.facebook.com\/mcfaustvrancic\/\" \/>\n<meta property=\"article:published_time\" content=\"2024-11-19T14:17:07+00:00\" \/>\n<meta property=\"article:modified_time\" content=\"2024-12-19T14:17:29+00:00\" \/>\n<meta property=\"og:image\" content=\"https:\/\/mc-faustvrancic.com\/wp-content\/uploads\/2024\/12\/467674458_1118648523601930_1349956535392771247_n-1.jpg\" \/>\n\t<meta property=\"og:image:width\" content=\"2048\" \/>\n\t<meta property=\"og:image:height\" content=\"1536\" \/>\n\t<meta property=\"og:image:type\" content=\"image\/jpeg\" \/>\n<meta name=\"author\" content=\"voditeljica\" \/>\n<meta name=\"twitter:card\" content=\"summary_large_image\" \/>\n<meta name=\"twitter:label1\" content=\"Written by\" \/>\n\t<meta name=\"twitter:data1\" content=\"voditeljica\" \/>\n\t<meta name=\"twitter:label2\" content=\"Estimated reading time\" \/>\n\t<meta name=\"twitter:data2\" content=\"2 minutes\" \/>\n<script type=\"application\/ld+json\" class=\"yoast-schema-graph\">{\"@context\":\"https:\/\/schema.org\",\"@graph\":[{\"@type\":\"Article\",\"@id\":\"https:\/\/mc-faustvrancic.com\/2024\/11\/19\/druzenje-s-arheologom-i-krajobraznim-arhitektom-na-prvicu\/#article\",\"isPartOf\":{\"@id\":\"https:\/\/mc-faustvrancic.com\/2024\/11\/19\/druzenje-s-arheologom-i-krajobraznim-arhitektom-na-prvicu\/\"},\"author\":{\"name\":\"voditeljica\",\"@id\":\"https:\/\/mc-faustvrancic.com\/#\/schema\/person\/17e9b726fd54cbad9b6d299e91782093\"},\"headline\":\"Dru\u017eenje s arheologom i krajobraznim arhitektom na Prvi\u0107u\",\"datePublished\":\"2024-11-19T14:17:07+00:00\",\"dateModified\":\"2024-12-19T14:17:29+00:00\",\"mainEntityOfPage\":{\"@id\":\"https:\/\/mc-faustvrancic.com\/2024\/11\/19\/druzenje-s-arheologom-i-krajobraznim-arhitektom-na-prvicu\/\"},\"wordCount\":156,\"commentCount\":0,\"publisher\":{\"@id\":\"https:\/\/mc-faustvrancic.com\/#organization\"},\"image\":{\"@id\":\"https:\/\/mc-faustvrancic.com\/2024\/11\/19\/druzenje-s-arheologom-i-krajobraznim-arhitektom-na-prvicu\/#primaryimage\"},\"thumbnailUrl\":\"https:\/\/mc-faustvrancic.com\/wp-content\/uploads\/2024\/12\/467674458_1118648523601930_1349956535392771247_n-1.jpg\",\"articleSection\":[\"Novosti\"],\"inLanguage\":\"en-GB\",\"potentialAction\":[{\"@type\":\"CommentAction\",\"name\":\"Comment\",\"target\":[\"https:\/\/mc-faustvrancic.com\/2024\/11\/19\/druzenje-s-arheologom-i-krajobraznim-arhitektom-na-prvicu\/#respond\"]}]},{\"@type\":\"WebPage\",\"@id\":\"https:\/\/mc-faustvrancic.com\/2024\/11\/19\/druzenje-s-arheologom-i-krajobraznim-arhitektom-na-prvicu\/\",\"url\":\"https:\/\/mc-faustvrancic.com\/2024\/11\/19\/druzenje-s-arheologom-i-krajobraznim-arhitektom-na-prvicu\/\",\"name\":\"Dru\u017eenje s arheologom i krajobraznim arhitektom na Prvi\u0107u - Memorijalni centar Faust Vran\u010di\u0107\",\"isPartOf\":{\"@id\":\"https:\/\/mc-faustvrancic.com\/#website\"},\"primaryImageOfPage\":{\"@id\":\"https:\/\/mc-faustvrancic.com\/2024\/11\/19\/druzenje-s-arheologom-i-krajobraznim-arhitektom-na-prvicu\/#primaryimage\"},\"image\":{\"@id\":\"https:\/\/mc-faustvrancic.com\/2024\/11\/19\/druzenje-s-arheologom-i-krajobraznim-arhitektom-na-prvicu\/#primaryimage\"},\"thumbnailUrl\":\"https:\/\/mc-faustvrancic.com\/wp-content\/uploads\/2024\/12\/467674458_1118648523601930_1349956535392771247_n-1.jpg\",\"datePublished\":\"2024-11-19T14:17:07+00:00\",\"dateModified\":\"2024-12-19T14:17:29+00:00\",\"breadcrumb\":{\"@id\":\"https:\/\/mc-faustvrancic.com\/2024\/11\/19\/druzenje-s-arheologom-i-krajobraznim-arhitektom-na-prvicu\/#breadcrumb\"},\"inLanguage\":\"en-GB\",\"potentialAction\":[{\"@type\":\"ReadAction\",\"target\":[\"https:\/\/mc-faustvrancic.com\/2024\/11\/19\/druzenje-s-arheologom-i-krajobraznim-arhitektom-na-prvicu\/\"]}]},{\"@type\":\"ImageObject\",\"inLanguage\":\"en-GB\",\"@id\":\"https:\/\/mc-faustvrancic.com\/2024\/11\/19\/druzenje-s-arheologom-i-krajobraznim-arhitektom-na-prvicu\/#primaryimage\",\"url\":\"https:\/\/mc-faustvrancic.com\/wp-content\/uploads\/2024\/12\/467674458_1118648523601930_1349956535392771247_n-1.jpg\",\"contentUrl\":\"https:\/\/mc-faustvrancic.com\/wp-content\/uploads\/2024\/12\/467674458_1118648523601930_1349956535392771247_n-1.jpg\",\"width\":2048,\"height\":1536},{\"@type\":\"BreadcrumbList\",\"@id\":\"https:\/\/mc-faustvrancic.com\/2024\/11\/19\/druzenje-s-arheologom-i-krajobraznim-arhitektom-na-prvicu\/#breadcrumb\",\"itemListElement\":[{\"@type\":\"ListItem\",\"position\":1,\"name\":\"Po\u010detna stranica\",\"item\":\"https:\/\/mc-faustvrancic.com\/\"},{\"@type\":\"ListItem\",\"position\":2,\"name\":\"Dru\u017eenje s arheologom i krajobraznim arhitektom na Prvi\u0107u\"}]},{\"@type\":\"WebSite\",\"@id\":\"https:\/\/mc-faustvrancic.com\/#website\",\"url\":\"https:\/\/mc-faustvrancic.com\/\",\"name\":\"Memorijalni centar Faust Vran\u010di\u0107\",\"description\":\"\",\"publisher\":{\"@id\":\"https:\/\/mc-faustvrancic.com\/#organization\"},\"alternateName\":\"MC Faust Vran\u010di\u0107\",\"potentialAction\":[{\"@type\":\"SearchAction\",\"target\":{\"@type\":\"EntryPoint\",\"urlTemplate\":\"https:\/\/mc-faustvrancic.com\/?s={search_term_string}\"},\"query-input\":{\"@type\":\"PropertyValueSpecification\",\"valueRequired\":true,\"valueName\":\"search_term_string\"}}],\"inLanguage\":\"en-GB\"},{\"@type\":\"Organization\",\"@id\":\"https:\/\/mc-faustvrancic.com\/#organization\",\"name\":\"Memorijalni centar Faust Vran\u010di\u0107\",\"alternateName\":\"MC Faust Vran\u010di\u0107\",\"url\":\"https:\/\/mc-faustvrancic.com\/\",\"logo\":{\"@type\":\"ImageObject\",\"inLanguage\":\"en-GB\",\"@id\":\"https:\/\/mc-faustvrancic.com\/#\/schema\/logo\/image\/\",\"url\":\"https:\/\/mc-faustvrancic.com\/wp-content\/uploads\/2024\/04\/logo-crni.png\",\"contentUrl\":\"https:\/\/mc-faustvrancic.com\/wp-content\/uploads\/2024\/04\/logo-crni.png\",\"width\":265,\"height\":105,\"caption\":\"Memorijalni centar Faust Vran\u010di\u0107\"},\"image\":{\"@id\":\"https:\/\/mc-faustvrancic.com\/#\/schema\/logo\/image\/\"},\"sameAs\":[\"https:\/\/web.facebook.com\/mcfaustvrancic\/\",\"https:\/\/www.instagram.com\/mc_faustvrancic\/?hl=en&fbclid=IwAR3-lbIw4tS0ZANoVqEKrrp9z8DwHtc19D8cB-ZTRDNj_jnack8SHd6OaEA\",\"https:\/\/www.youtube.com\/channel\/UCcG32Ni5Grugo6ZdoE4mXkQ\"]},{\"@type\":\"Person\",\"@id\":\"https:\/\/mc-faustvrancic.com\/#\/schema\/person\/17e9b726fd54cbad9b6d299e91782093\",\"name\":\"voditeljica\",\"image\":{\"@type\":\"ImageObject\",\"inLanguage\":\"en-GB\",\"@id\":\"https:\/\/mc-faustvrancic.com\/#\/schema\/person\/image\/\",\"url\":\"https:\/\/secure.gravatar.com\/avatar\/b9435005caa914b461d24f86eb524df8917f491e3cff9025e6a0e314160cb0c1?s=96&r=g\",\"contentUrl\":\"https:\/\/secure.gravatar.com\/avatar\/b9435005caa914b461d24f86eb524df8917f491e3cff9025e6a0e314160cb0c1?s=96&r=g\",\"caption\":\"voditeljica\"},\"url\":\"https:\/\/mc-faustvrancic.com\/en\/author\/voditeljica\/\"}]}<\/script>\n<!-- \/ Yoast SEO plugin. -->","yoast_head_json":{"title":"Dru\u017eenje s arheologom i krajobraznim arhitektom na Prvi\u0107u - Memorijalni centar Faust Vran\u010di\u0107","robots":{"index":"index","follow":"follow","max-snippet":"max-snippet:-1","max-image-preview":"max-image-preview:large","max-video-preview":"max-video-preview:-1"},"canonical":"https:\/\/mc-faustvrancic.com\/en\/2024\/11\/19\/druzenje-s-arheologom-i-krajobraznim-arhitektom-na-prvicu\/","og_locale":"en_GB","og_type":"article","og_title":"Dru\u017eenje s arheologom i krajobraznim arhitektom na Prvi\u0107u - Memorijalni centar Faust Vran\u010di\u0107","og_description":"U utorak 19.11. imali smo priliku pro\u0161etati Prvi\u0107em s arheologom Andrijom Naki\u0107em iz Javne ustanove Tvr\u0111ave kulture \u0160ibenik i krajobraznim arhitektom Matom Rupi\u0107em do jedne od tzv. baterija na otoku. Mjesto je to na kojem ameri\u010dki studenti krajobrazne arhitekture i srodnih studija u ovih mjesec dana osmi\u0161ljavaju budu\u0107i izgled i namjenu biv\u0161ih vojnih objekata, a [&hellip;]","og_url":"https:\/\/mc-faustvrancic.com\/en\/2024\/11\/19\/druzenje-s-arheologom-i-krajobraznim-arhitektom-na-prvicu\/","og_site_name":"Memorijalni centar Faust Vran\u010di\u0107","article_publisher":"https:\/\/web.facebook.com\/mcfaustvrancic\/","article_published_time":"2024-11-19T14:17:07+00:00","article_modified_time":"2024-12-19T14:17:29+00:00","og_image":[{"width":2048,"height":1536,"url":"https:\/\/mc-faustvrancic.com\/wp-content\/uploads\/2024\/12\/467674458_1118648523601930_1349956535392771247_n-1.jpg","type":"image\/jpeg"}],"author":"voditeljica","twitter_card":"summary_large_image","twitter_misc":{"Written by":"voditeljica","Estimated reading time":"2 minutes"},"schema":{"@context":"https:\/\/schema.org","@graph":[{"@type":"Article","@id":"https:\/\/mc-faustvrancic.com\/2024\/11\/19\/druzenje-s-arheologom-i-krajobraznim-arhitektom-na-prvicu\/#article","isPartOf":{"@id":"https:\/\/mc-faustvrancic.com\/2024\/11\/19\/druzenje-s-arheologom-i-krajobraznim-arhitektom-na-prvicu\/"},"author":{"name":"voditeljica","@id":"https:\/\/mc-faustvrancic.com\/#\/schema\/person\/17e9b726fd54cbad9b6d299e91782093"},"headline":"Dru\u017eenje s arheologom i krajobraznim arhitektom na Prvi\u0107u","datePublished":"2024-11-19T14:17:07+00:00","dateModified":"2024-12-19T14:17:29+00:00","mainEntityOfPage":{"@id":"https:\/\/mc-faustvrancic.com\/2024\/11\/19\/druzenje-s-arheologom-i-krajobraznim-arhitektom-na-prvicu\/"},"wordCount":156,"commentCount":0,"publisher":{"@id":"https:\/\/mc-faustvrancic.com\/#organization"},"image":{"@id":"https:\/\/mc-faustvrancic.com\/2024\/11\/19\/druzenje-s-arheologom-i-krajobraznim-arhitektom-na-prvicu\/#primaryimage"},"thumbnailUrl":"https:\/\/mc-faustvrancic.com\/wp-content\/uploads\/2024\/12\/467674458_1118648523601930_1349956535392771247_n-1.jpg","articleSection":["Novosti"],"inLanguage":"en-GB","potentialAction":[{"@type":"CommentAction","name":"Comment","target":["https:\/\/mc-faustvrancic.com\/2024\/11\/19\/druzenje-s-arheologom-i-krajobraznim-arhitektom-na-prvicu\/#respond"]}]},{"@type":"WebPage","@id":"https:\/\/mc-faustvrancic.com\/2024\/11\/19\/druzenje-s-arheologom-i-krajobraznim-arhitektom-na-prvicu\/","url":"https:\/\/mc-faustvrancic.com\/2024\/11\/19\/druzenje-s-arheologom-i-krajobraznim-arhitektom-na-prvicu\/","name":"Dru\u017eenje s arheologom i krajobraznim arhitektom na Prvi\u0107u - Memorijalni centar Faust Vran\u010di\u0107","isPartOf":{"@id":"https:\/\/mc-faustvrancic.com\/#website"},"primaryImageOfPage":{"@id":"https:\/\/mc-faustvrancic.com\/2024\/11\/19\/druzenje-s-arheologom-i-krajobraznim-arhitektom-na-prvicu\/#primaryimage"},"image":{"@id":"https:\/\/mc-faustvrancic.com\/2024\/11\/19\/druzenje-s-arheologom-i-krajobraznim-arhitektom-na-prvicu\/#primaryimage"},"thumbnailUrl":"https:\/\/mc-faustvrancic.com\/wp-content\/uploads\/2024\/12\/467674458_1118648523601930_1349956535392771247_n-1.jpg","datePublished":"2024-11-19T14:17:07+00:00","dateModified":"2024-12-19T14:17:29+00:00","breadcrumb":{"@id":"https:\/\/mc-faustvrancic.com\/2024\/11\/19\/druzenje-s-arheologom-i-krajobraznim-arhitektom-na-prvicu\/#breadcrumb"},"inLanguage":"en-GB","potentialAction":[{"@type":"ReadAction","target":["https:\/\/mc-faustvrancic.com\/2024\/11\/19\/druzenje-s-arheologom-i-krajobraznim-arhitektom-na-prvicu\/"]}]},{"@type":"ImageObject","inLanguage":"en-GB","@id":"https:\/\/mc-faustvrancic.com\/2024\/11\/19\/druzenje-s-arheologom-i-krajobraznim-arhitektom-na-prvicu\/#primaryimage","url":"https:\/\/mc-faustvrancic.com\/wp-content\/uploads\/2024\/12\/467674458_1118648523601930_1349956535392771247_n-1.jpg","contentUrl":"https:\/\/mc-faustvrancic.com\/wp-content\/uploads\/2024\/12\/467674458_1118648523601930_1349956535392771247_n-1.jpg","width":2048,"height":1536},{"@type":"BreadcrumbList","@id":"https:\/\/mc-faustvrancic.com\/2024\/11\/19\/druzenje-s-arheologom-i-krajobraznim-arhitektom-na-prvicu\/#breadcrumb","itemListElement":[{"@type":"ListItem","position":1,"name":"Po\u010detna stranica","item":"https:\/\/mc-faustvrancic.com\/"},{"@type":"ListItem","position":2,"name":"Dru\u017eenje s arheologom i krajobraznim arhitektom na Prvi\u0107u"}]},{"@type":"WebSite","@id":"https:\/\/mc-faustvrancic.com\/#website","url":"https:\/\/mc-faustvrancic.com\/","name":"Memorijalni centar Faust Vran\u010di\u0107","description":"","publisher":{"@id":"https:\/\/mc-faustvrancic.com\/#organization"},"alternateName":"MC Faust Vran\u010di\u0107","potentialAction":[{"@type":"SearchAction","target":{"@type":"EntryPoint","urlTemplate":"https:\/\/mc-faustvrancic.com\/?s={search_term_string}"},"query-input":{"@type":"PropertyValueSpecification","valueRequired":true,"valueName":"search_term_string"}}],"inLanguage":"en-GB"},{"@type":"Organization","@id":"https:\/\/mc-faustvrancic.com\/#organization","name":"Memorijalni centar Faust Vran\u010di\u0107","alternateName":"MC Faust Vran\u010di\u0107","url":"https:\/\/mc-faustvrancic.com\/","logo":{"@type":"ImageObject","inLanguage":"en-GB","@id":"https:\/\/mc-faustvrancic.com\/#\/schema\/logo\/image\/","url":"https:\/\/mc-faustvrancic.com\/wp-content\/uploads\/2024\/04\/logo-crni.png","contentUrl":"https:\/\/mc-faustvrancic.com\/wp-content\/uploads\/2024\/04\/logo-crni.png","width":265,"height":105,"caption":"Memorijalni centar Faust Vran\u010di\u0107"},"image":{"@id":"https:\/\/mc-faustvrancic.com\/#\/schema\/logo\/image\/"},"sameAs":["https:\/\/web.facebook.com\/mcfaustvrancic\/","https:\/\/www.instagram.com\/mc_faustvrancic\/?hl=en&fbclid=IwAR3-lbIw4tS0ZANoVqEKrrp9z8DwHtc19D8cB-ZTRDNj_jnack8SHd6OaEA","https:\/\/www.youtube.com\/channel\/UCcG32Ni5Grugo6ZdoE4mXkQ"]},{"@type":"Person","@id":"https:\/\/mc-faustvrancic.com\/#\/schema\/person\/17e9b726fd54cbad9b6d299e91782093","name":"voditeljica","image":{"@type":"ImageObject","inLanguage":"en-GB","@id":"https:\/\/mc-faustvrancic.com\/#\/schema\/person\/image\/","url":"https:\/\/secure.gravatar.com\/avatar\/b9435005caa914b461d24f86eb524df8917f491e3cff9025e6a0e314160cb0c1?s=96&r=g","contentUrl":"https:\/\/secure.gravatar.com\/avatar\/b9435005caa914b461d24f86eb524df8917f491e3cff9025e6a0e314160cb0c1?s=96&r=g","caption":"voditeljica"},"url":"https:\/\/mc-faustvrancic.com\/en\/author\/voditeljica\/"}]}},"_links":{"self":[{"href":"https:\/\/mc-faustvrancic.com\/en\/wp-json\/wp\/v2\/posts\/3421","targetHints":{"allow":["GET"]}}],"collection":[{"href":"https:\/\/mc-faustvrancic.com\/en\/wp-json\/wp\/v2\/posts"}],"about":[{"href":"https:\/\/mc-faustvrancic.com\/en\/wp-json\/wp\/v2\/types\/post"}],"author":[{"embeddable":true,"href":"https:\/\/mc-faustvrancic.com\/en\/wp-json\/wp\/v2\/users\/2"}],"replies":[{"embeddable":true,"href":"https:\/\/mc-faustvrancic.com\/en\/wp-json\/wp\/v2\/comments?post=3421"}],"version-history":[{"count":1,"href":"https:\/\/mc-faustvrancic.com\/en\/wp-json\/wp\/v2\/posts\/3421\/revisions"}],"predecessor-version":[{"id":3427,"href":"https:\/\/mc-faustvrancic.com\/en\/wp-json\/wp\/v2\/posts\/3421\/revisions\/3427"}],"wp:featuredmedia":[{"embeddable":true,"href":"https:\/\/mc-faustvrancic.com\/en\/wp-json\/wp\/v2\/media\/3422"}],"wp:attachment":[{"href":"https:\/\/mc-faustvrancic.com\/en\/wp-json\/wp\/v2\/media?parent=3421"}],"wp:term":[{"taxonomy":"category","embeddable":true,"href":"https:\/\/mc-faustvrancic.com\/en\/wp-json\/wp\/v2\/categories?post=3421"},{"taxonomy":"post_tag","embeddable":true,"href":"https:\/\/mc-faustvrancic.com\/en\/wp-json\/wp\/v2\/tags?post=3421"}],"curies":[{"name":"wp","href":"https:\/\/api.w.org\/{rel}","templated":true}]}}