{"id":3290,"date":"2024-09-11T17:15:57","date_gmt":"2024-09-11T15:15:57","guid":{"rendered":"https:\/\/mc-faustvrancic.com\/?p=3290"},"modified":"2024-09-11T17:15:58","modified_gmt":"2024-09-11T15:15:58","slug":"dr-sc-ivo-glavas-gostovao-u-mc-faust-vrancic","status":"publish","type":"post","link":"https:\/\/mc-faustvrancic.com\/en\/2024\/09\/11\/dr-sc-ivo-glavas-gostovao-u-mc-faust-vrancic\/","title":{"rendered":"Dr.sc. Ivo glava\u0161 gostovao u MC Faust Vran\u010di\u0107"},"content":{"rendered":"<p>U petak 9.8. smo ugostili dr. sc. Ivu Glava\u0161a iz Konzervatorskog odjela u \u0160ibeniku koji je, izme\u0111u ostalog, zadu\u017een i za konzervatorsku za\u0161titu na\u0161eg otoka Prvi\u0107a.<br>Njegovo predavanje \u201cKonzervatorska podloga \u2013 osnovni alat u za\u0161titi povijesnog naselja\u201d dalo nam je uvid u same po\u010detke konzervatorske struke u Hrvatskoj te u metodologiju kojom se konzervatori slu\u017ee i to kroz konkretan primjer Faustovog rodnog \u0160ibenika.<\/p>\n\n\n\n<p><br>Drugi dio predavanja, na\u0161oj publici najzanimljivi, bavio se otokom Prvi\u0107em kao za\u0161ti\u0107enom kulturno-povijesnom cjelinom. Koliko su stara naselja Prvi\u0107 Luka i \u0160epurina, koji je najstariji objekt na otoku, koliko je ku\u0107a na njemu bilo u vrijeme prve austrijske izmjere te najva\u017enije: odnos planera i konzervatora u kojem le\u017ei odgovor za\u0161to ba\u0161 ovakva vrsta za\u0161tite \u2013 samo su neke od tema o kojima se sino\u0107 raspravljalo.<br>Hvala na\u0161em sino\u0107njem predava\u010du dr. sc. Ivi Glava\u0161u na odazivu i izvanrednom uvidu u konzervatorsku struku.<\/p>\n\n\n\n<figure class=\"wp-block-gallery has-nested-images columns-2 is-cropped wp-block-gallery-1 is-layout-flex wp-block-gallery-is-layout-flex\">\n<figure class=\"wp-block-image size-large\"><a href=\"https:\/\/mc-faustvrancic.com\/wp-content\/uploads\/2024\/09\/1111_2.jpg\"><img fetchpriority=\"high\" decoding=\"async\" width=\"1024\" height=\"768\" data-id=\"3291\" src=\"https:\/\/mc-faustvrancic.com\/wp-content\/uploads\/2024\/09\/1111_2-1024x768.jpg\" alt=\"\" class=\"wp-image-3291\" srcset=\"https:\/\/mc-faustvrancic.com\/wp-content\/uploads\/2024\/09\/1111_2-1024x768.jpg 1024w, https:\/\/mc-faustvrancic.com\/wp-content\/uploads\/2024\/09\/1111_2-300x225.jpg 300w, https:\/\/mc-faustvrancic.com\/wp-content\/uploads\/2024\/09\/1111_2-768x576.jpg 768w, https:\/\/mc-faustvrancic.com\/wp-content\/uploads\/2024\/09\/1111_2-1536x1152.jpg 1536w, https:\/\/mc-faustvrancic.com\/wp-content\/uploads\/2024\/09\/1111_2-16x12.jpg 16w, https:\/\/mc-faustvrancic.com\/wp-content\/uploads\/2024\/09\/1111_2.jpg 1600w\" sizes=\"(max-width: 1024px) 100vw, 1024px\" \/><\/a><\/figure>\n\n\n\n<figure class=\"wp-block-image size-large\"><a href=\"https:\/\/mc-faustvrancic.com\/wp-content\/uploads\/2024\/09\/DrIvo.jpg\"><img decoding=\"async\" width=\"825\" height=\"1024\" data-id=\"3293\" src=\"https:\/\/mc-faustvrancic.com\/wp-content\/uploads\/2024\/09\/DrIvo-825x1024.jpg\" alt=\"\" class=\"wp-image-3293\" srcset=\"https:\/\/mc-faustvrancic.com\/wp-content\/uploads\/2024\/09\/DrIvo-825x1024.jpg 825w, https:\/\/mc-faustvrancic.com\/wp-content\/uploads\/2024\/09\/DrIvo-242x300.jpg 242w, https:\/\/mc-faustvrancic.com\/wp-content\/uploads\/2024\/09\/DrIvo-768x953.jpg 768w, https:\/\/mc-faustvrancic.com\/wp-content\/uploads\/2024\/09\/DrIvo-10x12.jpg 10w, https:\/\/mc-faustvrancic.com\/wp-content\/uploads\/2024\/09\/DrIvo.jpg 1177w\" sizes=\"(max-width: 825px) 100vw, 825px\" \/><\/a><\/figure>\n<\/figure>","protected":false},"excerpt":{"rendered":"<p>U petak 9.8. smo ugostili dr. sc. Ivu Glava\u0161a iz Konzervatorskog odjela u \u0160ibeniku koji je, izme\u0111u ostalog, zadu\u017een i za konzervatorsku za\u0161titu na\u0161eg otoka Prvi\u0107a.Njegovo predavanje \u201cKonzervatorska podloga \u2013 osnovni alat u za\u0161titi povijesnog naselja\u201d dalo nam je uvid u same po\u010detke konzervatorske struke u Hrvatskoj te u metodologiju kojom se konzervatori slu\u017ee i [&hellip;]<\/p>","protected":false},"author":1,"featured_media":3292,"comment_status":"open","ping_status":"open","sticky":false,"template":"","format":"standard","meta":{"_acf_changed":false,"footnotes":""},"categories":[1],"tags":[],"class_list":["post-3290","post","type-post","status-publish","format-standard","has-post-thumbnail","hentry","category-novosti"],"acf":[],"yoast_head":"<!-- This site is optimized with the Yoast SEO plugin v26.8 - https:\/\/yoast.com\/product\/yoast-seo-wordpress\/ -->\n<title>Dr.sc. Ivo glava\u0161 gostovao u MC Faust Vran\u010di\u0107 - Memorijalni centar Faust Vran\u010di\u0107<\/title>\n<meta name=\"robots\" content=\"index, follow, max-snippet:-1, max-image-preview:large, max-video-preview:-1\" \/>\n<link rel=\"canonical\" href=\"https:\/\/mc-faustvrancic.com\/en\/2024\/09\/11\/dr-sc-ivo-glavas-gostovao-u-mc-faust-vrancic\/\" \/>\n<meta property=\"og:locale\" content=\"en_GB\" \/>\n<meta property=\"og:type\" content=\"article\" \/>\n<meta property=\"og:title\" content=\"Dr.sc. Ivo glava\u0161 gostovao u MC Faust Vran\u010di\u0107 - Memorijalni centar Faust Vran\u010di\u0107\" \/>\n<meta property=\"og:description\" content=\"U petak 9.8. smo ugostili dr. sc. Ivu Glava\u0161a iz Konzervatorskog odjela u \u0160ibeniku koji je, izme\u0111u ostalog, zadu\u017een i za konzervatorsku za\u0161titu na\u0161eg otoka Prvi\u0107a.Njegovo predavanje \u201cKonzervatorska podloga \u2013 osnovni alat u za\u0161titi povijesnog naselja\u201d dalo nam je uvid u same po\u010detke konzervatorske struke u Hrvatskoj te u metodologiju kojom se konzervatori slu\u017ee i [&hellip;]\" \/>\n<meta property=\"og:url\" content=\"https:\/\/mc-faustvrancic.com\/en\/2024\/09\/11\/dr-sc-ivo-glavas-gostovao-u-mc-faust-vrancic\/\" \/>\n<meta property=\"og:site_name\" content=\"Memorijalni centar Faust Vran\u010di\u0107\" \/>\n<meta property=\"article:publisher\" content=\"https:\/\/web.facebook.com\/mcfaustvrancic\/\" \/>\n<meta property=\"article:published_time\" content=\"2024-09-11T15:15:57+00:00\" \/>\n<meta property=\"article:modified_time\" content=\"2024-09-11T15:15:58+00:00\" \/>\n<meta property=\"og:image\" content=\"https:\/\/mc-faustvrancic.com\/wp-content\/uploads\/2024\/09\/111.jpg\" \/>\n\t<meta property=\"og:image:width\" content=\"600\" \/>\n\t<meta property=\"og:image:height\" content=\"460\" \/>\n\t<meta property=\"og:image:type\" content=\"image\/jpeg\" \/>\n<meta name=\"author\" content=\"admin\" \/>\n<meta name=\"twitter:card\" content=\"summary_large_image\" \/>\n<meta name=\"twitter:label1\" content=\"Written by\" \/>\n\t<meta name=\"twitter:data1\" content=\"admin\" \/>\n\t<meta name=\"twitter:label2\" content=\"Estimated reading time\" \/>\n\t<meta name=\"twitter:data2\" content=\"2 minutes\" \/>\n<script type=\"application\/ld+json\" class=\"yoast-schema-graph\">{\"@context\":\"https:\/\/schema.org\",\"@graph\":[{\"@type\":\"Article\",\"@id\":\"https:\/\/mc-faustvrancic.com\/2024\/09\/11\/dr-sc-ivo-glavas-gostovao-u-mc-faust-vrancic\/#article\",\"isPartOf\":{\"@id\":\"https:\/\/mc-faustvrancic.com\/2024\/09\/11\/dr-sc-ivo-glavas-gostovao-u-mc-faust-vrancic\/\"},\"author\":{\"name\":\"admin\",\"@id\":\"https:\/\/mc-faustvrancic.com\/#\/schema\/person\/45c275c999c9a428c90358146afe1d55\"},\"headline\":\"Dr.sc. Ivo glava\u0161 gostovao u MC Faust Vran\u010di\u0107\",\"datePublished\":\"2024-09-11T15:15:57+00:00\",\"dateModified\":\"2024-09-11T15:15:58+00:00\",\"mainEntityOfPage\":{\"@id\":\"https:\/\/mc-faustvrancic.com\/2024\/09\/11\/dr-sc-ivo-glavas-gostovao-u-mc-faust-vrancic\/\"},\"wordCount\":173,\"commentCount\":0,\"publisher\":{\"@id\":\"https:\/\/mc-faustvrancic.com\/#organization\"},\"image\":{\"@id\":\"https:\/\/mc-faustvrancic.com\/2024\/09\/11\/dr-sc-ivo-glavas-gostovao-u-mc-faust-vrancic\/#primaryimage\"},\"thumbnailUrl\":\"https:\/\/mc-faustvrancic.com\/wp-content\/uploads\/2024\/09\/111.jpg\",\"articleSection\":[\"Novosti\"],\"inLanguage\":\"en-GB\",\"potentialAction\":[{\"@type\":\"CommentAction\",\"name\":\"Comment\",\"target\":[\"https:\/\/mc-faustvrancic.com\/2024\/09\/11\/dr-sc-ivo-glavas-gostovao-u-mc-faust-vrancic\/#respond\"]}]},{\"@type\":\"WebPage\",\"@id\":\"https:\/\/mc-faustvrancic.com\/2024\/09\/11\/dr-sc-ivo-glavas-gostovao-u-mc-faust-vrancic\/\",\"url\":\"https:\/\/mc-faustvrancic.com\/2024\/09\/11\/dr-sc-ivo-glavas-gostovao-u-mc-faust-vrancic\/\",\"name\":\"Dr.sc. Ivo glava\u0161 gostovao u MC Faust Vran\u010di\u0107 - Memorijalni centar Faust Vran\u010di\u0107\",\"isPartOf\":{\"@id\":\"https:\/\/mc-faustvrancic.com\/#website\"},\"primaryImageOfPage\":{\"@id\":\"https:\/\/mc-faustvrancic.com\/2024\/09\/11\/dr-sc-ivo-glavas-gostovao-u-mc-faust-vrancic\/#primaryimage\"},\"image\":{\"@id\":\"https:\/\/mc-faustvrancic.com\/2024\/09\/11\/dr-sc-ivo-glavas-gostovao-u-mc-faust-vrancic\/#primaryimage\"},\"thumbnailUrl\":\"https:\/\/mc-faustvrancic.com\/wp-content\/uploads\/2024\/09\/111.jpg\",\"datePublished\":\"2024-09-11T15:15:57+00:00\",\"dateModified\":\"2024-09-11T15:15:58+00:00\",\"breadcrumb\":{\"@id\":\"https:\/\/mc-faustvrancic.com\/2024\/09\/11\/dr-sc-ivo-glavas-gostovao-u-mc-faust-vrancic\/#breadcrumb\"},\"inLanguage\":\"en-GB\",\"potentialAction\":[{\"@type\":\"ReadAction\",\"target\":[\"https:\/\/mc-faustvrancic.com\/2024\/09\/11\/dr-sc-ivo-glavas-gostovao-u-mc-faust-vrancic\/\"]}]},{\"@type\":\"ImageObject\",\"inLanguage\":\"en-GB\",\"@id\":\"https:\/\/mc-faustvrancic.com\/2024\/09\/11\/dr-sc-ivo-glavas-gostovao-u-mc-faust-vrancic\/#primaryimage\",\"url\":\"https:\/\/mc-faustvrancic.com\/wp-content\/uploads\/2024\/09\/111.jpg\",\"contentUrl\":\"https:\/\/mc-faustvrancic.com\/wp-content\/uploads\/2024\/09\/111.jpg\",\"width\":600,\"height\":460},{\"@type\":\"BreadcrumbList\",\"@id\":\"https:\/\/mc-faustvrancic.com\/2024\/09\/11\/dr-sc-ivo-glavas-gostovao-u-mc-faust-vrancic\/#breadcrumb\",\"itemListElement\":[{\"@type\":\"ListItem\",\"position\":1,\"name\":\"Po\u010detna stranica\",\"item\":\"https:\/\/mc-faustvrancic.com\/\"},{\"@type\":\"ListItem\",\"position\":2,\"name\":\"Dr.sc. Ivo glava\u0161 gostovao u MC Faust Vran\u010di\u0107\"}]},{\"@type\":\"WebSite\",\"@id\":\"https:\/\/mc-faustvrancic.com\/#website\",\"url\":\"https:\/\/mc-faustvrancic.com\/\",\"name\":\"Memorijalni centar Faust Vran\u010di\u0107\",\"description\":\"\",\"publisher\":{\"@id\":\"https:\/\/mc-faustvrancic.com\/#organization\"},\"alternateName\":\"MC Faust Vran\u010di\u0107\",\"potentialAction\":[{\"@type\":\"SearchAction\",\"target\":{\"@type\":\"EntryPoint\",\"urlTemplate\":\"https:\/\/mc-faustvrancic.com\/?s={search_term_string}\"},\"query-input\":{\"@type\":\"PropertyValueSpecification\",\"valueRequired\":true,\"valueName\":\"search_term_string\"}}],\"inLanguage\":\"en-GB\"},{\"@type\":\"Organization\",\"@id\":\"https:\/\/mc-faustvrancic.com\/#organization\",\"name\":\"Memorijalni centar Faust Vran\u010di\u0107\",\"alternateName\":\"MC Faust Vran\u010di\u0107\",\"url\":\"https:\/\/mc-faustvrancic.com\/\",\"logo\":{\"@type\":\"ImageObject\",\"inLanguage\":\"en-GB\",\"@id\":\"https:\/\/mc-faustvrancic.com\/#\/schema\/logo\/image\/\",\"url\":\"https:\/\/mc-faustvrancic.com\/wp-content\/uploads\/2024\/04\/logo-crni.png\",\"contentUrl\":\"https:\/\/mc-faustvrancic.com\/wp-content\/uploads\/2024\/04\/logo-crni.png\",\"width\":265,\"height\":105,\"caption\":\"Memorijalni centar Faust Vran\u010di\u0107\"},\"image\":{\"@id\":\"https:\/\/mc-faustvrancic.com\/#\/schema\/logo\/image\/\"},\"sameAs\":[\"https:\/\/web.facebook.com\/mcfaustvrancic\/\",\"https:\/\/www.instagram.com\/mc_faustvrancic\/?hl=en&fbclid=IwAR3-lbIw4tS0ZANoVqEKrrp9z8DwHtc19D8cB-ZTRDNj_jnack8SHd6OaEA\",\"https:\/\/www.youtube.com\/channel\/UCcG32Ni5Grugo6ZdoE4mXkQ\"]},{\"@type\":\"Person\",\"@id\":\"https:\/\/mc-faustvrancic.com\/#\/schema\/person\/45c275c999c9a428c90358146afe1d55\",\"name\":\"admin\",\"image\":{\"@type\":\"ImageObject\",\"inLanguage\":\"en-GB\",\"@id\":\"https:\/\/mc-faustvrancic.com\/#\/schema\/person\/image\/\",\"url\":\"https:\/\/secure.gravatar.com\/avatar\/04838cad203d07e5dd18040172167a2fb4ff31e625ac3f986f5c9e9f2090bec3?s=96&r=g\",\"contentUrl\":\"https:\/\/secure.gravatar.com\/avatar\/04838cad203d07e5dd18040172167a2fb4ff31e625ac3f986f5c9e9f2090bec3?s=96&r=g\",\"caption\":\"admin\"},\"sameAs\":[\"https:\/\/mc-faustvrancic.com\"],\"url\":\"https:\/\/mc-faustvrancic.com\/en\/author\/admin\/\"}]}<\/script>\n<!-- \/ Yoast SEO plugin. -->","yoast_head_json":{"title":"Dr.sc. Ivo glava\u0161 gostovao u MC Faust Vran\u010di\u0107 - Memorijalni centar Faust Vran\u010di\u0107","robots":{"index":"index","follow":"follow","max-snippet":"max-snippet:-1","max-image-preview":"max-image-preview:large","max-video-preview":"max-video-preview:-1"},"canonical":"https:\/\/mc-faustvrancic.com\/en\/2024\/09\/11\/dr-sc-ivo-glavas-gostovao-u-mc-faust-vrancic\/","og_locale":"en_GB","og_type":"article","og_title":"Dr.sc. Ivo glava\u0161 gostovao u MC Faust Vran\u010di\u0107 - Memorijalni centar Faust Vran\u010di\u0107","og_description":"U petak 9.8. smo ugostili dr. sc. Ivu Glava\u0161a iz Konzervatorskog odjela u \u0160ibeniku koji je, izme\u0111u ostalog, zadu\u017een i za konzervatorsku za\u0161titu na\u0161eg otoka Prvi\u0107a.Njegovo predavanje \u201cKonzervatorska podloga \u2013 osnovni alat u za\u0161titi povijesnog naselja\u201d dalo nam je uvid u same po\u010detke konzervatorske struke u Hrvatskoj te u metodologiju kojom se konzervatori slu\u017ee i [&hellip;]","og_url":"https:\/\/mc-faustvrancic.com\/en\/2024\/09\/11\/dr-sc-ivo-glavas-gostovao-u-mc-faust-vrancic\/","og_site_name":"Memorijalni centar Faust Vran\u010di\u0107","article_publisher":"https:\/\/web.facebook.com\/mcfaustvrancic\/","article_published_time":"2024-09-11T15:15:57+00:00","article_modified_time":"2024-09-11T15:15:58+00:00","og_image":[{"width":600,"height":460,"url":"https:\/\/mc-faustvrancic.com\/wp-content\/uploads\/2024\/09\/111.jpg","type":"image\/jpeg"}],"author":"admin","twitter_card":"summary_large_image","twitter_misc":{"Written by":"admin","Estimated reading time":"2 minutes"},"schema":{"@context":"https:\/\/schema.org","@graph":[{"@type":"Article","@id":"https:\/\/mc-faustvrancic.com\/2024\/09\/11\/dr-sc-ivo-glavas-gostovao-u-mc-faust-vrancic\/#article","isPartOf":{"@id":"https:\/\/mc-faustvrancic.com\/2024\/09\/11\/dr-sc-ivo-glavas-gostovao-u-mc-faust-vrancic\/"},"author":{"name":"admin","@id":"https:\/\/mc-faustvrancic.com\/#\/schema\/person\/45c275c999c9a428c90358146afe1d55"},"headline":"Dr.sc. Ivo glava\u0161 gostovao u MC Faust Vran\u010di\u0107","datePublished":"2024-09-11T15:15:57+00:00","dateModified":"2024-09-11T15:15:58+00:00","mainEntityOfPage":{"@id":"https:\/\/mc-faustvrancic.com\/2024\/09\/11\/dr-sc-ivo-glavas-gostovao-u-mc-faust-vrancic\/"},"wordCount":173,"commentCount":0,"publisher":{"@id":"https:\/\/mc-faustvrancic.com\/#organization"},"image":{"@id":"https:\/\/mc-faustvrancic.com\/2024\/09\/11\/dr-sc-ivo-glavas-gostovao-u-mc-faust-vrancic\/#primaryimage"},"thumbnailUrl":"https:\/\/mc-faustvrancic.com\/wp-content\/uploads\/2024\/09\/111.jpg","articleSection":["Novosti"],"inLanguage":"en-GB","potentialAction":[{"@type":"CommentAction","name":"Comment","target":["https:\/\/mc-faustvrancic.com\/2024\/09\/11\/dr-sc-ivo-glavas-gostovao-u-mc-faust-vrancic\/#respond"]}]},{"@type":"WebPage","@id":"https:\/\/mc-faustvrancic.com\/2024\/09\/11\/dr-sc-ivo-glavas-gostovao-u-mc-faust-vrancic\/","url":"https:\/\/mc-faustvrancic.com\/2024\/09\/11\/dr-sc-ivo-glavas-gostovao-u-mc-faust-vrancic\/","name":"Dr.sc. Ivo glava\u0161 gostovao u MC Faust Vran\u010di\u0107 - Memorijalni centar Faust Vran\u010di\u0107","isPartOf":{"@id":"https:\/\/mc-faustvrancic.com\/#website"},"primaryImageOfPage":{"@id":"https:\/\/mc-faustvrancic.com\/2024\/09\/11\/dr-sc-ivo-glavas-gostovao-u-mc-faust-vrancic\/#primaryimage"},"image":{"@id":"https:\/\/mc-faustvrancic.com\/2024\/09\/11\/dr-sc-ivo-glavas-gostovao-u-mc-faust-vrancic\/#primaryimage"},"thumbnailUrl":"https:\/\/mc-faustvrancic.com\/wp-content\/uploads\/2024\/09\/111.jpg","datePublished":"2024-09-11T15:15:57+00:00","dateModified":"2024-09-11T15:15:58+00:00","breadcrumb":{"@id":"https:\/\/mc-faustvrancic.com\/2024\/09\/11\/dr-sc-ivo-glavas-gostovao-u-mc-faust-vrancic\/#breadcrumb"},"inLanguage":"en-GB","potentialAction":[{"@type":"ReadAction","target":["https:\/\/mc-faustvrancic.com\/2024\/09\/11\/dr-sc-ivo-glavas-gostovao-u-mc-faust-vrancic\/"]}]},{"@type":"ImageObject","inLanguage":"en-GB","@id":"https:\/\/mc-faustvrancic.com\/2024\/09\/11\/dr-sc-ivo-glavas-gostovao-u-mc-faust-vrancic\/#primaryimage","url":"https:\/\/mc-faustvrancic.com\/wp-content\/uploads\/2024\/09\/111.jpg","contentUrl":"https:\/\/mc-faustvrancic.com\/wp-content\/uploads\/2024\/09\/111.jpg","width":600,"height":460},{"@type":"BreadcrumbList","@id":"https:\/\/mc-faustvrancic.com\/2024\/09\/11\/dr-sc-ivo-glavas-gostovao-u-mc-faust-vrancic\/#breadcrumb","itemListElement":[{"@type":"ListItem","position":1,"name":"Po\u010detna stranica","item":"https:\/\/mc-faustvrancic.com\/"},{"@type":"ListItem","position":2,"name":"Dr.sc. Ivo glava\u0161 gostovao u MC Faust Vran\u010di\u0107"}]},{"@type":"WebSite","@id":"https:\/\/mc-faustvrancic.com\/#website","url":"https:\/\/mc-faustvrancic.com\/","name":"Memorijalni centar Faust Vran\u010di\u0107","description":"","publisher":{"@id":"https:\/\/mc-faustvrancic.com\/#organization"},"alternateName":"MC Faust Vran\u010di\u0107","potentialAction":[{"@type":"SearchAction","target":{"@type":"EntryPoint","urlTemplate":"https:\/\/mc-faustvrancic.com\/?s={search_term_string}"},"query-input":{"@type":"PropertyValueSpecification","valueRequired":true,"valueName":"search_term_string"}}],"inLanguage":"en-GB"},{"@type":"Organization","@id":"https:\/\/mc-faustvrancic.com\/#organization","name":"Memorijalni centar Faust Vran\u010di\u0107","alternateName":"MC Faust Vran\u010di\u0107","url":"https:\/\/mc-faustvrancic.com\/","logo":{"@type":"ImageObject","inLanguage":"en-GB","@id":"https:\/\/mc-faustvrancic.com\/#\/schema\/logo\/image\/","url":"https:\/\/mc-faustvrancic.com\/wp-content\/uploads\/2024\/04\/logo-crni.png","contentUrl":"https:\/\/mc-faustvrancic.com\/wp-content\/uploads\/2024\/04\/logo-crni.png","width":265,"height":105,"caption":"Memorijalni centar Faust Vran\u010di\u0107"},"image":{"@id":"https:\/\/mc-faustvrancic.com\/#\/schema\/logo\/image\/"},"sameAs":["https:\/\/web.facebook.com\/mcfaustvrancic\/","https:\/\/www.instagram.com\/mc_faustvrancic\/?hl=en&fbclid=IwAR3-lbIw4tS0ZANoVqEKrrp9z8DwHtc19D8cB-ZTRDNj_jnack8SHd6OaEA","https:\/\/www.youtube.com\/channel\/UCcG32Ni5Grugo6ZdoE4mXkQ"]},{"@type":"Person","@id":"https:\/\/mc-faustvrancic.com\/#\/schema\/person\/45c275c999c9a428c90358146afe1d55","name":"admin","image":{"@type":"ImageObject","inLanguage":"en-GB","@id":"https:\/\/mc-faustvrancic.com\/#\/schema\/person\/image\/","url":"https:\/\/secure.gravatar.com\/avatar\/04838cad203d07e5dd18040172167a2fb4ff31e625ac3f986f5c9e9f2090bec3?s=96&r=g","contentUrl":"https:\/\/secure.gravatar.com\/avatar\/04838cad203d07e5dd18040172167a2fb4ff31e625ac3f986f5c9e9f2090bec3?s=96&r=g","caption":"admin"},"sameAs":["https:\/\/mc-faustvrancic.com"],"url":"https:\/\/mc-faustvrancic.com\/en\/author\/admin\/"}]}},"_links":{"self":[{"href":"https:\/\/mc-faustvrancic.com\/en\/wp-json\/wp\/v2\/posts\/3290","targetHints":{"allow":["GET"]}}],"collection":[{"href":"https:\/\/mc-faustvrancic.com\/en\/wp-json\/wp\/v2\/posts"}],"about":[{"href":"https:\/\/mc-faustvrancic.com\/en\/wp-json\/wp\/v2\/types\/post"}],"author":[{"embeddable":true,"href":"https:\/\/mc-faustvrancic.com\/en\/wp-json\/wp\/v2\/users\/1"}],"replies":[{"embeddable":true,"href":"https:\/\/mc-faustvrancic.com\/en\/wp-json\/wp\/v2\/comments?post=3290"}],"version-history":[{"count":1,"href":"https:\/\/mc-faustvrancic.com\/en\/wp-json\/wp\/v2\/posts\/3290\/revisions"}],"predecessor-version":[{"id":3294,"href":"https:\/\/mc-faustvrancic.com\/en\/wp-json\/wp\/v2\/posts\/3290\/revisions\/3294"}],"wp:featuredmedia":[{"embeddable":true,"href":"https:\/\/mc-faustvrancic.com\/en\/wp-json\/wp\/v2\/media\/3292"}],"wp:attachment":[{"href":"https:\/\/mc-faustvrancic.com\/en\/wp-json\/wp\/v2\/media?parent=3290"}],"wp:term":[{"taxonomy":"category","embeddable":true,"href":"https:\/\/mc-faustvrancic.com\/en\/wp-json\/wp\/v2\/categories?post=3290"},{"taxonomy":"post_tag","embeddable":true,"href":"https:\/\/mc-faustvrancic.com\/en\/wp-json\/wp\/v2\/tags?post=3290"}],"curies":[{"name":"wp","href":"https:\/\/api.w.org\/{rel}","templated":true}]}}