{"id":3269,"date":"2024-07-25T00:41:40","date_gmt":"2024-07-24T22:41:40","guid":{"rendered":"https:\/\/mc-faustvrancic.com\/?p=3269"},"modified":"2024-07-25T00:44:21","modified_gmt":"2024-07-24T22:44:21","slug":"program-mc-faust-vrancic-prvinsko-kulturno-lito-2024","status":"publish","type":"post","link":"https:\/\/mc-faustvrancic.com\/en\/2024\/07\/25\/program-mc-faust-vrancic-prvinsko-kulturno-lito-2024\/","title":{"rendered":"Program MC Faust Vran\u010di\u0107 &#8211; Prvinsko kulturno lito 2024"},"content":{"rendered":"<p>U ljetnim mjesecima: srpnju i kolovozu u Prvi\u0107 Luci odr\u017eava se manifestacija Prvinsko kulturno lito u kojoj i ove godine sudjelujemo sa svojim doga\u0111anjima.<\/p>\n\n\n\n<p>Ove godine u na\u0161em programu imamo razna kulturna doga\u0111anja poput predstavljanja romana i knjige te zanimljivih tematskih predavanja. Ovom prigodom imat \u0107emo priliku ugostiti na Prvi\u0107u cijenjene kolege iz raznih podru\u010dja kulture \u0161to nas posebno veseli.<\/p>\n\n\n\n<p>Detaljnije pogledajte program i ovih 6 ljetnih datuma svakako pribilje\u017eite u svoje kalendare. Budite s nama!<\/p>\n\n\n\n<figure class=\"wp-block-gallery has-nested-images columns-2 is-cropped wp-block-gallery-1 is-layout-flex wp-block-gallery-is-layout-flex\">\n<figure class=\"wp-block-image size-large\"><a href=\"https:\/\/mc-faustvrancic.com\/wp-content\/uploads\/2024\/07\/2.png\"><img fetchpriority=\"high\" decoding=\"async\" width=\"940\" height=\"788\" data-id=\"3273\" src=\"https:\/\/mc-faustvrancic.com\/wp-content\/uploads\/2024\/07\/2.png\" alt=\"\" class=\"wp-image-3273\" srcset=\"https:\/\/mc-faustvrancic.com\/wp-content\/uploads\/2024\/07\/2.png 940w, https:\/\/mc-faustvrancic.com\/wp-content\/uploads\/2024\/07\/2-300x251.png 300w, https:\/\/mc-faustvrancic.com\/wp-content\/uploads\/2024\/07\/2-768x644.png 768w, https:\/\/mc-faustvrancic.com\/wp-content\/uploads\/2024\/07\/2-14x12.png 14w\" sizes=\"(max-width: 940px) 100vw, 940px\" \/><\/a><\/figure>\n\n\n\n<figure class=\"wp-block-image size-large\"><a href=\"https:\/\/mc-faustvrancic.com\/wp-content\/uploads\/2024\/07\/3.png\"><img decoding=\"async\" width=\"940\" height=\"788\" data-id=\"3272\" src=\"https:\/\/mc-faustvrancic.com\/wp-content\/uploads\/2024\/07\/3.png\" alt=\"\" class=\"wp-image-3272\" srcset=\"https:\/\/mc-faustvrancic.com\/wp-content\/uploads\/2024\/07\/3.png 940w, https:\/\/mc-faustvrancic.com\/wp-content\/uploads\/2024\/07\/3-300x251.png 300w, https:\/\/mc-faustvrancic.com\/wp-content\/uploads\/2024\/07\/3-768x644.png 768w, https:\/\/mc-faustvrancic.com\/wp-content\/uploads\/2024\/07\/3-14x12.png 14w\" sizes=\"(max-width: 940px) 100vw, 940px\" \/><\/a><\/figure>\n<\/figure>","protected":false},"excerpt":{"rendered":"<p>U ljetnim mjesecima: srpnju i kolovozu u Prvi\u0107 Luci odr\u017eava se manifestacija Prvinsko kulturno lito u kojoj i ove godine sudjelujemo sa svojim doga\u0111anjima. Ove godine u na\u0161em programu imamo razna kulturna doga\u0111anja poput predstavljanja romana i knjige te zanimljivih tematskih predavanja. Ovom prigodom imat \u0107emo priliku ugostiti na Prvi\u0107u cijenjene kolege iz raznih podru\u010dja [&hellip;]<\/p>","protected":false},"author":1,"featured_media":3271,"comment_status":"open","ping_status":"open","sticky":false,"template":"","format":"standard","meta":{"_acf_changed":false,"footnotes":""},"categories":[1],"tags":[],"class_list":["post-3269","post","type-post","status-publish","format-standard","has-post-thumbnail","hentry","category-novosti"],"acf":[],"yoast_head":"<!-- This site is optimized with the Yoast SEO plugin v26.8 - https:\/\/yoast.com\/product\/yoast-seo-wordpress\/ -->\n<title>Program MC Faust Vran\u010di\u0107 - Prvinsko kulturno lito 2024 - Memorijalni centar Faust Vran\u010di\u0107<\/title>\n<meta name=\"robots\" content=\"index, follow, max-snippet:-1, max-image-preview:large, max-video-preview:-1\" \/>\n<link rel=\"canonical\" href=\"https:\/\/mc-faustvrancic.com\/en\/2024\/07\/25\/program-mc-faust-vrancic-prvinsko-kulturno-lito-2024\/\" \/>\n<meta property=\"og:locale\" content=\"en_GB\" \/>\n<meta property=\"og:type\" content=\"article\" \/>\n<meta property=\"og:title\" content=\"Program MC Faust Vran\u010di\u0107 - Prvinsko kulturno lito 2024 - Memorijalni centar Faust Vran\u010di\u0107\" \/>\n<meta property=\"og:description\" content=\"U ljetnim mjesecima: srpnju i kolovozu u Prvi\u0107 Luci odr\u017eava se manifestacija Prvinsko kulturno lito u kojoj i ove godine sudjelujemo sa svojim doga\u0111anjima. Ove godine u na\u0161em programu imamo razna kulturna doga\u0111anja poput predstavljanja romana i knjige te zanimljivih tematskih predavanja. Ovom prigodom imat \u0107emo priliku ugostiti na Prvi\u0107u cijenjene kolege iz raznih podru\u010dja [&hellip;]\" \/>\n<meta property=\"og:url\" content=\"https:\/\/mc-faustvrancic.com\/en\/2024\/07\/25\/program-mc-faust-vrancic-prvinsko-kulturno-lito-2024\/\" \/>\n<meta property=\"og:site_name\" content=\"Memorijalni centar Faust Vran\u010di\u0107\" \/>\n<meta property=\"article:publisher\" content=\"https:\/\/web.facebook.com\/mcfaustvrancic\/\" \/>\n<meta property=\"article:published_time\" content=\"2024-07-24T22:41:40+00:00\" \/>\n<meta property=\"article:modified_time\" content=\"2024-07-24T22:44:21+00:00\" \/>\n<meta property=\"og:image\" content=\"https:\/\/mc-faustvrancic.com\/wp-content\/uploads\/2024\/07\/1.png\" \/>\n\t<meta property=\"og:image:width\" content=\"940\" \/>\n\t<meta property=\"og:image:height\" content=\"788\" \/>\n\t<meta property=\"og:image:type\" content=\"image\/png\" \/>\n<meta name=\"author\" content=\"admin\" \/>\n<meta name=\"twitter:card\" content=\"summary_large_image\" \/>\n<meta name=\"twitter:label1\" content=\"Written by\" \/>\n\t<meta name=\"twitter:data1\" content=\"admin\" \/>\n\t<meta name=\"twitter:label2\" content=\"Estimated reading time\" \/>\n\t<meta name=\"twitter:data2\" content=\"2 minutes\" \/>\n<script type=\"application\/ld+json\" class=\"yoast-schema-graph\">{\"@context\":\"https:\/\/schema.org\",\"@graph\":[{\"@type\":\"Article\",\"@id\":\"https:\/\/mc-faustvrancic.com\/2024\/07\/25\/program-mc-faust-vrancic-prvinsko-kulturno-lito-2024\/#article\",\"isPartOf\":{\"@id\":\"https:\/\/mc-faustvrancic.com\/2024\/07\/25\/program-mc-faust-vrancic-prvinsko-kulturno-lito-2024\/\"},\"author\":{\"name\":\"admin\",\"@id\":\"https:\/\/mc-faustvrancic.com\/#\/schema\/person\/45c275c999c9a428c90358146afe1d55\"},\"headline\":\"Program MC Faust Vran\u010di\u0107 &#8211; Prvinsko kulturno lito 2024\",\"datePublished\":\"2024-07-24T22:41:40+00:00\",\"dateModified\":\"2024-07-24T22:44:21+00:00\",\"mainEntityOfPage\":{\"@id\":\"https:\/\/mc-faustvrancic.com\/2024\/07\/25\/program-mc-faust-vrancic-prvinsko-kulturno-lito-2024\/\"},\"wordCount\":91,\"commentCount\":0,\"publisher\":{\"@id\":\"https:\/\/mc-faustvrancic.com\/#organization\"},\"image\":{\"@id\":\"https:\/\/mc-faustvrancic.com\/2024\/07\/25\/program-mc-faust-vrancic-prvinsko-kulturno-lito-2024\/#primaryimage\"},\"thumbnailUrl\":\"https:\/\/mc-faustvrancic.com\/wp-content\/uploads\/2024\/07\/1.png\",\"articleSection\":[\"Novosti\"],\"inLanguage\":\"en-GB\",\"potentialAction\":[{\"@type\":\"CommentAction\",\"name\":\"Comment\",\"target\":[\"https:\/\/mc-faustvrancic.com\/2024\/07\/25\/program-mc-faust-vrancic-prvinsko-kulturno-lito-2024\/#respond\"]}]},{\"@type\":\"WebPage\",\"@id\":\"https:\/\/mc-faustvrancic.com\/2024\/07\/25\/program-mc-faust-vrancic-prvinsko-kulturno-lito-2024\/\",\"url\":\"https:\/\/mc-faustvrancic.com\/2024\/07\/25\/program-mc-faust-vrancic-prvinsko-kulturno-lito-2024\/\",\"name\":\"Program MC Faust Vran\u010di\u0107 - Prvinsko kulturno lito 2024 - Memorijalni centar Faust Vran\u010di\u0107\",\"isPartOf\":{\"@id\":\"https:\/\/mc-faustvrancic.com\/#website\"},\"primaryImageOfPage\":{\"@id\":\"https:\/\/mc-faustvrancic.com\/2024\/07\/25\/program-mc-faust-vrancic-prvinsko-kulturno-lito-2024\/#primaryimage\"},\"image\":{\"@id\":\"https:\/\/mc-faustvrancic.com\/2024\/07\/25\/program-mc-faust-vrancic-prvinsko-kulturno-lito-2024\/#primaryimage\"},\"thumbnailUrl\":\"https:\/\/mc-faustvrancic.com\/wp-content\/uploads\/2024\/07\/1.png\",\"datePublished\":\"2024-07-24T22:41:40+00:00\",\"dateModified\":\"2024-07-24T22:44:21+00:00\",\"breadcrumb\":{\"@id\":\"https:\/\/mc-faustvrancic.com\/2024\/07\/25\/program-mc-faust-vrancic-prvinsko-kulturno-lito-2024\/#breadcrumb\"},\"inLanguage\":\"en-GB\",\"potentialAction\":[{\"@type\":\"ReadAction\",\"target\":[\"https:\/\/mc-faustvrancic.com\/2024\/07\/25\/program-mc-faust-vrancic-prvinsko-kulturno-lito-2024\/\"]}]},{\"@type\":\"ImageObject\",\"inLanguage\":\"en-GB\",\"@id\":\"https:\/\/mc-faustvrancic.com\/2024\/07\/25\/program-mc-faust-vrancic-prvinsko-kulturno-lito-2024\/#primaryimage\",\"url\":\"https:\/\/mc-faustvrancic.com\/wp-content\/uploads\/2024\/07\/1.png\",\"contentUrl\":\"https:\/\/mc-faustvrancic.com\/wp-content\/uploads\/2024\/07\/1.png\",\"width\":940,\"height\":788},{\"@type\":\"BreadcrumbList\",\"@id\":\"https:\/\/mc-faustvrancic.com\/2024\/07\/25\/program-mc-faust-vrancic-prvinsko-kulturno-lito-2024\/#breadcrumb\",\"itemListElement\":[{\"@type\":\"ListItem\",\"position\":1,\"name\":\"Po\u010detna stranica\",\"item\":\"https:\/\/mc-faustvrancic.com\/\"},{\"@type\":\"ListItem\",\"position\":2,\"name\":\"Program MC Faust Vran\u010di\u0107 &#8211; Prvinsko kulturno lito 2024\"}]},{\"@type\":\"WebSite\",\"@id\":\"https:\/\/mc-faustvrancic.com\/#website\",\"url\":\"https:\/\/mc-faustvrancic.com\/\",\"name\":\"Memorijalni centar Faust Vran\u010di\u0107\",\"description\":\"\",\"publisher\":{\"@id\":\"https:\/\/mc-faustvrancic.com\/#organization\"},\"alternateName\":\"MC Faust Vran\u010di\u0107\",\"potentialAction\":[{\"@type\":\"SearchAction\",\"target\":{\"@type\":\"EntryPoint\",\"urlTemplate\":\"https:\/\/mc-faustvrancic.com\/?s={search_term_string}\"},\"query-input\":{\"@type\":\"PropertyValueSpecification\",\"valueRequired\":true,\"valueName\":\"search_term_string\"}}],\"inLanguage\":\"en-GB\"},{\"@type\":\"Organization\",\"@id\":\"https:\/\/mc-faustvrancic.com\/#organization\",\"name\":\"Memorijalni centar Faust Vran\u010di\u0107\",\"alternateName\":\"MC Faust Vran\u010di\u0107\",\"url\":\"https:\/\/mc-faustvrancic.com\/\",\"logo\":{\"@type\":\"ImageObject\",\"inLanguage\":\"en-GB\",\"@id\":\"https:\/\/mc-faustvrancic.com\/#\/schema\/logo\/image\/\",\"url\":\"https:\/\/mc-faustvrancic.com\/wp-content\/uploads\/2024\/04\/logo-crni.png\",\"contentUrl\":\"https:\/\/mc-faustvrancic.com\/wp-content\/uploads\/2024\/04\/logo-crni.png\",\"width\":265,\"height\":105,\"caption\":\"Memorijalni centar Faust Vran\u010di\u0107\"},\"image\":{\"@id\":\"https:\/\/mc-faustvrancic.com\/#\/schema\/logo\/image\/\"},\"sameAs\":[\"https:\/\/web.facebook.com\/mcfaustvrancic\/\",\"https:\/\/www.instagram.com\/mc_faustvrancic\/?hl=en&fbclid=IwAR3-lbIw4tS0ZANoVqEKrrp9z8DwHtc19D8cB-ZTRDNj_jnack8SHd6OaEA\",\"https:\/\/www.youtube.com\/channel\/UCcG32Ni5Grugo6ZdoE4mXkQ\"]},{\"@type\":\"Person\",\"@id\":\"https:\/\/mc-faustvrancic.com\/#\/schema\/person\/45c275c999c9a428c90358146afe1d55\",\"name\":\"admin\",\"image\":{\"@type\":\"ImageObject\",\"inLanguage\":\"en-GB\",\"@id\":\"https:\/\/mc-faustvrancic.com\/#\/schema\/person\/image\/\",\"url\":\"https:\/\/secure.gravatar.com\/avatar\/04838cad203d07e5dd18040172167a2fb4ff31e625ac3f986f5c9e9f2090bec3?s=96&r=g\",\"contentUrl\":\"https:\/\/secure.gravatar.com\/avatar\/04838cad203d07e5dd18040172167a2fb4ff31e625ac3f986f5c9e9f2090bec3?s=96&r=g\",\"caption\":\"admin\"},\"sameAs\":[\"https:\/\/mc-faustvrancic.com\"],\"url\":\"https:\/\/mc-faustvrancic.com\/en\/author\/admin\/\"}]}<\/script>\n<!-- \/ Yoast SEO plugin. -->","yoast_head_json":{"title":"Program MC Faust Vran\u010di\u0107 - Prvinsko kulturno lito 2024 - Memorijalni centar Faust Vran\u010di\u0107","robots":{"index":"index","follow":"follow","max-snippet":"max-snippet:-1","max-image-preview":"max-image-preview:large","max-video-preview":"max-video-preview:-1"},"canonical":"https:\/\/mc-faustvrancic.com\/en\/2024\/07\/25\/program-mc-faust-vrancic-prvinsko-kulturno-lito-2024\/","og_locale":"en_GB","og_type":"article","og_title":"Program MC Faust Vran\u010di\u0107 - Prvinsko kulturno lito 2024 - Memorijalni centar Faust Vran\u010di\u0107","og_description":"U ljetnim mjesecima: srpnju i kolovozu u Prvi\u0107 Luci odr\u017eava se manifestacija Prvinsko kulturno lito u kojoj i ove godine sudjelujemo sa svojim doga\u0111anjima. Ove godine u na\u0161em programu imamo razna kulturna doga\u0111anja poput predstavljanja romana i knjige te zanimljivih tematskih predavanja. Ovom prigodom imat \u0107emo priliku ugostiti na Prvi\u0107u cijenjene kolege iz raznih podru\u010dja [&hellip;]","og_url":"https:\/\/mc-faustvrancic.com\/en\/2024\/07\/25\/program-mc-faust-vrancic-prvinsko-kulturno-lito-2024\/","og_site_name":"Memorijalni centar Faust Vran\u010di\u0107","article_publisher":"https:\/\/web.facebook.com\/mcfaustvrancic\/","article_published_time":"2024-07-24T22:41:40+00:00","article_modified_time":"2024-07-24T22:44:21+00:00","og_image":[{"width":940,"height":788,"url":"https:\/\/mc-faustvrancic.com\/wp-content\/uploads\/2024\/07\/1.png","type":"image\/png"}],"author":"admin","twitter_card":"summary_large_image","twitter_misc":{"Written by":"admin","Estimated reading time":"2 minutes"},"schema":{"@context":"https:\/\/schema.org","@graph":[{"@type":"Article","@id":"https:\/\/mc-faustvrancic.com\/2024\/07\/25\/program-mc-faust-vrancic-prvinsko-kulturno-lito-2024\/#article","isPartOf":{"@id":"https:\/\/mc-faustvrancic.com\/2024\/07\/25\/program-mc-faust-vrancic-prvinsko-kulturno-lito-2024\/"},"author":{"name":"admin","@id":"https:\/\/mc-faustvrancic.com\/#\/schema\/person\/45c275c999c9a428c90358146afe1d55"},"headline":"Program MC Faust Vran\u010di\u0107 &#8211; Prvinsko kulturno lito 2024","datePublished":"2024-07-24T22:41:40+00:00","dateModified":"2024-07-24T22:44:21+00:00","mainEntityOfPage":{"@id":"https:\/\/mc-faustvrancic.com\/2024\/07\/25\/program-mc-faust-vrancic-prvinsko-kulturno-lito-2024\/"},"wordCount":91,"commentCount":0,"publisher":{"@id":"https:\/\/mc-faustvrancic.com\/#organization"},"image":{"@id":"https:\/\/mc-faustvrancic.com\/2024\/07\/25\/program-mc-faust-vrancic-prvinsko-kulturno-lito-2024\/#primaryimage"},"thumbnailUrl":"https:\/\/mc-faustvrancic.com\/wp-content\/uploads\/2024\/07\/1.png","articleSection":["Novosti"],"inLanguage":"en-GB","potentialAction":[{"@type":"CommentAction","name":"Comment","target":["https:\/\/mc-faustvrancic.com\/2024\/07\/25\/program-mc-faust-vrancic-prvinsko-kulturno-lito-2024\/#respond"]}]},{"@type":"WebPage","@id":"https:\/\/mc-faustvrancic.com\/2024\/07\/25\/program-mc-faust-vrancic-prvinsko-kulturno-lito-2024\/","url":"https:\/\/mc-faustvrancic.com\/2024\/07\/25\/program-mc-faust-vrancic-prvinsko-kulturno-lito-2024\/","name":"Program MC Faust Vran\u010di\u0107 - Prvinsko kulturno lito 2024 - Memorijalni centar Faust Vran\u010di\u0107","isPartOf":{"@id":"https:\/\/mc-faustvrancic.com\/#website"},"primaryImageOfPage":{"@id":"https:\/\/mc-faustvrancic.com\/2024\/07\/25\/program-mc-faust-vrancic-prvinsko-kulturno-lito-2024\/#primaryimage"},"image":{"@id":"https:\/\/mc-faustvrancic.com\/2024\/07\/25\/program-mc-faust-vrancic-prvinsko-kulturno-lito-2024\/#primaryimage"},"thumbnailUrl":"https:\/\/mc-faustvrancic.com\/wp-content\/uploads\/2024\/07\/1.png","datePublished":"2024-07-24T22:41:40+00:00","dateModified":"2024-07-24T22:44:21+00:00","breadcrumb":{"@id":"https:\/\/mc-faustvrancic.com\/2024\/07\/25\/program-mc-faust-vrancic-prvinsko-kulturno-lito-2024\/#breadcrumb"},"inLanguage":"en-GB","potentialAction":[{"@type":"ReadAction","target":["https:\/\/mc-faustvrancic.com\/2024\/07\/25\/program-mc-faust-vrancic-prvinsko-kulturno-lito-2024\/"]}]},{"@type":"ImageObject","inLanguage":"en-GB","@id":"https:\/\/mc-faustvrancic.com\/2024\/07\/25\/program-mc-faust-vrancic-prvinsko-kulturno-lito-2024\/#primaryimage","url":"https:\/\/mc-faustvrancic.com\/wp-content\/uploads\/2024\/07\/1.png","contentUrl":"https:\/\/mc-faustvrancic.com\/wp-content\/uploads\/2024\/07\/1.png","width":940,"height":788},{"@type":"BreadcrumbList","@id":"https:\/\/mc-faustvrancic.com\/2024\/07\/25\/program-mc-faust-vrancic-prvinsko-kulturno-lito-2024\/#breadcrumb","itemListElement":[{"@type":"ListItem","position":1,"name":"Po\u010detna stranica","item":"https:\/\/mc-faustvrancic.com\/"},{"@type":"ListItem","position":2,"name":"Program MC Faust Vran\u010di\u0107 &#8211; Prvinsko kulturno lito 2024"}]},{"@type":"WebSite","@id":"https:\/\/mc-faustvrancic.com\/#website","url":"https:\/\/mc-faustvrancic.com\/","name":"Memorijalni centar Faust Vran\u010di\u0107","description":"","publisher":{"@id":"https:\/\/mc-faustvrancic.com\/#organization"},"alternateName":"MC Faust Vran\u010di\u0107","potentialAction":[{"@type":"SearchAction","target":{"@type":"EntryPoint","urlTemplate":"https:\/\/mc-faustvrancic.com\/?s={search_term_string}"},"query-input":{"@type":"PropertyValueSpecification","valueRequired":true,"valueName":"search_term_string"}}],"inLanguage":"en-GB"},{"@type":"Organization","@id":"https:\/\/mc-faustvrancic.com\/#organization","name":"Memorijalni centar Faust Vran\u010di\u0107","alternateName":"MC Faust Vran\u010di\u0107","url":"https:\/\/mc-faustvrancic.com\/","logo":{"@type":"ImageObject","inLanguage":"en-GB","@id":"https:\/\/mc-faustvrancic.com\/#\/schema\/logo\/image\/","url":"https:\/\/mc-faustvrancic.com\/wp-content\/uploads\/2024\/04\/logo-crni.png","contentUrl":"https:\/\/mc-faustvrancic.com\/wp-content\/uploads\/2024\/04\/logo-crni.png","width":265,"height":105,"caption":"Memorijalni centar Faust Vran\u010di\u0107"},"image":{"@id":"https:\/\/mc-faustvrancic.com\/#\/schema\/logo\/image\/"},"sameAs":["https:\/\/web.facebook.com\/mcfaustvrancic\/","https:\/\/www.instagram.com\/mc_faustvrancic\/?hl=en&fbclid=IwAR3-lbIw4tS0ZANoVqEKrrp9z8DwHtc19D8cB-ZTRDNj_jnack8SHd6OaEA","https:\/\/www.youtube.com\/channel\/UCcG32Ni5Grugo6ZdoE4mXkQ"]},{"@type":"Person","@id":"https:\/\/mc-faustvrancic.com\/#\/schema\/person\/45c275c999c9a428c90358146afe1d55","name":"admin","image":{"@type":"ImageObject","inLanguage":"en-GB","@id":"https:\/\/mc-faustvrancic.com\/#\/schema\/person\/image\/","url":"https:\/\/secure.gravatar.com\/avatar\/04838cad203d07e5dd18040172167a2fb4ff31e625ac3f986f5c9e9f2090bec3?s=96&r=g","contentUrl":"https:\/\/secure.gravatar.com\/avatar\/04838cad203d07e5dd18040172167a2fb4ff31e625ac3f986f5c9e9f2090bec3?s=96&r=g","caption":"admin"},"sameAs":["https:\/\/mc-faustvrancic.com"],"url":"https:\/\/mc-faustvrancic.com\/en\/author\/admin\/"}]}},"_links":{"self":[{"href":"https:\/\/mc-faustvrancic.com\/en\/wp-json\/wp\/v2\/posts\/3269","targetHints":{"allow":["GET"]}}],"collection":[{"href":"https:\/\/mc-faustvrancic.com\/en\/wp-json\/wp\/v2\/posts"}],"about":[{"href":"https:\/\/mc-faustvrancic.com\/en\/wp-json\/wp\/v2\/types\/post"}],"author":[{"embeddable":true,"href":"https:\/\/mc-faustvrancic.com\/en\/wp-json\/wp\/v2\/users\/1"}],"replies":[{"embeddable":true,"href":"https:\/\/mc-faustvrancic.com\/en\/wp-json\/wp\/v2\/comments?post=3269"}],"version-history":[{"count":3,"href":"https:\/\/mc-faustvrancic.com\/en\/wp-json\/wp\/v2\/posts\/3269\/revisions"}],"predecessor-version":[{"id":3276,"href":"https:\/\/mc-faustvrancic.com\/en\/wp-json\/wp\/v2\/posts\/3269\/revisions\/3276"}],"wp:featuredmedia":[{"embeddable":true,"href":"https:\/\/mc-faustvrancic.com\/en\/wp-json\/wp\/v2\/media\/3271"}],"wp:attachment":[{"href":"https:\/\/mc-faustvrancic.com\/en\/wp-json\/wp\/v2\/media?parent=3269"}],"wp:term":[{"taxonomy":"category","embeddable":true,"href":"https:\/\/mc-faustvrancic.com\/en\/wp-json\/wp\/v2\/categories?post=3269"},{"taxonomy":"post_tag","embeddable":true,"href":"https:\/\/mc-faustvrancic.com\/en\/wp-json\/wp\/v2\/tags?post=3269"}],"curies":[{"name":"wp","href":"https:\/\/api.w.org\/{rel}","templated":true}]}}