{"id":2869,"date":"2024-06-19T21:19:32","date_gmt":"2024-06-19T19:19:32","guid":{"rendered":"https:\/\/mc-faustvrancic.com\/?p=2869"},"modified":"2024-06-19T21:20:36","modified_gmt":"2024-06-19T19:20:36","slug":"u-kulturnom-centru-u-vodicama-mc-faust-vrancic-sudjelovao-u-interpretaciji-bastine","status":"publish","type":"post","link":"https:\/\/mc-faustvrancic.com\/en\/2024\/06\/19\/u-kulturnom-centru-u-vodicama-mc-faust-vrancic-sudjelovao-u-interpretaciji-bastine\/","title":{"rendered":"U Kulturnom centru u Vodicama MC Faust Vran\u010di\u0107 sudjelovao u interpretaciji ba\u0161tine"},"content":{"rendered":"<div data-elementor-type=\"wp-post\" data-elementor-id=\"2869\" class=\"elementor elementor-2869\" data-elementor-post-type=\"post\">\n\t\t\t\t<div data-particle_enable=\"false\" data-particle-mobile-disabled=\"false\" class=\"elementor-element elementor-element-37a6b178 e-flex e-con-boxed e-con e-parent\" data-id=\"37a6b178\" data-element_type=\"container\">\n\t\t\t\t\t<div class=\"e-con-inner\">\n\t\t\t\t<div class=\"elementor-element elementor-element-1256965d elementor-widget elementor-widget-text-editor\" data-id=\"1256965d\" data-element_type=\"widget\" data-widget_type=\"text-editor.default\">\n\t\t\t\t<div class=\"elementor-widget-container\">\n\t\t\t\t\t\t\t\t\t\n<p>Krajem travnja u Kulturnom centru u Vodicama u sklopu festivala Flora Dalmatica MC Faust Vran\u010di\u0107 sudjelovao je u pripovijedanju i interpretaciji na\u0161e materijalne i nematerijalne ba\u0161tine u doga\u0111aju \u201cDoma\u0107inova pri\u010da te\u010de\u201d.<br>Doma\u0107ini doga\u0111aja su svaki ispri\u010dali zanimljivu pri\u010du vezanu upravo za podru\u010dje svog rada i istra\u017eivanja.<\/p>\n\n\n\n<p>Tako je Toni Brajkovi\u0107, kustos Muzeja Grada \u0160ibenika i arheolog, interpretirao na temelju svog istra\u017eivanja na arheolo\u0161kom lokalitetu Velika Mrdakovica u zale\u0111u Vodica, kakvi su doma\u0107ini bili stanovnici Mrdakovice tj. Liburni.<\/p>\n\n\n\n<p>Na\u0161a Zlatka Rodin je povezala tri pri\u010de: onu o Faustu Vran\u010di\u0107u i na\u0161em Centru \u201cdoma\u0107inu\u201d posjetiteljima, gostima i lokalnoj zajednici otoka Prvi\u0107a; o Robertu Visianiju, vrsnom botani\u010daru i autoru \u201cFlore Dalmatice\u201d i o svom \u010dukundjedu Mati Rodinu tzv. Doma\u0107inu, vlasniku Doma\u0107inove bunje\ud83e\udea8 na podru\u010dju Donje Srime.<\/p>\n\n\n\n<p>Sanja Mr\u0161a Vukman, doma\u0107ica ovog doga\u0111aja nadovezala se na pri\u010du o Doma\u0107inovoj bunji i aktivnostima koje su se provodile prethodnih godina u svrhu o\u017eivljavanja tog ba\u0161tinskog lokaliteta.<\/p>\n\n\n\n<p>Doga\u0111aj je zavr\u0161io radionicom u kojoj je Sanja tra\u017eila od sudionika da pove\u017eu \u201cba\u0161tinske\u201d predmete koje je donijela sa predmetima koji su izlo\u017eeni u atriju Kulturnog centra u sklopu izlo\u017ebe s Velike Mrdakovice.<\/p>\n\n\n\n<p>Hvala doma\u0107inu ovog doga\u0111aja Pu\u010dkom otvorenom u\u010dili\u0161tu Vodice, Turisti\u010dkoj zajednici Grada Vodica te na\u0161im suradnicima Sanji Mr\u0161i Vukman i Toniju Brajkovi\u0107u. Veselimo se daljnjoj suradnji na promociji i interpetaciji ba\u0161tine.<\/p>\n\t\t\t\t\t\t\t\t<\/div>\n\t\t\t\t<\/div>\n\t\t\t\t<div class=\"elementor-element elementor-element-27e48e9 elementor-widget elementor-widget-gallery\" data-id=\"27e48e9\" data-element_type=\"widget\" data-settings=\"{&quot;columns&quot;:2,&quot;lazyload&quot;:&quot;yes&quot;,&quot;gallery_layout&quot;:&quot;grid&quot;,&quot;columns_tablet&quot;:2,&quot;columns_mobile&quot;:1,&quot;gap&quot;:{&quot;unit&quot;:&quot;px&quot;,&quot;size&quot;:10,&quot;sizes&quot;:[]},&quot;gap_tablet&quot;:{&quot;unit&quot;:&quot;px&quot;,&quot;size&quot;:10,&quot;sizes&quot;:[]},&quot;gap_mobile&quot;:{&quot;unit&quot;:&quot;px&quot;,&quot;size&quot;:10,&quot;sizes&quot;:[]},&quot;link_to&quot;:&quot;file&quot;,&quot;aspect_ratio&quot;:&quot;3:2&quot;,&quot;content_hover_animation&quot;:&quot;fade-in&quot;}\" data-widget_type=\"gallery.default\">\n\t\t\t\t<div class=\"elementor-widget-container\">\n\t\t\t\t\t\t\t<div class=\"elementor-gallery__container\">\n\t\t\t\t\t\t\t<a class=\"e-gallery-item elementor-gallery-item elementor-animated-content\" href=\"https:\/\/mc-faustvrancic.com\/wp-content\/uploads\/2024\/06\/440784003_954298916703559_2438895229321643804_n.jpg\" data-elementor-open-lightbox=\"yes\" data-elementor-lightbox-slideshow=\"27e48e9\" data-elementor-lightbox-title=\"440784003_954298916703559_2438895229321643804_n\" data-e-action-hash=\"#elementor-action%3Aaction%3Dlightbox%26settings%3DeyJpZCI6Mjg3MiwidXJsIjoiaHR0cHM6XC9cL21jLWZhdXN0dnJhbmNpYy5jb21cL3dwLWNvbnRlbnRcL3VwbG9hZHNcLzIwMjRcLzA2XC80NDA3ODQwMDNfOTU0Mjk4OTE2NzAzNTU5XzI0Mzg4OTUyMjkzMjE2NDM4MDRfbi5qcGciLCJzbGlkZXNob3ciOiIyN2U0OGU5In0%3D\">\n\t\t\t\t\t<div class=\"e-gallery-image elementor-gallery-item__image\" data-thumbnail=\"https:\/\/mc-faustvrancic.com\/wp-content\/uploads\/2024\/06\/440784003_954298916703559_2438895229321643804_n.jpg\" data-width=\"1440\" data-height=\"1440\" aria-label=\"\" role=\"img\" ><\/div>\n\t\t\t\t\t\t\t\t\t\t\t\t\t\t<\/a>\n\t\t\t\t\t\t\t<a class=\"e-gallery-item elementor-gallery-item elementor-animated-content\" href=\"https:\/\/mc-faustvrancic.com\/wp-content\/uploads\/2024\/06\/440378121_954298896703561_3792180909589252063_n.jpg\" data-elementor-open-lightbox=\"yes\" data-elementor-lightbox-slideshow=\"27e48e9\" data-elementor-lightbox-title=\"440378121_954298896703561_3792180909589252063_n\" data-e-action-hash=\"#elementor-action%3Aaction%3Dlightbox%26settings%3DeyJpZCI6Mjg3MywidXJsIjoiaHR0cHM6XC9cL21jLWZhdXN0dnJhbmNpYy5jb21cL3dwLWNvbnRlbnRcL3VwbG9hZHNcLzIwMjRcLzA2XC80NDAzNzgxMjFfOTU0Mjk4ODk2NzAzNTYxXzM3OTIxODA5MDk1ODkyNTIwNjNfbi5qcGciLCJzbGlkZXNob3ciOiIyN2U0OGU5In0%3D\">\n\t\t\t\t\t<div class=\"e-gallery-image elementor-gallery-item__image\" data-thumbnail=\"https:\/\/mc-faustvrancic.com\/wp-content\/uploads\/2024\/06\/440378121_954298896703561_3792180909589252063_n.jpg\" data-width=\"1440\" data-height=\"1440\" aria-label=\"\" role=\"img\" ><\/div>\n\t\t\t\t\t\t\t\t\t\t\t\t\t\t<\/a>\n\t\t\t\t\t<\/div>\n\t\t\t\t\t<\/div>\n\t\t\t\t<\/div>\n\t\t\t\t\t<\/div>\n\t\t\t\t<\/div>\n\t\t\t\t<\/div>","protected":false},"excerpt":{"rendered":"<p>Krajem travnja u Kulturnom centru u Vodicama u sklopu festivala Flora Dalmatica MC Faust Vran\u010di\u0107 sudjelovao je u pripovijedanju i interpretaciji na\u0161e materijalne i nematerijalne ba\u0161tine u doga\u0111aju \u201cDoma\u0107inova pri\u010da te\u010de\u201d.Doma\u0107ini doga\u0111aja su svaki ispri\u010dali zanimljivu pri\u010du vezanu upravo za podru\u010dje svog rada i istra\u017eivanja. Tako je Toni Brajkovi\u0107, kustos Muzeja Grada \u0160ibenika i arheolog, [&hellip;]<\/p>","protected":false},"author":1,"featured_media":2870,"comment_status":"open","ping_status":"open","sticky":false,"template":"","format":"standard","meta":{"_acf_changed":false,"footnotes":""},"categories":[1],"tags":[],"class_list":["post-2869","post","type-post","status-publish","format-standard","has-post-thumbnail","hentry","category-novosti"],"acf":[],"yoast_head":"<!-- This site is optimized with the Yoast SEO plugin v26.8 - https:\/\/yoast.com\/product\/yoast-seo-wordpress\/ -->\n<title>U Kulturnom centru u Vodicama MC Faust Vran\u010di\u0107 sudjelovao u interpretaciji ba\u0161tine - Memorijalni centar Faust Vran\u010di\u0107<\/title>\n<meta name=\"robots\" content=\"index, follow, max-snippet:-1, max-image-preview:large, max-video-preview:-1\" \/>\n<link rel=\"canonical\" href=\"https:\/\/mc-faustvrancic.com\/en\/2024\/06\/19\/u-kulturnom-centru-u-vodicama-mc-faust-vrancic-sudjelovao-u-interpretaciji-bastine\/\" \/>\n<meta property=\"og:locale\" content=\"en_GB\" \/>\n<meta property=\"og:type\" content=\"article\" \/>\n<meta property=\"og:title\" content=\"U Kulturnom centru u Vodicama MC Faust Vran\u010di\u0107 sudjelovao u interpretaciji ba\u0161tine - Memorijalni centar Faust Vran\u010di\u0107\" \/>\n<meta property=\"og:description\" content=\"Krajem travnja u Kulturnom centru u Vodicama u sklopu festivala Flora Dalmatica MC Faust Vran\u010di\u0107 sudjelovao je u pripovijedanju i interpretaciji na\u0161e materijalne i nematerijalne ba\u0161tine u doga\u0111aju \u201cDoma\u0107inova pri\u010da te\u010de\u201d.Doma\u0107ini doga\u0111aja su svaki ispri\u010dali zanimljivu pri\u010du vezanu upravo za podru\u010dje svog rada i istra\u017eivanja. Tako je Toni Brajkovi\u0107, kustos Muzeja Grada \u0160ibenika i arheolog, [&hellip;]\" \/>\n<meta property=\"og:url\" content=\"https:\/\/mc-faustvrancic.com\/en\/2024\/06\/19\/u-kulturnom-centru-u-vodicama-mc-faust-vrancic-sudjelovao-u-interpretaciji-bastine\/\" \/>\n<meta property=\"og:site_name\" content=\"Memorijalni centar Faust Vran\u010di\u0107\" \/>\n<meta property=\"article:publisher\" content=\"https:\/\/web.facebook.com\/mcfaustvrancic\/\" \/>\n<meta property=\"article:published_time\" content=\"2024-06-19T19:19:32+00:00\" \/>\n<meta property=\"article:modified_time\" content=\"2024-06-19T19:20:36+00:00\" \/>\n<meta property=\"og:image\" content=\"https:\/\/mc-faustvrancic.com\/wp-content\/uploads\/2024\/06\/438836647_954298873370230_9136454469150811175_n.jpg\" \/>\n\t<meta property=\"og:image:width\" content=\"1440\" \/>\n\t<meta property=\"og:image:height\" content=\"1440\" \/>\n\t<meta property=\"og:image:type\" content=\"image\/jpeg\" \/>\n<meta name=\"author\" content=\"admin\" \/>\n<meta name=\"twitter:card\" content=\"summary_large_image\" \/>\n<meta name=\"twitter:label1\" content=\"Written by\" \/>\n\t<meta name=\"twitter:data1\" content=\"admin\" \/>\n\t<meta name=\"twitter:label2\" content=\"Estimated reading time\" \/>\n\t<meta name=\"twitter:data2\" content=\"2 minutes\" \/>\n<script type=\"application\/ld+json\" class=\"yoast-schema-graph\">{\"@context\":\"https:\/\/schema.org\",\"@graph\":[{\"@type\":\"Article\",\"@id\":\"https:\/\/mc-faustvrancic.com\/2024\/06\/19\/u-kulturnom-centru-u-vodicama-mc-faust-vrancic-sudjelovao-u-interpretaciji-bastine\/#article\",\"isPartOf\":{\"@id\":\"https:\/\/mc-faustvrancic.com\/2024\/06\/19\/u-kulturnom-centru-u-vodicama-mc-faust-vrancic-sudjelovao-u-interpretaciji-bastine\/\"},\"author\":{\"name\":\"admin\",\"@id\":\"https:\/\/mc-faustvrancic.com\/#\/schema\/person\/45c275c999c9a428c90358146afe1d55\"},\"headline\":\"U Kulturnom centru u Vodicama MC Faust Vran\u010di\u0107 sudjelovao u interpretaciji ba\u0161tine\",\"datePublished\":\"2024-06-19T19:19:32+00:00\",\"dateModified\":\"2024-06-19T19:20:36+00:00\",\"mainEntityOfPage\":{\"@id\":\"https:\/\/mc-faustvrancic.com\/2024\/06\/19\/u-kulturnom-centru-u-vodicama-mc-faust-vrancic-sudjelovao-u-interpretaciji-bastine\/\"},\"wordCount\":279,\"commentCount\":0,\"publisher\":{\"@id\":\"https:\/\/mc-faustvrancic.com\/#organization\"},\"image\":{\"@id\":\"https:\/\/mc-faustvrancic.com\/2024\/06\/19\/u-kulturnom-centru-u-vodicama-mc-faust-vrancic-sudjelovao-u-interpretaciji-bastine\/#primaryimage\"},\"thumbnailUrl\":\"https:\/\/mc-faustvrancic.com\/wp-content\/uploads\/2024\/06\/438836647_954298873370230_9136454469150811175_n.jpg\",\"articleSection\":[\"Novosti\"],\"inLanguage\":\"en-GB\",\"potentialAction\":[{\"@type\":\"CommentAction\",\"name\":\"Comment\",\"target\":[\"https:\/\/mc-faustvrancic.com\/2024\/06\/19\/u-kulturnom-centru-u-vodicama-mc-faust-vrancic-sudjelovao-u-interpretaciji-bastine\/#respond\"]}]},{\"@type\":\"WebPage\",\"@id\":\"https:\/\/mc-faustvrancic.com\/2024\/06\/19\/u-kulturnom-centru-u-vodicama-mc-faust-vrancic-sudjelovao-u-interpretaciji-bastine\/\",\"url\":\"https:\/\/mc-faustvrancic.com\/2024\/06\/19\/u-kulturnom-centru-u-vodicama-mc-faust-vrancic-sudjelovao-u-interpretaciji-bastine\/\",\"name\":\"U Kulturnom centru u Vodicama MC Faust Vran\u010di\u0107 sudjelovao u interpretaciji ba\u0161tine - Memorijalni centar Faust Vran\u010di\u0107\",\"isPartOf\":{\"@id\":\"https:\/\/mc-faustvrancic.com\/#website\"},\"primaryImageOfPage\":{\"@id\":\"https:\/\/mc-faustvrancic.com\/2024\/06\/19\/u-kulturnom-centru-u-vodicama-mc-faust-vrancic-sudjelovao-u-interpretaciji-bastine\/#primaryimage\"},\"image\":{\"@id\":\"https:\/\/mc-faustvrancic.com\/2024\/06\/19\/u-kulturnom-centru-u-vodicama-mc-faust-vrancic-sudjelovao-u-interpretaciji-bastine\/#primaryimage\"},\"thumbnailUrl\":\"https:\/\/mc-faustvrancic.com\/wp-content\/uploads\/2024\/06\/438836647_954298873370230_9136454469150811175_n.jpg\",\"datePublished\":\"2024-06-19T19:19:32+00:00\",\"dateModified\":\"2024-06-19T19:20:36+00:00\",\"breadcrumb\":{\"@id\":\"https:\/\/mc-faustvrancic.com\/2024\/06\/19\/u-kulturnom-centru-u-vodicama-mc-faust-vrancic-sudjelovao-u-interpretaciji-bastine\/#breadcrumb\"},\"inLanguage\":\"en-GB\",\"potentialAction\":[{\"@type\":\"ReadAction\",\"target\":[\"https:\/\/mc-faustvrancic.com\/2024\/06\/19\/u-kulturnom-centru-u-vodicama-mc-faust-vrancic-sudjelovao-u-interpretaciji-bastine\/\"]}]},{\"@type\":\"ImageObject\",\"inLanguage\":\"en-GB\",\"@id\":\"https:\/\/mc-faustvrancic.com\/2024\/06\/19\/u-kulturnom-centru-u-vodicama-mc-faust-vrancic-sudjelovao-u-interpretaciji-bastine\/#primaryimage\",\"url\":\"https:\/\/mc-faustvrancic.com\/wp-content\/uploads\/2024\/06\/438836647_954298873370230_9136454469150811175_n.jpg\",\"contentUrl\":\"https:\/\/mc-faustvrancic.com\/wp-content\/uploads\/2024\/06\/438836647_954298873370230_9136454469150811175_n.jpg\",\"width\":1440,\"height\":1440},{\"@type\":\"BreadcrumbList\",\"@id\":\"https:\/\/mc-faustvrancic.com\/2024\/06\/19\/u-kulturnom-centru-u-vodicama-mc-faust-vrancic-sudjelovao-u-interpretaciji-bastine\/#breadcrumb\",\"itemListElement\":[{\"@type\":\"ListItem\",\"position\":1,\"name\":\"Po\u010detna stranica\",\"item\":\"https:\/\/mc-faustvrancic.com\/\"},{\"@type\":\"ListItem\",\"position\":2,\"name\":\"U Kulturnom centru u Vodicama MC Faust Vran\u010di\u0107 sudjelovao u interpretaciji ba\u0161tine\"}]},{\"@type\":\"WebSite\",\"@id\":\"https:\/\/mc-faustvrancic.com\/#website\",\"url\":\"https:\/\/mc-faustvrancic.com\/\",\"name\":\"Memorijalni centar Faust Vran\u010di\u0107\",\"description\":\"\",\"publisher\":{\"@id\":\"https:\/\/mc-faustvrancic.com\/#organization\"},\"alternateName\":\"MC Faust Vran\u010di\u0107\",\"potentialAction\":[{\"@type\":\"SearchAction\",\"target\":{\"@type\":\"EntryPoint\",\"urlTemplate\":\"https:\/\/mc-faustvrancic.com\/?s={search_term_string}\"},\"query-input\":{\"@type\":\"PropertyValueSpecification\",\"valueRequired\":true,\"valueName\":\"search_term_string\"}}],\"inLanguage\":\"en-GB\"},{\"@type\":\"Organization\",\"@id\":\"https:\/\/mc-faustvrancic.com\/#organization\",\"name\":\"Memorijalni centar Faust Vran\u010di\u0107\",\"alternateName\":\"MC Faust Vran\u010di\u0107\",\"url\":\"https:\/\/mc-faustvrancic.com\/\",\"logo\":{\"@type\":\"ImageObject\",\"inLanguage\":\"en-GB\",\"@id\":\"https:\/\/mc-faustvrancic.com\/#\/schema\/logo\/image\/\",\"url\":\"https:\/\/mc-faustvrancic.com\/wp-content\/uploads\/2024\/04\/logo-crni.png\",\"contentUrl\":\"https:\/\/mc-faustvrancic.com\/wp-content\/uploads\/2024\/04\/logo-crni.png\",\"width\":265,\"height\":105,\"caption\":\"Memorijalni centar Faust Vran\u010di\u0107\"},\"image\":{\"@id\":\"https:\/\/mc-faustvrancic.com\/#\/schema\/logo\/image\/\"},\"sameAs\":[\"https:\/\/web.facebook.com\/mcfaustvrancic\/\",\"https:\/\/www.instagram.com\/mc_faustvrancic\/?hl=en&fbclid=IwAR3-lbIw4tS0ZANoVqEKrrp9z8DwHtc19D8cB-ZTRDNj_jnack8SHd6OaEA\",\"https:\/\/www.youtube.com\/channel\/UCcG32Ni5Grugo6ZdoE4mXkQ\"]},{\"@type\":\"Person\",\"@id\":\"https:\/\/mc-faustvrancic.com\/#\/schema\/person\/45c275c999c9a428c90358146afe1d55\",\"name\":\"admin\",\"image\":{\"@type\":\"ImageObject\",\"inLanguage\":\"en-GB\",\"@id\":\"https:\/\/mc-faustvrancic.com\/#\/schema\/person\/image\/\",\"url\":\"https:\/\/secure.gravatar.com\/avatar\/04838cad203d07e5dd18040172167a2fb4ff31e625ac3f986f5c9e9f2090bec3?s=96&r=g\",\"contentUrl\":\"https:\/\/secure.gravatar.com\/avatar\/04838cad203d07e5dd18040172167a2fb4ff31e625ac3f986f5c9e9f2090bec3?s=96&r=g\",\"caption\":\"admin\"},\"sameAs\":[\"https:\/\/mc-faustvrancic.com\"],\"url\":\"https:\/\/mc-faustvrancic.com\/en\/author\/admin\/\"}]}<\/script>\n<!-- \/ Yoast SEO plugin. -->","yoast_head_json":{"title":"U Kulturnom centru u Vodicama MC Faust Vran\u010di\u0107 sudjelovao u interpretaciji ba\u0161tine - Memorijalni centar Faust Vran\u010di\u0107","robots":{"index":"index","follow":"follow","max-snippet":"max-snippet:-1","max-image-preview":"max-image-preview:large","max-video-preview":"max-video-preview:-1"},"canonical":"https:\/\/mc-faustvrancic.com\/en\/2024\/06\/19\/u-kulturnom-centru-u-vodicama-mc-faust-vrancic-sudjelovao-u-interpretaciji-bastine\/","og_locale":"en_GB","og_type":"article","og_title":"U Kulturnom centru u Vodicama MC Faust Vran\u010di\u0107 sudjelovao u interpretaciji ba\u0161tine - Memorijalni centar Faust Vran\u010di\u0107","og_description":"Krajem travnja u Kulturnom centru u Vodicama u sklopu festivala Flora Dalmatica MC Faust Vran\u010di\u0107 sudjelovao je u pripovijedanju i interpretaciji na\u0161e materijalne i nematerijalne ba\u0161tine u doga\u0111aju \u201cDoma\u0107inova pri\u010da te\u010de\u201d.Doma\u0107ini doga\u0111aja su svaki ispri\u010dali zanimljivu pri\u010du vezanu upravo za podru\u010dje svog rada i istra\u017eivanja. Tako je Toni Brajkovi\u0107, kustos Muzeja Grada \u0160ibenika i arheolog, [&hellip;]","og_url":"https:\/\/mc-faustvrancic.com\/en\/2024\/06\/19\/u-kulturnom-centru-u-vodicama-mc-faust-vrancic-sudjelovao-u-interpretaciji-bastine\/","og_site_name":"Memorijalni centar Faust Vran\u010di\u0107","article_publisher":"https:\/\/web.facebook.com\/mcfaustvrancic\/","article_published_time":"2024-06-19T19:19:32+00:00","article_modified_time":"2024-06-19T19:20:36+00:00","og_image":[{"width":1440,"height":1440,"url":"https:\/\/mc-faustvrancic.com\/wp-content\/uploads\/2024\/06\/438836647_954298873370230_9136454469150811175_n.jpg","type":"image\/jpeg"}],"author":"admin","twitter_card":"summary_large_image","twitter_misc":{"Written by":"admin","Estimated reading time":"2 minutes"},"schema":{"@context":"https:\/\/schema.org","@graph":[{"@type":"Article","@id":"https:\/\/mc-faustvrancic.com\/2024\/06\/19\/u-kulturnom-centru-u-vodicama-mc-faust-vrancic-sudjelovao-u-interpretaciji-bastine\/#article","isPartOf":{"@id":"https:\/\/mc-faustvrancic.com\/2024\/06\/19\/u-kulturnom-centru-u-vodicama-mc-faust-vrancic-sudjelovao-u-interpretaciji-bastine\/"},"author":{"name":"admin","@id":"https:\/\/mc-faustvrancic.com\/#\/schema\/person\/45c275c999c9a428c90358146afe1d55"},"headline":"U Kulturnom centru u Vodicama MC Faust Vran\u010di\u0107 sudjelovao u interpretaciji ba\u0161tine","datePublished":"2024-06-19T19:19:32+00:00","dateModified":"2024-06-19T19:20:36+00:00","mainEntityOfPage":{"@id":"https:\/\/mc-faustvrancic.com\/2024\/06\/19\/u-kulturnom-centru-u-vodicama-mc-faust-vrancic-sudjelovao-u-interpretaciji-bastine\/"},"wordCount":279,"commentCount":0,"publisher":{"@id":"https:\/\/mc-faustvrancic.com\/#organization"},"image":{"@id":"https:\/\/mc-faustvrancic.com\/2024\/06\/19\/u-kulturnom-centru-u-vodicama-mc-faust-vrancic-sudjelovao-u-interpretaciji-bastine\/#primaryimage"},"thumbnailUrl":"https:\/\/mc-faustvrancic.com\/wp-content\/uploads\/2024\/06\/438836647_954298873370230_9136454469150811175_n.jpg","articleSection":["Novosti"],"inLanguage":"en-GB","potentialAction":[{"@type":"CommentAction","name":"Comment","target":["https:\/\/mc-faustvrancic.com\/2024\/06\/19\/u-kulturnom-centru-u-vodicama-mc-faust-vrancic-sudjelovao-u-interpretaciji-bastine\/#respond"]}]},{"@type":"WebPage","@id":"https:\/\/mc-faustvrancic.com\/2024\/06\/19\/u-kulturnom-centru-u-vodicama-mc-faust-vrancic-sudjelovao-u-interpretaciji-bastine\/","url":"https:\/\/mc-faustvrancic.com\/2024\/06\/19\/u-kulturnom-centru-u-vodicama-mc-faust-vrancic-sudjelovao-u-interpretaciji-bastine\/","name":"U Kulturnom centru u Vodicama MC Faust Vran\u010di\u0107 sudjelovao u interpretaciji ba\u0161tine - Memorijalni centar Faust Vran\u010di\u0107","isPartOf":{"@id":"https:\/\/mc-faustvrancic.com\/#website"},"primaryImageOfPage":{"@id":"https:\/\/mc-faustvrancic.com\/2024\/06\/19\/u-kulturnom-centru-u-vodicama-mc-faust-vrancic-sudjelovao-u-interpretaciji-bastine\/#primaryimage"},"image":{"@id":"https:\/\/mc-faustvrancic.com\/2024\/06\/19\/u-kulturnom-centru-u-vodicama-mc-faust-vrancic-sudjelovao-u-interpretaciji-bastine\/#primaryimage"},"thumbnailUrl":"https:\/\/mc-faustvrancic.com\/wp-content\/uploads\/2024\/06\/438836647_954298873370230_9136454469150811175_n.jpg","datePublished":"2024-06-19T19:19:32+00:00","dateModified":"2024-06-19T19:20:36+00:00","breadcrumb":{"@id":"https:\/\/mc-faustvrancic.com\/2024\/06\/19\/u-kulturnom-centru-u-vodicama-mc-faust-vrancic-sudjelovao-u-interpretaciji-bastine\/#breadcrumb"},"inLanguage":"en-GB","potentialAction":[{"@type":"ReadAction","target":["https:\/\/mc-faustvrancic.com\/2024\/06\/19\/u-kulturnom-centru-u-vodicama-mc-faust-vrancic-sudjelovao-u-interpretaciji-bastine\/"]}]},{"@type":"ImageObject","inLanguage":"en-GB","@id":"https:\/\/mc-faustvrancic.com\/2024\/06\/19\/u-kulturnom-centru-u-vodicama-mc-faust-vrancic-sudjelovao-u-interpretaciji-bastine\/#primaryimage","url":"https:\/\/mc-faustvrancic.com\/wp-content\/uploads\/2024\/06\/438836647_954298873370230_9136454469150811175_n.jpg","contentUrl":"https:\/\/mc-faustvrancic.com\/wp-content\/uploads\/2024\/06\/438836647_954298873370230_9136454469150811175_n.jpg","width":1440,"height":1440},{"@type":"BreadcrumbList","@id":"https:\/\/mc-faustvrancic.com\/2024\/06\/19\/u-kulturnom-centru-u-vodicama-mc-faust-vrancic-sudjelovao-u-interpretaciji-bastine\/#breadcrumb","itemListElement":[{"@type":"ListItem","position":1,"name":"Po\u010detna stranica","item":"https:\/\/mc-faustvrancic.com\/"},{"@type":"ListItem","position":2,"name":"U Kulturnom centru u Vodicama MC Faust Vran\u010di\u0107 sudjelovao u interpretaciji ba\u0161tine"}]},{"@type":"WebSite","@id":"https:\/\/mc-faustvrancic.com\/#website","url":"https:\/\/mc-faustvrancic.com\/","name":"Memorijalni centar Faust Vran\u010di\u0107","description":"","publisher":{"@id":"https:\/\/mc-faustvrancic.com\/#organization"},"alternateName":"MC Faust Vran\u010di\u0107","potentialAction":[{"@type":"SearchAction","target":{"@type":"EntryPoint","urlTemplate":"https:\/\/mc-faustvrancic.com\/?s={search_term_string}"},"query-input":{"@type":"PropertyValueSpecification","valueRequired":true,"valueName":"search_term_string"}}],"inLanguage":"en-GB"},{"@type":"Organization","@id":"https:\/\/mc-faustvrancic.com\/#organization","name":"Memorijalni centar Faust Vran\u010di\u0107","alternateName":"MC Faust Vran\u010di\u0107","url":"https:\/\/mc-faustvrancic.com\/","logo":{"@type":"ImageObject","inLanguage":"en-GB","@id":"https:\/\/mc-faustvrancic.com\/#\/schema\/logo\/image\/","url":"https:\/\/mc-faustvrancic.com\/wp-content\/uploads\/2024\/04\/logo-crni.png","contentUrl":"https:\/\/mc-faustvrancic.com\/wp-content\/uploads\/2024\/04\/logo-crni.png","width":265,"height":105,"caption":"Memorijalni centar Faust Vran\u010di\u0107"},"image":{"@id":"https:\/\/mc-faustvrancic.com\/#\/schema\/logo\/image\/"},"sameAs":["https:\/\/web.facebook.com\/mcfaustvrancic\/","https:\/\/www.instagram.com\/mc_faustvrancic\/?hl=en&fbclid=IwAR3-lbIw4tS0ZANoVqEKrrp9z8DwHtc19D8cB-ZTRDNj_jnack8SHd6OaEA","https:\/\/www.youtube.com\/channel\/UCcG32Ni5Grugo6ZdoE4mXkQ"]},{"@type":"Person","@id":"https:\/\/mc-faustvrancic.com\/#\/schema\/person\/45c275c999c9a428c90358146afe1d55","name":"admin","image":{"@type":"ImageObject","inLanguage":"en-GB","@id":"https:\/\/mc-faustvrancic.com\/#\/schema\/person\/image\/","url":"https:\/\/secure.gravatar.com\/avatar\/04838cad203d07e5dd18040172167a2fb4ff31e625ac3f986f5c9e9f2090bec3?s=96&r=g","contentUrl":"https:\/\/secure.gravatar.com\/avatar\/04838cad203d07e5dd18040172167a2fb4ff31e625ac3f986f5c9e9f2090bec3?s=96&r=g","caption":"admin"},"sameAs":["https:\/\/mc-faustvrancic.com"],"url":"https:\/\/mc-faustvrancic.com\/en\/author\/admin\/"}]}},"_links":{"self":[{"href":"https:\/\/mc-faustvrancic.com\/en\/wp-json\/wp\/v2\/posts\/2869","targetHints":{"allow":["GET"]}}],"collection":[{"href":"https:\/\/mc-faustvrancic.com\/en\/wp-json\/wp\/v2\/posts"}],"about":[{"href":"https:\/\/mc-faustvrancic.com\/en\/wp-json\/wp\/v2\/types\/post"}],"author":[{"embeddable":true,"href":"https:\/\/mc-faustvrancic.com\/en\/wp-json\/wp\/v2\/users\/1"}],"replies":[{"embeddable":true,"href":"https:\/\/mc-faustvrancic.com\/en\/wp-json\/wp\/v2\/comments?post=2869"}],"version-history":[{"count":0,"href":"https:\/\/mc-faustvrancic.com\/en\/wp-json\/wp\/v2\/posts\/2869\/revisions"}],"wp:featuredmedia":[{"embeddable":true,"href":"https:\/\/mc-faustvrancic.com\/en\/wp-json\/wp\/v2\/media\/2870"}],"wp:attachment":[{"href":"https:\/\/mc-faustvrancic.com\/en\/wp-json\/wp\/v2\/media?parent=2869"}],"wp:term":[{"taxonomy":"category","embeddable":true,"href":"https:\/\/mc-faustvrancic.com\/en\/wp-json\/wp\/v2\/categories?post=2869"},{"taxonomy":"post_tag","embeddable":true,"href":"https:\/\/mc-faustvrancic.com\/en\/wp-json\/wp\/v2\/tags?post=2869"}],"curies":[{"name":"wp","href":"https:\/\/api.w.org\/{rel}","templated":true}]}}