{"id":2858,"date":"2024-06-19T21:13:43","date_gmt":"2024-06-19T19:13:43","guid":{"rendered":"https:\/\/mc-faustvrancic.com\/?p=2858"},"modified":"2024-06-19T21:13:44","modified_gmt":"2024-06-19T19:13:44","slug":"ususret-noci-knjige-2024","status":"publish","type":"post","link":"https:\/\/mc-faustvrancic.com\/en\/2024\/06\/19\/ususret-noci-knjige-2024\/","title":{"rendered":"Ususret No\u0107i knjige 2024."},"content":{"rendered":"<p>Ususret 13. No\u0107i knjige 2024., manifestaciji koja u sredi\u0161te interesa stavlja djela, njihove autore i \u010ditatelje. Program \u0107e se odvijati na na\u0161em You tube kanalu i to 23. travnja u ve\u010dernjim satima.<br>Program koji smo pripremili posve\u0107en je na\u0161em otoku Prvi\u0107u. Ove godine sura\u0111ivali smo s na\u0161im pu\u010dkim pjesnicima kao i onima koji nisu s otoka a u svojim pjesmama su ga opjevali.<\/p>\n\n\n\n<p>Povodom toga donosimo vam pjesmu Tonija Cukrova, pu\u010dkog pjesnika ro\u0111enog 1929. u Prvi\u0107 \u0160epurini. Toni Cukrov je \u017eivio u Rijeci. Za \u017eivota je objavio tri zbirke poezije od koje je \u201dMali otok pa se ljulja\u201d prihva\u0107ena i od strane knji\u017eevnih kriti\u010dara. Prije par godina barba Toni nam je e-mailom poslao svoju pjesmu posve\u0107enu upravo na\u0161em velikanu Faust Vran\u010di\u0107u ???? pa je ovom prigodom objavljujemo u cijelosti.<\/p>\n\n\n\n<p><em>Faust<br>Kao klice cvije\u0107a<br>Prvi\u0107ke su ri\u010di na Fausta pale.<br>Zavolio plemenitost ve sredine male.<br>Prihvatio kao melem govor bodulije,<br>Podlogu stvorio za najprvi RJE\u010cNIK lipe Dalmacije.<br>Sa djecom je Faust pliva<br>Po vali i portu,<br>Cijenio je ribare i njihovu dotu.<br>Vidio je napore \u017eivota na selu<br>Pa je razmi\u0161ljao o njihovom djelu.<br>Kako ne\u0161to inventati<br>Za \u017eivljenje olak\u0161ati.<br>Nastala su Faustu svjetska putovanja<br>Na kima je in\u017einja niz tehnike znanja.<br>Prvi je nacrta slike ove<br>A libar nazvao<br>MAKINE NOVE.<br>Faustom se ponosimo radi djela<br>I \u0161timanja puka \u2013 ovog lipog sela.<br>Njegova je oporuka,<br>Da mu kosti \u010duva<br>Mjesto Prvi\u0107 Luka.<\/em><\/p>","protected":false},"excerpt":{"rendered":"<p>Ususret 13. No\u0107i knjige 2024., manifestaciji koja u sredi\u0161te interesa stavlja djela, njihove autore i \u010ditatelje. Program \u0107e se odvijati na na\u0161em You tube kanalu i to 23. travnja u ve\u010dernjim satima.Program koji smo pripremili posve\u0107en je na\u0161em otoku Prvi\u0107u. Ove godine sura\u0111ivali smo s na\u0161im pu\u010dkim pjesnicima kao i onima koji nisu s otoka [&hellip;]<\/p>","protected":false},"author":1,"featured_media":2859,"comment_status":"open","ping_status":"open","sticky":false,"template":"","format":"standard","meta":{"_acf_changed":false,"footnotes":""},"categories":[1],"tags":[],"class_list":["post-2858","post","type-post","status-publish","format-standard","has-post-thumbnail","hentry","category-novosti"],"acf":[],"yoast_head":"<!-- This site is optimized with the Yoast SEO plugin v26.8 - https:\/\/yoast.com\/product\/yoast-seo-wordpress\/ -->\n<title>Ususret No\u0107i knjige 2024. - Memorijalni centar Faust Vran\u010di\u0107<\/title>\n<meta name=\"robots\" content=\"index, follow, max-snippet:-1, max-image-preview:large, max-video-preview:-1\" \/>\n<link rel=\"canonical\" href=\"https:\/\/mc-faustvrancic.com\/en\/2024\/06\/19\/ususret-noci-knjige-2024\/\" \/>\n<meta property=\"og:locale\" content=\"en_GB\" \/>\n<meta property=\"og:type\" content=\"article\" \/>\n<meta property=\"og:title\" content=\"Ususret No\u0107i knjige 2024. - Memorijalni centar Faust Vran\u010di\u0107\" \/>\n<meta property=\"og:description\" content=\"Ususret 13. No\u0107i knjige 2024., manifestaciji koja u sredi\u0161te interesa stavlja djela, njihove autore i \u010ditatelje. Program \u0107e se odvijati na na\u0161em You tube kanalu i to 23. travnja u ve\u010dernjim satima.Program koji smo pripremili posve\u0107en je na\u0161em otoku Prvi\u0107u. Ove godine sura\u0111ivali smo s na\u0161im pu\u010dkim pjesnicima kao i onima koji nisu s otoka [&hellip;]\" \/>\n<meta property=\"og:url\" content=\"https:\/\/mc-faustvrancic.com\/en\/2024\/06\/19\/ususret-noci-knjige-2024\/\" \/>\n<meta property=\"og:site_name\" content=\"Memorijalni centar Faust Vran\u010di\u0107\" \/>\n<meta property=\"article:publisher\" content=\"https:\/\/web.facebook.com\/mcfaustvrancic\/\" \/>\n<meta property=\"article:published_time\" content=\"2024-06-19T19:13:43+00:00\" \/>\n<meta property=\"article:modified_time\" content=\"2024-06-19T19:13:44+00:00\" \/>\n<meta property=\"og:image\" content=\"https:\/\/mc-faustvrancic.com\/wp-content\/uploads\/2024\/06\/noc-knjige-2024.jpg\" \/>\n\t<meta property=\"og:image:width\" content=\"1144\" \/>\n\t<meta property=\"og:image:height\" content=\"768\" \/>\n\t<meta property=\"og:image:type\" content=\"image\/jpeg\" \/>\n<meta name=\"author\" content=\"admin\" \/>\n<meta name=\"twitter:card\" content=\"summary_large_image\" \/>\n<meta name=\"twitter:label1\" content=\"Written by\" \/>\n\t<meta name=\"twitter:data1\" content=\"admin\" \/>\n\t<meta name=\"twitter:label2\" content=\"Estimated reading time\" \/>\n\t<meta name=\"twitter:data2\" content=\"2 minutes\" \/>\n<script type=\"application\/ld+json\" class=\"yoast-schema-graph\">{\"@context\":\"https:\/\/schema.org\",\"@graph\":[{\"@type\":\"Article\",\"@id\":\"https:\/\/mc-faustvrancic.com\/2024\/06\/19\/ususret-noci-knjige-2024\/#article\",\"isPartOf\":{\"@id\":\"https:\/\/mc-faustvrancic.com\/2024\/06\/19\/ususret-noci-knjige-2024\/\"},\"author\":{\"name\":\"admin\",\"@id\":\"https:\/\/mc-faustvrancic.com\/#\/schema\/person\/45c275c999c9a428c90358146afe1d55\"},\"headline\":\"Ususret No\u0107i knjige 2024.\",\"datePublished\":\"2024-06-19T19:13:43+00:00\",\"dateModified\":\"2024-06-19T19:13:44+00:00\",\"mainEntityOfPage\":{\"@id\":\"https:\/\/mc-faustvrancic.com\/2024\/06\/19\/ususret-noci-knjige-2024\/\"},\"wordCount\":248,\"commentCount\":0,\"publisher\":{\"@id\":\"https:\/\/mc-faustvrancic.com\/#organization\"},\"image\":{\"@id\":\"https:\/\/mc-faustvrancic.com\/2024\/06\/19\/ususret-noci-knjige-2024\/#primaryimage\"},\"thumbnailUrl\":\"https:\/\/mc-faustvrancic.com\/wp-content\/uploads\/2024\/06\/noc-knjige-2024.jpg\",\"articleSection\":[\"Novosti\"],\"inLanguage\":\"en-GB\",\"potentialAction\":[{\"@type\":\"CommentAction\",\"name\":\"Comment\",\"target\":[\"https:\/\/mc-faustvrancic.com\/2024\/06\/19\/ususret-noci-knjige-2024\/#respond\"]}]},{\"@type\":\"WebPage\",\"@id\":\"https:\/\/mc-faustvrancic.com\/2024\/06\/19\/ususret-noci-knjige-2024\/\",\"url\":\"https:\/\/mc-faustvrancic.com\/2024\/06\/19\/ususret-noci-knjige-2024\/\",\"name\":\"Ususret No\u0107i knjige 2024. - Memorijalni centar Faust Vran\u010di\u0107\",\"isPartOf\":{\"@id\":\"https:\/\/mc-faustvrancic.com\/#website\"},\"primaryImageOfPage\":{\"@id\":\"https:\/\/mc-faustvrancic.com\/2024\/06\/19\/ususret-noci-knjige-2024\/#primaryimage\"},\"image\":{\"@id\":\"https:\/\/mc-faustvrancic.com\/2024\/06\/19\/ususret-noci-knjige-2024\/#primaryimage\"},\"thumbnailUrl\":\"https:\/\/mc-faustvrancic.com\/wp-content\/uploads\/2024\/06\/noc-knjige-2024.jpg\",\"datePublished\":\"2024-06-19T19:13:43+00:00\",\"dateModified\":\"2024-06-19T19:13:44+00:00\",\"breadcrumb\":{\"@id\":\"https:\/\/mc-faustvrancic.com\/2024\/06\/19\/ususret-noci-knjige-2024\/#breadcrumb\"},\"inLanguage\":\"en-GB\",\"potentialAction\":[{\"@type\":\"ReadAction\",\"target\":[\"https:\/\/mc-faustvrancic.com\/2024\/06\/19\/ususret-noci-knjige-2024\/\"]}]},{\"@type\":\"ImageObject\",\"inLanguage\":\"en-GB\",\"@id\":\"https:\/\/mc-faustvrancic.com\/2024\/06\/19\/ususret-noci-knjige-2024\/#primaryimage\",\"url\":\"https:\/\/mc-faustvrancic.com\/wp-content\/uploads\/2024\/06\/noc-knjige-2024.jpg\",\"contentUrl\":\"https:\/\/mc-faustvrancic.com\/wp-content\/uploads\/2024\/06\/noc-knjige-2024.jpg\",\"width\":1144,\"height\":768},{\"@type\":\"BreadcrumbList\",\"@id\":\"https:\/\/mc-faustvrancic.com\/2024\/06\/19\/ususret-noci-knjige-2024\/#breadcrumb\",\"itemListElement\":[{\"@type\":\"ListItem\",\"position\":1,\"name\":\"Po\u010detna stranica\",\"item\":\"https:\/\/mc-faustvrancic.com\/\"},{\"@type\":\"ListItem\",\"position\":2,\"name\":\"Ususret No\u0107i knjige 2024.\"}]},{\"@type\":\"WebSite\",\"@id\":\"https:\/\/mc-faustvrancic.com\/#website\",\"url\":\"https:\/\/mc-faustvrancic.com\/\",\"name\":\"Memorijalni centar Faust Vran\u010di\u0107\",\"description\":\"\",\"publisher\":{\"@id\":\"https:\/\/mc-faustvrancic.com\/#organization\"},\"alternateName\":\"MC Faust Vran\u010di\u0107\",\"potentialAction\":[{\"@type\":\"SearchAction\",\"target\":{\"@type\":\"EntryPoint\",\"urlTemplate\":\"https:\/\/mc-faustvrancic.com\/?s={search_term_string}\"},\"query-input\":{\"@type\":\"PropertyValueSpecification\",\"valueRequired\":true,\"valueName\":\"search_term_string\"}}],\"inLanguage\":\"en-GB\"},{\"@type\":\"Organization\",\"@id\":\"https:\/\/mc-faustvrancic.com\/#organization\",\"name\":\"Memorijalni centar Faust Vran\u010di\u0107\",\"alternateName\":\"MC Faust Vran\u010di\u0107\",\"url\":\"https:\/\/mc-faustvrancic.com\/\",\"logo\":{\"@type\":\"ImageObject\",\"inLanguage\":\"en-GB\",\"@id\":\"https:\/\/mc-faustvrancic.com\/#\/schema\/logo\/image\/\",\"url\":\"https:\/\/mc-faustvrancic.com\/wp-content\/uploads\/2024\/04\/logo-crni.png\",\"contentUrl\":\"https:\/\/mc-faustvrancic.com\/wp-content\/uploads\/2024\/04\/logo-crni.png\",\"width\":265,\"height\":105,\"caption\":\"Memorijalni centar Faust Vran\u010di\u0107\"},\"image\":{\"@id\":\"https:\/\/mc-faustvrancic.com\/#\/schema\/logo\/image\/\"},\"sameAs\":[\"https:\/\/web.facebook.com\/mcfaustvrancic\/\",\"https:\/\/www.instagram.com\/mc_faustvrancic\/?hl=en&fbclid=IwAR3-lbIw4tS0ZANoVqEKrrp9z8DwHtc19D8cB-ZTRDNj_jnack8SHd6OaEA\",\"https:\/\/www.youtube.com\/channel\/UCcG32Ni5Grugo6ZdoE4mXkQ\"]},{\"@type\":\"Person\",\"@id\":\"https:\/\/mc-faustvrancic.com\/#\/schema\/person\/45c275c999c9a428c90358146afe1d55\",\"name\":\"admin\",\"image\":{\"@type\":\"ImageObject\",\"inLanguage\":\"en-GB\",\"@id\":\"https:\/\/mc-faustvrancic.com\/#\/schema\/person\/image\/\",\"url\":\"https:\/\/secure.gravatar.com\/avatar\/04838cad203d07e5dd18040172167a2fb4ff31e625ac3f986f5c9e9f2090bec3?s=96&r=g\",\"contentUrl\":\"https:\/\/secure.gravatar.com\/avatar\/04838cad203d07e5dd18040172167a2fb4ff31e625ac3f986f5c9e9f2090bec3?s=96&r=g\",\"caption\":\"admin\"},\"sameAs\":[\"https:\/\/mc-faustvrancic.com\"],\"url\":\"https:\/\/mc-faustvrancic.com\/en\/author\/admin\/\"}]}<\/script>\n<!-- \/ Yoast SEO plugin. -->","yoast_head_json":{"title":"Ususret No\u0107i knjige 2024. - Memorijalni centar Faust Vran\u010di\u0107","robots":{"index":"index","follow":"follow","max-snippet":"max-snippet:-1","max-image-preview":"max-image-preview:large","max-video-preview":"max-video-preview:-1"},"canonical":"https:\/\/mc-faustvrancic.com\/en\/2024\/06\/19\/ususret-noci-knjige-2024\/","og_locale":"en_GB","og_type":"article","og_title":"Ususret No\u0107i knjige 2024. - Memorijalni centar Faust Vran\u010di\u0107","og_description":"Ususret 13. No\u0107i knjige 2024., manifestaciji koja u sredi\u0161te interesa stavlja djela, njihove autore i \u010ditatelje. Program \u0107e se odvijati na na\u0161em You tube kanalu i to 23. travnja u ve\u010dernjim satima.Program koji smo pripremili posve\u0107en je na\u0161em otoku Prvi\u0107u. Ove godine sura\u0111ivali smo s na\u0161im pu\u010dkim pjesnicima kao i onima koji nisu s otoka [&hellip;]","og_url":"https:\/\/mc-faustvrancic.com\/en\/2024\/06\/19\/ususret-noci-knjige-2024\/","og_site_name":"Memorijalni centar Faust Vran\u010di\u0107","article_publisher":"https:\/\/web.facebook.com\/mcfaustvrancic\/","article_published_time":"2024-06-19T19:13:43+00:00","article_modified_time":"2024-06-19T19:13:44+00:00","og_image":[{"width":1144,"height":768,"url":"https:\/\/mc-faustvrancic.com\/wp-content\/uploads\/2024\/06\/noc-knjige-2024.jpg","type":"image\/jpeg"}],"author":"admin","twitter_card":"summary_large_image","twitter_misc":{"Written by":"admin","Estimated reading time":"2 minutes"},"schema":{"@context":"https:\/\/schema.org","@graph":[{"@type":"Article","@id":"https:\/\/mc-faustvrancic.com\/2024\/06\/19\/ususret-noci-knjige-2024\/#article","isPartOf":{"@id":"https:\/\/mc-faustvrancic.com\/2024\/06\/19\/ususret-noci-knjige-2024\/"},"author":{"name":"admin","@id":"https:\/\/mc-faustvrancic.com\/#\/schema\/person\/45c275c999c9a428c90358146afe1d55"},"headline":"Ususret No\u0107i knjige 2024.","datePublished":"2024-06-19T19:13:43+00:00","dateModified":"2024-06-19T19:13:44+00:00","mainEntityOfPage":{"@id":"https:\/\/mc-faustvrancic.com\/2024\/06\/19\/ususret-noci-knjige-2024\/"},"wordCount":248,"commentCount":0,"publisher":{"@id":"https:\/\/mc-faustvrancic.com\/#organization"},"image":{"@id":"https:\/\/mc-faustvrancic.com\/2024\/06\/19\/ususret-noci-knjige-2024\/#primaryimage"},"thumbnailUrl":"https:\/\/mc-faustvrancic.com\/wp-content\/uploads\/2024\/06\/noc-knjige-2024.jpg","articleSection":["Novosti"],"inLanguage":"en-GB","potentialAction":[{"@type":"CommentAction","name":"Comment","target":["https:\/\/mc-faustvrancic.com\/2024\/06\/19\/ususret-noci-knjige-2024\/#respond"]}]},{"@type":"WebPage","@id":"https:\/\/mc-faustvrancic.com\/2024\/06\/19\/ususret-noci-knjige-2024\/","url":"https:\/\/mc-faustvrancic.com\/2024\/06\/19\/ususret-noci-knjige-2024\/","name":"Ususret No\u0107i knjige 2024. - Memorijalni centar Faust Vran\u010di\u0107","isPartOf":{"@id":"https:\/\/mc-faustvrancic.com\/#website"},"primaryImageOfPage":{"@id":"https:\/\/mc-faustvrancic.com\/2024\/06\/19\/ususret-noci-knjige-2024\/#primaryimage"},"image":{"@id":"https:\/\/mc-faustvrancic.com\/2024\/06\/19\/ususret-noci-knjige-2024\/#primaryimage"},"thumbnailUrl":"https:\/\/mc-faustvrancic.com\/wp-content\/uploads\/2024\/06\/noc-knjige-2024.jpg","datePublished":"2024-06-19T19:13:43+00:00","dateModified":"2024-06-19T19:13:44+00:00","breadcrumb":{"@id":"https:\/\/mc-faustvrancic.com\/2024\/06\/19\/ususret-noci-knjige-2024\/#breadcrumb"},"inLanguage":"en-GB","potentialAction":[{"@type":"ReadAction","target":["https:\/\/mc-faustvrancic.com\/2024\/06\/19\/ususret-noci-knjige-2024\/"]}]},{"@type":"ImageObject","inLanguage":"en-GB","@id":"https:\/\/mc-faustvrancic.com\/2024\/06\/19\/ususret-noci-knjige-2024\/#primaryimage","url":"https:\/\/mc-faustvrancic.com\/wp-content\/uploads\/2024\/06\/noc-knjige-2024.jpg","contentUrl":"https:\/\/mc-faustvrancic.com\/wp-content\/uploads\/2024\/06\/noc-knjige-2024.jpg","width":1144,"height":768},{"@type":"BreadcrumbList","@id":"https:\/\/mc-faustvrancic.com\/2024\/06\/19\/ususret-noci-knjige-2024\/#breadcrumb","itemListElement":[{"@type":"ListItem","position":1,"name":"Po\u010detna stranica","item":"https:\/\/mc-faustvrancic.com\/"},{"@type":"ListItem","position":2,"name":"Ususret No\u0107i knjige 2024."}]},{"@type":"WebSite","@id":"https:\/\/mc-faustvrancic.com\/#website","url":"https:\/\/mc-faustvrancic.com\/","name":"Memorijalni centar Faust Vran\u010di\u0107","description":"","publisher":{"@id":"https:\/\/mc-faustvrancic.com\/#organization"},"alternateName":"MC Faust Vran\u010di\u0107","potentialAction":[{"@type":"SearchAction","target":{"@type":"EntryPoint","urlTemplate":"https:\/\/mc-faustvrancic.com\/?s={search_term_string}"},"query-input":{"@type":"PropertyValueSpecification","valueRequired":true,"valueName":"search_term_string"}}],"inLanguage":"en-GB"},{"@type":"Organization","@id":"https:\/\/mc-faustvrancic.com\/#organization","name":"Memorijalni centar Faust Vran\u010di\u0107","alternateName":"MC Faust Vran\u010di\u0107","url":"https:\/\/mc-faustvrancic.com\/","logo":{"@type":"ImageObject","inLanguage":"en-GB","@id":"https:\/\/mc-faustvrancic.com\/#\/schema\/logo\/image\/","url":"https:\/\/mc-faustvrancic.com\/wp-content\/uploads\/2024\/04\/logo-crni.png","contentUrl":"https:\/\/mc-faustvrancic.com\/wp-content\/uploads\/2024\/04\/logo-crni.png","width":265,"height":105,"caption":"Memorijalni centar Faust Vran\u010di\u0107"},"image":{"@id":"https:\/\/mc-faustvrancic.com\/#\/schema\/logo\/image\/"},"sameAs":["https:\/\/web.facebook.com\/mcfaustvrancic\/","https:\/\/www.instagram.com\/mc_faustvrancic\/?hl=en&fbclid=IwAR3-lbIw4tS0ZANoVqEKrrp9z8DwHtc19D8cB-ZTRDNj_jnack8SHd6OaEA","https:\/\/www.youtube.com\/channel\/UCcG32Ni5Grugo6ZdoE4mXkQ"]},{"@type":"Person","@id":"https:\/\/mc-faustvrancic.com\/#\/schema\/person\/45c275c999c9a428c90358146afe1d55","name":"admin","image":{"@type":"ImageObject","inLanguage":"en-GB","@id":"https:\/\/mc-faustvrancic.com\/#\/schema\/person\/image\/","url":"https:\/\/secure.gravatar.com\/avatar\/04838cad203d07e5dd18040172167a2fb4ff31e625ac3f986f5c9e9f2090bec3?s=96&r=g","contentUrl":"https:\/\/secure.gravatar.com\/avatar\/04838cad203d07e5dd18040172167a2fb4ff31e625ac3f986f5c9e9f2090bec3?s=96&r=g","caption":"admin"},"sameAs":["https:\/\/mc-faustvrancic.com"],"url":"https:\/\/mc-faustvrancic.com\/en\/author\/admin\/"}]}},"_links":{"self":[{"href":"https:\/\/mc-faustvrancic.com\/en\/wp-json\/wp\/v2\/posts\/2858","targetHints":{"allow":["GET"]}}],"collection":[{"href":"https:\/\/mc-faustvrancic.com\/en\/wp-json\/wp\/v2\/posts"}],"about":[{"href":"https:\/\/mc-faustvrancic.com\/en\/wp-json\/wp\/v2\/types\/post"}],"author":[{"embeddable":true,"href":"https:\/\/mc-faustvrancic.com\/en\/wp-json\/wp\/v2\/users\/1"}],"replies":[{"embeddable":true,"href":"https:\/\/mc-faustvrancic.com\/en\/wp-json\/wp\/v2\/comments?post=2858"}],"version-history":[{"count":0,"href":"https:\/\/mc-faustvrancic.com\/en\/wp-json\/wp\/v2\/posts\/2858\/revisions"}],"wp:featuredmedia":[{"embeddable":true,"href":"https:\/\/mc-faustvrancic.com\/en\/wp-json\/wp\/v2\/media\/2859"}],"wp:attachment":[{"href":"https:\/\/mc-faustvrancic.com\/en\/wp-json\/wp\/v2\/media?parent=2858"}],"wp:term":[{"taxonomy":"category","embeddable":true,"href":"https:\/\/mc-faustvrancic.com\/en\/wp-json\/wp\/v2\/categories?post=2858"},{"taxonomy":"post_tag","embeddable":true,"href":"https:\/\/mc-faustvrancic.com\/en\/wp-json\/wp\/v2\/tags?post=2858"}],"curies":[{"name":"wp","href":"https:\/\/api.w.org\/{rel}","templated":true}]}}