{"id":2842,"date":"2024-06-19T21:03:54","date_gmt":"2024-06-19T19:03:54","guid":{"rendered":"https:\/\/mc-faustvrancic.com\/?p=2842"},"modified":"2024-06-19T21:09:53","modified_gmt":"2024-06-19T19:09:53","slug":"dvd-prvic-sepurine-odrzao-vjezbu-gasenja-u-centru","status":"publish","type":"post","link":"https:\/\/mc-faustvrancic.com\/en\/2024\/06\/19\/dvd-prvic-sepurine-odrzao-vjezbu-gasenja-u-centru\/","title":{"rendered":"DVD Prvi\u0107 \u0160epurine odr\u017eao vje\u017ebu ga\u0161enja u Centru"},"content":{"rendered":"<div data-elementor-type=\"wp-post\" data-elementor-id=\"2842\" class=\"elementor elementor-2842\" data-elementor-post-type=\"post\">\n\t\t\t\t<div data-particle_enable=\"false\" data-particle-mobile-disabled=\"false\" class=\"elementor-element elementor-element-7e64565c e-flex e-con-boxed e-con e-parent\" data-id=\"7e64565c\" data-element_type=\"container\">\n\t\t\t\t\t<div class=\"e-con-inner\">\n\t\t\t\t<div class=\"elementor-element elementor-element-3ecf883a elementor-widget elementor-widget-text-editor\" data-id=\"3ecf883a\" data-element_type=\"widget\" data-widget_type=\"text-editor.default\">\n\t\t\t\t<div class=\"elementor-widget-container\">\n\t\t\t\t\t\t\t\t\t\n<p>U ponedjeljak 8. travnja, DVD Prvi\u0107 \u0160epurine odr\u017eao vje\u017ebu ga\u0161enja unutarnjeg prostora u na\u0161em Centru. Na vje\u017ebi je sudjelovalo 11 dobrovoljnih vatrogasaca od \u010dega su bile 4 \u017eene.<br>Hvala de\u010dkima i curama na po\u017ertvovnosti i trudu. Bilo je zabavno ali i vrlo vrlo korisno za nas i cijelu zajednicu.<\/p>\n\t\t\t\t\t\t\t\t<\/div>\n\t\t\t\t<\/div>\n\t\t\t\t\t<\/div>\n\t\t\t\t<\/div>\n\t\t<div data-particle_enable=\"false\" data-particle-mobile-disabled=\"false\" class=\"elementor-element elementor-element-61a26a4 e-flex e-con-boxed e-con e-parent\" data-id=\"61a26a4\" data-element_type=\"container\">\n\t\t\t\t\t<div class=\"e-con-inner\">\n\t\t\t\t<div class=\"elementor-element elementor-element-28dcfd8 elementor-widget elementor-widget-gallery\" data-id=\"28dcfd8\" data-element_type=\"widget\" data-settings=\"{&quot;columns&quot;:3,&quot;lazyload&quot;:&quot;yes&quot;,&quot;gallery_layout&quot;:&quot;grid&quot;,&quot;columns_tablet&quot;:2,&quot;columns_mobile&quot;:1,&quot;gap&quot;:{&quot;unit&quot;:&quot;px&quot;,&quot;size&quot;:10,&quot;sizes&quot;:[]},&quot;gap_tablet&quot;:{&quot;unit&quot;:&quot;px&quot;,&quot;size&quot;:10,&quot;sizes&quot;:[]},&quot;gap_mobile&quot;:{&quot;unit&quot;:&quot;px&quot;,&quot;size&quot;:10,&quot;sizes&quot;:[]},&quot;link_to&quot;:&quot;file&quot;,&quot;aspect_ratio&quot;:&quot;3:2&quot;,&quot;content_hover_animation&quot;:&quot;fade-in&quot;}\" data-widget_type=\"gallery.default\">\n\t\t\t\t<div class=\"elementor-widget-container\">\n\t\t\t\t\t\t\t<div class=\"elementor-gallery__container\">\n\t\t\t\t\t\t\t<a class=\"e-gallery-item elementor-gallery-item elementor-animated-content\" href=\"https:\/\/mc-faustvrancic.com\/wp-content\/uploads\/2024\/06\/436747889_941329898000461_2070056681911285094_n.jpg\" data-elementor-open-lightbox=\"yes\" data-elementor-lightbox-slideshow=\"28dcfd8\" data-elementor-lightbox-title=\"436747889_941329898000461_2070056681911285094_n\" data-e-action-hash=\"#elementor-action%3Aaction%3Dlightbox%26settings%3DeyJpZCI6Mjg0NywidXJsIjoiaHR0cHM6XC9cL21jLWZhdXN0dnJhbmNpYy5jb21cL3dwLWNvbnRlbnRcL3VwbG9hZHNcLzIwMjRcLzA2XC80MzY3NDc4ODlfOTQxMzI5ODk4MDAwNDYxXzIwNzAwNTY2ODE5MTEyODUwOTRfbi5qcGciLCJzbGlkZXNob3ciOiIyOGRjZmQ4In0%3D\">\n\t\t\t\t\t<div class=\"e-gallery-image elementor-gallery-item__image\" data-thumbnail=\"https:\/\/mc-faustvrancic.com\/wp-content\/uploads\/2024\/06\/436747889_941329898000461_2070056681911285094_n.jpg\" data-width=\"1440\" data-height=\"1440\" aria-label=\"\" role=\"img\" ><\/div>\n\t\t\t\t\t\t\t\t\t\t\t\t\t\t<\/a>\n\t\t\t\t\t\t\t<a class=\"e-gallery-item elementor-gallery-item elementor-animated-content\" href=\"https:\/\/mc-faustvrancic.com\/wp-content\/uploads\/2024\/06\/436658323_941329908000460_3402185486317996455_n.jpg\" data-elementor-open-lightbox=\"yes\" data-elementor-lightbox-slideshow=\"28dcfd8\" data-elementor-lightbox-title=\"436658323_941329908000460_3402185486317996455_n\" data-e-action-hash=\"#elementor-action%3Aaction%3Dlightbox%26settings%3DeyJpZCI6Mjg0OCwidXJsIjoiaHR0cHM6XC9cL21jLWZhdXN0dnJhbmNpYy5jb21cL3dwLWNvbnRlbnRcL3VwbG9hZHNcLzIwMjRcLzA2XC80MzY2NTgzMjNfOTQxMzI5OTA4MDAwNDYwXzM0MDIxODU0ODYzMTc5OTY0NTVfbi5qcGciLCJzbGlkZXNob3ciOiIyOGRjZmQ4In0%3D\">\n\t\t\t\t\t<div class=\"e-gallery-image elementor-gallery-item__image\" data-thumbnail=\"https:\/\/mc-faustvrancic.com\/wp-content\/uploads\/2024\/06\/436658323_941329908000460_3402185486317996455_n.jpg\" data-width=\"1440\" data-height=\"1440\" aria-label=\"\" role=\"img\" ><\/div>\n\t\t\t\t\t\t\t\t\t\t\t\t\t\t<\/a>\n\t\t\t\t\t\t\t<a class=\"e-gallery-item elementor-gallery-item elementor-animated-content\" href=\"https:\/\/mc-faustvrancic.com\/wp-content\/uploads\/2024\/06\/436481660_941329891333795_4883737405418983564_n.jpg\" data-elementor-open-lightbox=\"yes\" data-elementor-lightbox-slideshow=\"28dcfd8\" data-elementor-lightbox-title=\"436481660_941329891333795_4883737405418983564_n\" data-e-action-hash=\"#elementor-action%3Aaction%3Dlightbox%26settings%3DeyJpZCI6Mjg0OSwidXJsIjoiaHR0cHM6XC9cL21jLWZhdXN0dnJhbmNpYy5jb21cL3dwLWNvbnRlbnRcL3VwbG9hZHNcLzIwMjRcLzA2XC80MzY0ODE2NjBfOTQxMzI5ODkxMzMzNzk1XzQ4ODM3Mzc0MDU0MTg5ODM1NjRfbi5qcGciLCJzbGlkZXNob3ciOiIyOGRjZmQ4In0%3D\">\n\t\t\t\t\t<div class=\"e-gallery-image elementor-gallery-item__image\" data-thumbnail=\"https:\/\/mc-faustvrancic.com\/wp-content\/uploads\/2024\/06\/436481660_941329891333795_4883737405418983564_n.jpg\" data-width=\"1440\" data-height=\"1440\" aria-label=\"\" role=\"img\" ><\/div>\n\t\t\t\t\t\t\t\t\t\t\t\t\t\t<\/a>\n\t\t\t\t\t\t\t<a class=\"e-gallery-item elementor-gallery-item elementor-animated-content\" href=\"https:\/\/mc-faustvrancic.com\/wp-content\/uploads\/2024\/06\/436366095_941329894667128_1199772042396480800_n.jpg\" data-elementor-open-lightbox=\"yes\" data-elementor-lightbox-slideshow=\"28dcfd8\" data-elementor-lightbox-title=\"436366095_941329894667128_1199772042396480800_n\" data-e-action-hash=\"#elementor-action%3Aaction%3Dlightbox%26settings%3DeyJpZCI6Mjg1MCwidXJsIjoiaHR0cHM6XC9cL21jLWZhdXN0dnJhbmNpYy5jb21cL3dwLWNvbnRlbnRcL3VwbG9hZHNcLzIwMjRcLzA2XC80MzYzNjYwOTVfOTQxMzI5ODk0NjY3MTI4XzExOTk3NzIwNDIzOTY0ODA4MDBfbi5qcGciLCJzbGlkZXNob3ciOiIyOGRjZmQ4In0%3D\">\n\t\t\t\t\t<div class=\"e-gallery-image elementor-gallery-item__image\" data-thumbnail=\"https:\/\/mc-faustvrancic.com\/wp-content\/uploads\/2024\/06\/436366095_941329894667128_1199772042396480800_n.jpg\" data-width=\"1440\" data-height=\"1440\" aria-label=\"\" role=\"img\" ><\/div>\n\t\t\t\t\t\t\t\t\t\t\t\t\t\t<\/a>\n\t\t\t\t\t\t\t<a class=\"e-gallery-item elementor-gallery-item elementor-animated-content\" href=\"https:\/\/mc-faustvrancic.com\/wp-content\/uploads\/2024\/06\/436097603_941329911333793_7327216950572289817_n.jpg\" data-elementor-open-lightbox=\"yes\" data-elementor-lightbox-slideshow=\"28dcfd8\" data-elementor-lightbox-title=\"436097603_941329911333793_7327216950572289817_n\" data-e-action-hash=\"#elementor-action%3Aaction%3Dlightbox%26settings%3DeyJpZCI6Mjg1MSwidXJsIjoiaHR0cHM6XC9cL21jLWZhdXN0dnJhbmNpYy5jb21cL3dwLWNvbnRlbnRcL3VwbG9hZHNcLzIwMjRcLzA2XC80MzYwOTc2MDNfOTQxMzI5OTExMzMzNzkzXzczMjcyMTY5NTA1NzIyODk4MTdfbi5qcGciLCJzbGlkZXNob3ciOiIyOGRjZmQ4In0%3D\">\n\t\t\t\t\t<div class=\"e-gallery-image elementor-gallery-item__image\" data-thumbnail=\"https:\/\/mc-faustvrancic.com\/wp-content\/uploads\/2024\/06\/436097603_941329911333793_7327216950572289817_n.jpg\" data-width=\"1440\" data-height=\"1440\" aria-label=\"\" role=\"img\" ><\/div>\n\t\t\t\t\t\t\t\t\t\t\t\t\t\t<\/a>\n\t\t\t\t\t\t\t<a class=\"e-gallery-item elementor-gallery-item elementor-animated-content\" href=\"https:\/\/mc-faustvrancic.com\/wp-content\/uploads\/2024\/06\/436787531_941329904667127_5654046753058826560_n-1.jpg\" data-elementor-open-lightbox=\"yes\" data-elementor-lightbox-slideshow=\"28dcfd8\" data-elementor-lightbox-title=\"436787531_941329904667127_5654046753058826560_n-1\" data-e-action-hash=\"#elementor-action%3Aaction%3Dlightbox%26settings%3DeyJpZCI6Mjg0MywidXJsIjoiaHR0cHM6XC9cL21jLWZhdXN0dnJhbmNpYy5jb21cL3dwLWNvbnRlbnRcL3VwbG9hZHNcLzIwMjRcLzA2XC80MzY3ODc1MzFfOTQxMzI5OTA0NjY3MTI3XzU2NTQwNDY3NTMwNTg4MjY1NjBfbi0xLmpwZyIsInNsaWRlc2hvdyI6IjI4ZGNmZDgifQ%3D%3D\">\n\t\t\t\t\t<div class=\"e-gallery-image elementor-gallery-item__image\" data-thumbnail=\"https:\/\/mc-faustvrancic.com\/wp-content\/uploads\/2024\/06\/436787531_941329904667127_5654046753058826560_n-1.jpg\" data-width=\"1440\" data-height=\"1440\" aria-label=\"\" role=\"img\" ><\/div>\n\t\t\t\t\t\t\t\t\t\t\t\t\t\t<\/a>\n\t\t\t\t\t<\/div>\n\t\t\t\t\t<\/div>\n\t\t\t\t<\/div>\n\t\t\t\t\t<\/div>\n\t\t\t\t<\/div>\n\t\t\t\t<\/div>","protected":false},"excerpt":{"rendered":"<p>U ponedjeljak 8. travnja, DVD Prvi\u0107 \u0160epurine odr\u017eao vje\u017ebu ga\u0161enja unutarnjeg prostora u na\u0161em Centru. Na vje\u017ebi je sudjelovalo 11 dobrovoljnih vatrogasaca od \u010dega su bile 4 \u017eene.Hvala de\u010dkima i curama na po\u017ertvovnosti i trudu. Bilo je zabavno ali i vrlo vrlo korisno za nas i cijelu zajednicu.<\/p>","protected":false},"author":1,"featured_media":2843,"comment_status":"open","ping_status":"open","sticky":false,"template":"","format":"standard","meta":{"_acf_changed":false,"footnotes":""},"categories":[1],"tags":[],"class_list":["post-2842","post","type-post","status-publish","format-standard","has-post-thumbnail","hentry","category-novosti"],"acf":[],"yoast_head":"<!-- This site is optimized with the Yoast SEO plugin v26.8 - https:\/\/yoast.com\/product\/yoast-seo-wordpress\/ -->\n<title>DVD Prvi\u0107 \u0160epurine odr\u017eao vje\u017ebu ga\u0161enja u Centru - Memorijalni centar Faust Vran\u010di\u0107<\/title>\n<meta name=\"robots\" content=\"index, follow, max-snippet:-1, max-image-preview:large, max-video-preview:-1\" \/>\n<link rel=\"canonical\" href=\"https:\/\/mc-faustvrancic.com\/en\/2024\/06\/19\/dvd-prvic-sepurine-odrzao-vjezbu-gasenja-u-centru\/\" \/>\n<meta property=\"og:locale\" content=\"en_GB\" \/>\n<meta property=\"og:type\" content=\"article\" \/>\n<meta property=\"og:title\" content=\"DVD Prvi\u0107 \u0160epurine odr\u017eao vje\u017ebu ga\u0161enja u Centru - Memorijalni centar Faust Vran\u010di\u0107\" \/>\n<meta property=\"og:description\" content=\"U ponedjeljak 8. travnja, DVD Prvi\u0107 \u0160epurine odr\u017eao vje\u017ebu ga\u0161enja unutarnjeg prostora u na\u0161em Centru. Na vje\u017ebi je sudjelovalo 11 dobrovoljnih vatrogasaca od \u010dega su bile 4 \u017eene.Hvala de\u010dkima i curama na po\u017ertvovnosti i trudu. Bilo je zabavno ali i vrlo vrlo korisno za nas i cijelu zajednicu.\" \/>\n<meta property=\"og:url\" content=\"https:\/\/mc-faustvrancic.com\/en\/2024\/06\/19\/dvd-prvic-sepurine-odrzao-vjezbu-gasenja-u-centru\/\" \/>\n<meta property=\"og:site_name\" content=\"Memorijalni centar Faust Vran\u010di\u0107\" \/>\n<meta property=\"article:publisher\" content=\"https:\/\/web.facebook.com\/mcfaustvrancic\/\" \/>\n<meta property=\"article:published_time\" content=\"2024-06-19T19:03:54+00:00\" \/>\n<meta property=\"article:modified_time\" content=\"2024-06-19T19:09:53+00:00\" \/>\n<meta property=\"og:image\" content=\"https:\/\/mc-faustvrancic.com\/wp-content\/uploads\/2024\/06\/436787531_941329904667127_5654046753058826560_n-1.jpg\" \/>\n\t<meta property=\"og:image:width\" content=\"1440\" \/>\n\t<meta property=\"og:image:height\" content=\"1440\" \/>\n\t<meta property=\"og:image:type\" content=\"image\/jpeg\" \/>\n<meta name=\"author\" content=\"admin\" \/>\n<meta name=\"twitter:card\" content=\"summary_large_image\" \/>\n<meta name=\"twitter:label1\" content=\"Written by\" \/>\n\t<meta name=\"twitter:data1\" content=\"admin\" \/>\n\t<meta name=\"twitter:label2\" content=\"Estimated reading time\" \/>\n\t<meta name=\"twitter:data2\" content=\"1 minute\" \/>\n<script type=\"application\/ld+json\" class=\"yoast-schema-graph\">{\"@context\":\"https:\/\/schema.org\",\"@graph\":[{\"@type\":\"Article\",\"@id\":\"https:\/\/mc-faustvrancic.com\/2024\/06\/19\/dvd-prvic-sepurine-odrzao-vjezbu-gasenja-u-centru\/#article\",\"isPartOf\":{\"@id\":\"https:\/\/mc-faustvrancic.com\/2024\/06\/19\/dvd-prvic-sepurine-odrzao-vjezbu-gasenja-u-centru\/\"},\"author\":{\"name\":\"admin\",\"@id\":\"https:\/\/mc-faustvrancic.com\/#\/schema\/person\/45c275c999c9a428c90358146afe1d55\"},\"headline\":\"DVD Prvi\u0107 \u0160epurine odr\u017eao vje\u017ebu ga\u0161enja u Centru\",\"datePublished\":\"2024-06-19T19:03:54+00:00\",\"dateModified\":\"2024-06-19T19:09:53+00:00\",\"mainEntityOfPage\":{\"@id\":\"https:\/\/mc-faustvrancic.com\/2024\/06\/19\/dvd-prvic-sepurine-odrzao-vjezbu-gasenja-u-centru\/\"},\"wordCount\":64,\"commentCount\":0,\"publisher\":{\"@id\":\"https:\/\/mc-faustvrancic.com\/#organization\"},\"image\":{\"@id\":\"https:\/\/mc-faustvrancic.com\/2024\/06\/19\/dvd-prvic-sepurine-odrzao-vjezbu-gasenja-u-centru\/#primaryimage\"},\"thumbnailUrl\":\"https:\/\/mc-faustvrancic.com\/wp-content\/uploads\/2024\/06\/436787531_941329904667127_5654046753058826560_n-1.jpg\",\"articleSection\":[\"Novosti\"],\"inLanguage\":\"en-GB\",\"potentialAction\":[{\"@type\":\"CommentAction\",\"name\":\"Comment\",\"target\":[\"https:\/\/mc-faustvrancic.com\/2024\/06\/19\/dvd-prvic-sepurine-odrzao-vjezbu-gasenja-u-centru\/#respond\"]}]},{\"@type\":\"WebPage\",\"@id\":\"https:\/\/mc-faustvrancic.com\/2024\/06\/19\/dvd-prvic-sepurine-odrzao-vjezbu-gasenja-u-centru\/\",\"url\":\"https:\/\/mc-faustvrancic.com\/2024\/06\/19\/dvd-prvic-sepurine-odrzao-vjezbu-gasenja-u-centru\/\",\"name\":\"DVD Prvi\u0107 \u0160epurine odr\u017eao vje\u017ebu ga\u0161enja u Centru - Memorijalni centar Faust Vran\u010di\u0107\",\"isPartOf\":{\"@id\":\"https:\/\/mc-faustvrancic.com\/#website\"},\"primaryImageOfPage\":{\"@id\":\"https:\/\/mc-faustvrancic.com\/2024\/06\/19\/dvd-prvic-sepurine-odrzao-vjezbu-gasenja-u-centru\/#primaryimage\"},\"image\":{\"@id\":\"https:\/\/mc-faustvrancic.com\/2024\/06\/19\/dvd-prvic-sepurine-odrzao-vjezbu-gasenja-u-centru\/#primaryimage\"},\"thumbnailUrl\":\"https:\/\/mc-faustvrancic.com\/wp-content\/uploads\/2024\/06\/436787531_941329904667127_5654046753058826560_n-1.jpg\",\"datePublished\":\"2024-06-19T19:03:54+00:00\",\"dateModified\":\"2024-06-19T19:09:53+00:00\",\"breadcrumb\":{\"@id\":\"https:\/\/mc-faustvrancic.com\/2024\/06\/19\/dvd-prvic-sepurine-odrzao-vjezbu-gasenja-u-centru\/#breadcrumb\"},\"inLanguage\":\"en-GB\",\"potentialAction\":[{\"@type\":\"ReadAction\",\"target\":[\"https:\/\/mc-faustvrancic.com\/2024\/06\/19\/dvd-prvic-sepurine-odrzao-vjezbu-gasenja-u-centru\/\"]}]},{\"@type\":\"ImageObject\",\"inLanguage\":\"en-GB\",\"@id\":\"https:\/\/mc-faustvrancic.com\/2024\/06\/19\/dvd-prvic-sepurine-odrzao-vjezbu-gasenja-u-centru\/#primaryimage\",\"url\":\"https:\/\/mc-faustvrancic.com\/wp-content\/uploads\/2024\/06\/436787531_941329904667127_5654046753058826560_n-1.jpg\",\"contentUrl\":\"https:\/\/mc-faustvrancic.com\/wp-content\/uploads\/2024\/06\/436787531_941329904667127_5654046753058826560_n-1.jpg\",\"width\":1440,\"height\":1440},{\"@type\":\"BreadcrumbList\",\"@id\":\"https:\/\/mc-faustvrancic.com\/2024\/06\/19\/dvd-prvic-sepurine-odrzao-vjezbu-gasenja-u-centru\/#breadcrumb\",\"itemListElement\":[{\"@type\":\"ListItem\",\"position\":1,\"name\":\"Po\u010detna stranica\",\"item\":\"https:\/\/mc-faustvrancic.com\/\"},{\"@type\":\"ListItem\",\"position\":2,\"name\":\"DVD Prvi\u0107 \u0160epurine odr\u017eao vje\u017ebu ga\u0161enja u Centru\"}]},{\"@type\":\"WebSite\",\"@id\":\"https:\/\/mc-faustvrancic.com\/#website\",\"url\":\"https:\/\/mc-faustvrancic.com\/\",\"name\":\"Memorijalni centar Faust Vran\u010di\u0107\",\"description\":\"\",\"publisher\":{\"@id\":\"https:\/\/mc-faustvrancic.com\/#organization\"},\"alternateName\":\"MC Faust Vran\u010di\u0107\",\"potentialAction\":[{\"@type\":\"SearchAction\",\"target\":{\"@type\":\"EntryPoint\",\"urlTemplate\":\"https:\/\/mc-faustvrancic.com\/?s={search_term_string}\"},\"query-input\":{\"@type\":\"PropertyValueSpecification\",\"valueRequired\":true,\"valueName\":\"search_term_string\"}}],\"inLanguage\":\"en-GB\"},{\"@type\":\"Organization\",\"@id\":\"https:\/\/mc-faustvrancic.com\/#organization\",\"name\":\"Memorijalni centar Faust Vran\u010di\u0107\",\"alternateName\":\"MC Faust Vran\u010di\u0107\",\"url\":\"https:\/\/mc-faustvrancic.com\/\",\"logo\":{\"@type\":\"ImageObject\",\"inLanguage\":\"en-GB\",\"@id\":\"https:\/\/mc-faustvrancic.com\/#\/schema\/logo\/image\/\",\"url\":\"https:\/\/mc-faustvrancic.com\/wp-content\/uploads\/2024\/04\/logo-crni.png\",\"contentUrl\":\"https:\/\/mc-faustvrancic.com\/wp-content\/uploads\/2024\/04\/logo-crni.png\",\"width\":265,\"height\":105,\"caption\":\"Memorijalni centar Faust Vran\u010di\u0107\"},\"image\":{\"@id\":\"https:\/\/mc-faustvrancic.com\/#\/schema\/logo\/image\/\"},\"sameAs\":[\"https:\/\/web.facebook.com\/mcfaustvrancic\/\",\"https:\/\/www.instagram.com\/mc_faustvrancic\/?hl=en&fbclid=IwAR3-lbIw4tS0ZANoVqEKrrp9z8DwHtc19D8cB-ZTRDNj_jnack8SHd6OaEA\",\"https:\/\/www.youtube.com\/channel\/UCcG32Ni5Grugo6ZdoE4mXkQ\"]},{\"@type\":\"Person\",\"@id\":\"https:\/\/mc-faustvrancic.com\/#\/schema\/person\/45c275c999c9a428c90358146afe1d55\",\"name\":\"admin\",\"image\":{\"@type\":\"ImageObject\",\"inLanguage\":\"en-GB\",\"@id\":\"https:\/\/mc-faustvrancic.com\/#\/schema\/person\/image\/\",\"url\":\"https:\/\/secure.gravatar.com\/avatar\/04838cad203d07e5dd18040172167a2fb4ff31e625ac3f986f5c9e9f2090bec3?s=96&r=g\",\"contentUrl\":\"https:\/\/secure.gravatar.com\/avatar\/04838cad203d07e5dd18040172167a2fb4ff31e625ac3f986f5c9e9f2090bec3?s=96&r=g\",\"caption\":\"admin\"},\"sameAs\":[\"https:\/\/mc-faustvrancic.com\"],\"url\":\"https:\/\/mc-faustvrancic.com\/en\/author\/admin\/\"}]}<\/script>\n<!-- \/ Yoast SEO plugin. -->","yoast_head_json":{"title":"DVD Prvi\u0107 \u0160epurine odr\u017eao vje\u017ebu ga\u0161enja u Centru - Memorijalni centar Faust Vran\u010di\u0107","robots":{"index":"index","follow":"follow","max-snippet":"max-snippet:-1","max-image-preview":"max-image-preview:large","max-video-preview":"max-video-preview:-1"},"canonical":"https:\/\/mc-faustvrancic.com\/en\/2024\/06\/19\/dvd-prvic-sepurine-odrzao-vjezbu-gasenja-u-centru\/","og_locale":"en_GB","og_type":"article","og_title":"DVD Prvi\u0107 \u0160epurine odr\u017eao vje\u017ebu ga\u0161enja u Centru - Memorijalni centar Faust Vran\u010di\u0107","og_description":"U ponedjeljak 8. travnja, DVD Prvi\u0107 \u0160epurine odr\u017eao vje\u017ebu ga\u0161enja unutarnjeg prostora u na\u0161em Centru. Na vje\u017ebi je sudjelovalo 11 dobrovoljnih vatrogasaca od \u010dega su bile 4 \u017eene.Hvala de\u010dkima i curama na po\u017ertvovnosti i trudu. Bilo je zabavno ali i vrlo vrlo korisno za nas i cijelu zajednicu.","og_url":"https:\/\/mc-faustvrancic.com\/en\/2024\/06\/19\/dvd-prvic-sepurine-odrzao-vjezbu-gasenja-u-centru\/","og_site_name":"Memorijalni centar Faust Vran\u010di\u0107","article_publisher":"https:\/\/web.facebook.com\/mcfaustvrancic\/","article_published_time":"2024-06-19T19:03:54+00:00","article_modified_time":"2024-06-19T19:09:53+00:00","og_image":[{"width":1440,"height":1440,"url":"https:\/\/mc-faustvrancic.com\/wp-content\/uploads\/2024\/06\/436787531_941329904667127_5654046753058826560_n-1.jpg","type":"image\/jpeg"}],"author":"admin","twitter_card":"summary_large_image","twitter_misc":{"Written by":"admin","Estimated reading time":"1 minute"},"schema":{"@context":"https:\/\/schema.org","@graph":[{"@type":"Article","@id":"https:\/\/mc-faustvrancic.com\/2024\/06\/19\/dvd-prvic-sepurine-odrzao-vjezbu-gasenja-u-centru\/#article","isPartOf":{"@id":"https:\/\/mc-faustvrancic.com\/2024\/06\/19\/dvd-prvic-sepurine-odrzao-vjezbu-gasenja-u-centru\/"},"author":{"name":"admin","@id":"https:\/\/mc-faustvrancic.com\/#\/schema\/person\/45c275c999c9a428c90358146afe1d55"},"headline":"DVD Prvi\u0107 \u0160epurine odr\u017eao vje\u017ebu ga\u0161enja u Centru","datePublished":"2024-06-19T19:03:54+00:00","dateModified":"2024-06-19T19:09:53+00:00","mainEntityOfPage":{"@id":"https:\/\/mc-faustvrancic.com\/2024\/06\/19\/dvd-prvic-sepurine-odrzao-vjezbu-gasenja-u-centru\/"},"wordCount":64,"commentCount":0,"publisher":{"@id":"https:\/\/mc-faustvrancic.com\/#organization"},"image":{"@id":"https:\/\/mc-faustvrancic.com\/2024\/06\/19\/dvd-prvic-sepurine-odrzao-vjezbu-gasenja-u-centru\/#primaryimage"},"thumbnailUrl":"https:\/\/mc-faustvrancic.com\/wp-content\/uploads\/2024\/06\/436787531_941329904667127_5654046753058826560_n-1.jpg","articleSection":["Novosti"],"inLanguage":"en-GB","potentialAction":[{"@type":"CommentAction","name":"Comment","target":["https:\/\/mc-faustvrancic.com\/2024\/06\/19\/dvd-prvic-sepurine-odrzao-vjezbu-gasenja-u-centru\/#respond"]}]},{"@type":"WebPage","@id":"https:\/\/mc-faustvrancic.com\/2024\/06\/19\/dvd-prvic-sepurine-odrzao-vjezbu-gasenja-u-centru\/","url":"https:\/\/mc-faustvrancic.com\/2024\/06\/19\/dvd-prvic-sepurine-odrzao-vjezbu-gasenja-u-centru\/","name":"DVD Prvi\u0107 \u0160epurine odr\u017eao vje\u017ebu ga\u0161enja u Centru - Memorijalni centar Faust Vran\u010di\u0107","isPartOf":{"@id":"https:\/\/mc-faustvrancic.com\/#website"},"primaryImageOfPage":{"@id":"https:\/\/mc-faustvrancic.com\/2024\/06\/19\/dvd-prvic-sepurine-odrzao-vjezbu-gasenja-u-centru\/#primaryimage"},"image":{"@id":"https:\/\/mc-faustvrancic.com\/2024\/06\/19\/dvd-prvic-sepurine-odrzao-vjezbu-gasenja-u-centru\/#primaryimage"},"thumbnailUrl":"https:\/\/mc-faustvrancic.com\/wp-content\/uploads\/2024\/06\/436787531_941329904667127_5654046753058826560_n-1.jpg","datePublished":"2024-06-19T19:03:54+00:00","dateModified":"2024-06-19T19:09:53+00:00","breadcrumb":{"@id":"https:\/\/mc-faustvrancic.com\/2024\/06\/19\/dvd-prvic-sepurine-odrzao-vjezbu-gasenja-u-centru\/#breadcrumb"},"inLanguage":"en-GB","potentialAction":[{"@type":"ReadAction","target":["https:\/\/mc-faustvrancic.com\/2024\/06\/19\/dvd-prvic-sepurine-odrzao-vjezbu-gasenja-u-centru\/"]}]},{"@type":"ImageObject","inLanguage":"en-GB","@id":"https:\/\/mc-faustvrancic.com\/2024\/06\/19\/dvd-prvic-sepurine-odrzao-vjezbu-gasenja-u-centru\/#primaryimage","url":"https:\/\/mc-faustvrancic.com\/wp-content\/uploads\/2024\/06\/436787531_941329904667127_5654046753058826560_n-1.jpg","contentUrl":"https:\/\/mc-faustvrancic.com\/wp-content\/uploads\/2024\/06\/436787531_941329904667127_5654046753058826560_n-1.jpg","width":1440,"height":1440},{"@type":"BreadcrumbList","@id":"https:\/\/mc-faustvrancic.com\/2024\/06\/19\/dvd-prvic-sepurine-odrzao-vjezbu-gasenja-u-centru\/#breadcrumb","itemListElement":[{"@type":"ListItem","position":1,"name":"Po\u010detna stranica","item":"https:\/\/mc-faustvrancic.com\/"},{"@type":"ListItem","position":2,"name":"DVD Prvi\u0107 \u0160epurine odr\u017eao vje\u017ebu ga\u0161enja u Centru"}]},{"@type":"WebSite","@id":"https:\/\/mc-faustvrancic.com\/#website","url":"https:\/\/mc-faustvrancic.com\/","name":"Memorijalni centar Faust Vran\u010di\u0107","description":"","publisher":{"@id":"https:\/\/mc-faustvrancic.com\/#organization"},"alternateName":"MC Faust Vran\u010di\u0107","potentialAction":[{"@type":"SearchAction","target":{"@type":"EntryPoint","urlTemplate":"https:\/\/mc-faustvrancic.com\/?s={search_term_string}"},"query-input":{"@type":"PropertyValueSpecification","valueRequired":true,"valueName":"search_term_string"}}],"inLanguage":"en-GB"},{"@type":"Organization","@id":"https:\/\/mc-faustvrancic.com\/#organization","name":"Memorijalni centar Faust Vran\u010di\u0107","alternateName":"MC Faust Vran\u010di\u0107","url":"https:\/\/mc-faustvrancic.com\/","logo":{"@type":"ImageObject","inLanguage":"en-GB","@id":"https:\/\/mc-faustvrancic.com\/#\/schema\/logo\/image\/","url":"https:\/\/mc-faustvrancic.com\/wp-content\/uploads\/2024\/04\/logo-crni.png","contentUrl":"https:\/\/mc-faustvrancic.com\/wp-content\/uploads\/2024\/04\/logo-crni.png","width":265,"height":105,"caption":"Memorijalni centar Faust Vran\u010di\u0107"},"image":{"@id":"https:\/\/mc-faustvrancic.com\/#\/schema\/logo\/image\/"},"sameAs":["https:\/\/web.facebook.com\/mcfaustvrancic\/","https:\/\/www.instagram.com\/mc_faustvrancic\/?hl=en&fbclid=IwAR3-lbIw4tS0ZANoVqEKrrp9z8DwHtc19D8cB-ZTRDNj_jnack8SHd6OaEA","https:\/\/www.youtube.com\/channel\/UCcG32Ni5Grugo6ZdoE4mXkQ"]},{"@type":"Person","@id":"https:\/\/mc-faustvrancic.com\/#\/schema\/person\/45c275c999c9a428c90358146afe1d55","name":"admin","image":{"@type":"ImageObject","inLanguage":"en-GB","@id":"https:\/\/mc-faustvrancic.com\/#\/schema\/person\/image\/","url":"https:\/\/secure.gravatar.com\/avatar\/04838cad203d07e5dd18040172167a2fb4ff31e625ac3f986f5c9e9f2090bec3?s=96&r=g","contentUrl":"https:\/\/secure.gravatar.com\/avatar\/04838cad203d07e5dd18040172167a2fb4ff31e625ac3f986f5c9e9f2090bec3?s=96&r=g","caption":"admin"},"sameAs":["https:\/\/mc-faustvrancic.com"],"url":"https:\/\/mc-faustvrancic.com\/en\/author\/admin\/"}]}},"_links":{"self":[{"href":"https:\/\/mc-faustvrancic.com\/en\/wp-json\/wp\/v2\/posts\/2842","targetHints":{"allow":["GET"]}}],"collection":[{"href":"https:\/\/mc-faustvrancic.com\/en\/wp-json\/wp\/v2\/posts"}],"about":[{"href":"https:\/\/mc-faustvrancic.com\/en\/wp-json\/wp\/v2\/types\/post"}],"author":[{"embeddable":true,"href":"https:\/\/mc-faustvrancic.com\/en\/wp-json\/wp\/v2\/users\/1"}],"replies":[{"embeddable":true,"href":"https:\/\/mc-faustvrancic.com\/en\/wp-json\/wp\/v2\/comments?post=2842"}],"version-history":[{"count":0,"href":"https:\/\/mc-faustvrancic.com\/en\/wp-json\/wp\/v2\/posts\/2842\/revisions"}],"wp:featuredmedia":[{"embeddable":true,"href":"https:\/\/mc-faustvrancic.com\/en\/wp-json\/wp\/v2\/media\/2843"}],"wp:attachment":[{"href":"https:\/\/mc-faustvrancic.com\/en\/wp-json\/wp\/v2\/media?parent=2842"}],"wp:term":[{"taxonomy":"category","embeddable":true,"href":"https:\/\/mc-faustvrancic.com\/en\/wp-json\/wp\/v2\/categories?post=2842"},{"taxonomy":"post_tag","embeddable":true,"href":"https:\/\/mc-faustvrancic.com\/en\/wp-json\/wp\/v2\/tags?post=2842"}],"curies":[{"name":"wp","href":"https:\/\/api.w.org\/{rel}","templated":true}]}}