{"id":2830,"date":"2024-06-19T20:58:39","date_gmt":"2024-06-19T18:58:39","guid":{"rendered":"https:\/\/mc-faustvrancic.com\/?p=2830"},"modified":"2024-06-19T21:00:37","modified_gmt":"2024-06-19T19:00:37","slug":"uspjesno-odrzana-noc-muzeja-2024-u-mc-faust-vrancic","status":"publish","type":"post","link":"https:\/\/mc-faustvrancic.com\/en\/2024\/06\/19\/uspjesno-odrzana-noc-muzeja-2024-u-mc-faust-vrancic\/","title":{"rendered":"Uspje\u0161no odr\u017eana No\u0107 muzeja 2024. u MC Faust Vran\u010di\u0107"},"content":{"rendered":"<div data-elementor-type=\"wp-post\" data-elementor-id=\"2830\" class=\"elementor elementor-2830\" data-elementor-post-type=\"post\">\n\t\t\t\t<div data-particle_enable=\"false\" data-particle-mobile-disabled=\"false\" class=\"elementor-element elementor-element-4d81a42a e-flex e-con-boxed e-con e-parent\" data-id=\"4d81a42a\" data-element_type=\"container\">\n\t\t\t\t\t<div class=\"e-con-inner\">\n\t\t\t\t<div class=\"elementor-element elementor-element-1a0b1294 elementor-widget elementor-widget-text-editor\" data-id=\"1a0b1294\" data-element_type=\"widget\" data-widget_type=\"text-editor.default\">\n\t\t\t\t<div class=\"elementor-widget-container\">\n\t\t\t\t\t\t\t\t\t\n<p>U ovogodi\u0161njoj No\u0107i muzeja 2024. koja se odr\u017eala u petak 26.1., na otoku Prvi\u0107u u Memorijalnom centru Faust Vran\u010di\u0107 zaista smo u\u017eivali.<br>Na kvizu je sudjelovalo \u010dak 7 ekipa koje su nakon pa\u017eljivo odslu\u0161anog vodstva na\u0161e Zlatke bile dobro upu\u0107ene u \u017eivot na\u0161eg velikana. Kviz se sastojao od tri dijela, u prvom su kviza\u0161i morali prona\u0107i to\u010dan odgovor me\u0111u \u010detiri ponu\u0111ena, u drugom dijelu su trebali nadopuniti re\u010denice a pravu \u201cakciju\u201d je izazvao tre\u0107i dio tzv. muzejska potraga. Kviza\u0161i su imali zadatak prona\u0107i u postavu odgovore vezane za Faustov \u017eivot i rad a sve u zadanom roku.<br>Prve tri ekipe dobile su i nagrade, a imali smo i pripetavanje za tre\u0107e mjesto jer su dvije ekipe imale isti broj bodova. Prvo mjesto osvojile su \u201cLolite\u201d, drugo \u201cPuntari iz sela\u201d a tre\u0107e \u201cJuditina ekipa\u201d.<br>Nakon kviza slijedila je zakuska s razmjenom dojmova i pregr\u0161t ideja za slijede\u0107u No\u0107 muzeja. Sve pohvale curama iz Pasarela catering delishop koje su bile zadu\u017eene za zakusku.<br>Veliko hvala svima koji su doprinijeli ovako uspje\u0161noj No\u0107i muzeja 2024. u Memorijalnom centru Faust Vran\u010di\u0107.<\/p>\n\t\t\t\t\t\t\t\t<\/div>\n\t\t\t\t<\/div>\n\t\t\t\t<div class=\"elementor-element elementor-element-77aaabf elementor-widget elementor-widget-gallery\" data-id=\"77aaabf\" data-element_type=\"widget\" data-settings=\"{&quot;columns&quot;:3,&quot;lazyload&quot;:&quot;yes&quot;,&quot;gallery_layout&quot;:&quot;grid&quot;,&quot;columns_tablet&quot;:2,&quot;columns_mobile&quot;:1,&quot;gap&quot;:{&quot;unit&quot;:&quot;px&quot;,&quot;size&quot;:10,&quot;sizes&quot;:[]},&quot;gap_tablet&quot;:{&quot;unit&quot;:&quot;px&quot;,&quot;size&quot;:10,&quot;sizes&quot;:[]},&quot;gap_mobile&quot;:{&quot;unit&quot;:&quot;px&quot;,&quot;size&quot;:10,&quot;sizes&quot;:[]},&quot;link_to&quot;:&quot;file&quot;,&quot;aspect_ratio&quot;:&quot;3:2&quot;,&quot;content_hover_animation&quot;:&quot;fade-in&quot;}\" data-widget_type=\"gallery.default\">\n\t\t\t\t<div class=\"elementor-widget-container\">\n\t\t\t\t\t\t\t<div class=\"elementor-gallery__container\">\n\t\t\t\t\t\t\t<a class=\"e-gallery-item elementor-gallery-item elementor-animated-content\" href=\"https:\/\/mc-faustvrancic.com\/wp-content\/uploads\/2024\/06\/422991341_889773926489392_3256419632574030790_n.jpg\" data-elementor-open-lightbox=\"yes\" data-elementor-lightbox-slideshow=\"77aaabf\" data-elementor-lightbox-title=\"422991341_889773926489392_3256419632574030790_n\" data-e-action-hash=\"#elementor-action%3Aaction%3Dlightbox%26settings%3DeyJpZCI6MjgzMywidXJsIjoiaHR0cHM6XC9cL21jLWZhdXN0dnJhbmNpYy5jb21cL3dwLWNvbnRlbnRcL3VwbG9hZHNcLzIwMjRcLzA2XC80MjI5OTEzNDFfODg5NzczOTI2NDg5MzkyXzMyNTY0MTk2MzI1NzQwMzA3OTBfbi5qcGciLCJzbGlkZXNob3ciOiI3N2FhYWJmIn0%3D\">\n\t\t\t\t\t<div class=\"e-gallery-image elementor-gallery-item__image\" data-thumbnail=\"https:\/\/mc-faustvrancic.com\/wp-content\/uploads\/2024\/06\/422991341_889773926489392_3256419632574030790_n.jpg\" data-width=\"1440\" data-height=\"1440\" aria-label=\"\" role=\"img\" ><\/div>\n\t\t\t\t\t\t\t\t\t\t\t\t\t\t<\/a>\n\t\t\t\t\t\t\t<a class=\"e-gallery-item elementor-gallery-item elementor-animated-content\" href=\"https:\/\/mc-faustvrancic.com\/wp-content\/uploads\/2024\/06\/422979738_889773913156060_8550645907442215757_n.jpg\" data-elementor-open-lightbox=\"yes\" data-elementor-lightbox-slideshow=\"77aaabf\" data-elementor-lightbox-title=\"422979738_889773913156060_8550645907442215757_n\" data-e-action-hash=\"#elementor-action%3Aaction%3Dlightbox%26settings%3DeyJpZCI6MjgzNCwidXJsIjoiaHR0cHM6XC9cL21jLWZhdXN0dnJhbmNpYy5jb21cL3dwLWNvbnRlbnRcL3VwbG9hZHNcLzIwMjRcLzA2XC80MjI5Nzk3MzhfODg5NzczOTEzMTU2MDYwXzg1NTA2NDU5MDc0NDIyMTU3NTdfbi5qcGciLCJzbGlkZXNob3ciOiI3N2FhYWJmIn0%3D\">\n\t\t\t\t\t<div class=\"e-gallery-image elementor-gallery-item__image\" data-thumbnail=\"https:\/\/mc-faustvrancic.com\/wp-content\/uploads\/2024\/06\/422979738_889773913156060_8550645907442215757_n.jpg\" data-width=\"1440\" data-height=\"1440\" aria-label=\"\" role=\"img\" ><\/div>\n\t\t\t\t\t\t\t\t\t\t\t\t\t\t<\/a>\n\t\t\t\t\t\t\t<a class=\"e-gallery-item elementor-gallery-item elementor-animated-content\" href=\"https:\/\/mc-faustvrancic.com\/wp-content\/uploads\/2024\/06\/422974659_889773929822725_1326881091209629351_n.jpg\" data-elementor-open-lightbox=\"yes\" data-elementor-lightbox-slideshow=\"77aaabf\" data-elementor-lightbox-title=\"422974659_889773929822725_1326881091209629351_n\" data-e-action-hash=\"#elementor-action%3Aaction%3Dlightbox%26settings%3DeyJpZCI6MjgzNiwidXJsIjoiaHR0cHM6XC9cL21jLWZhdXN0dnJhbmNpYy5jb21cL3dwLWNvbnRlbnRcL3VwbG9hZHNcLzIwMjRcLzA2XC80MjI5NzQ2NTlfODg5NzczOTI5ODIyNzI1XzEzMjY4ODEwOTEyMDk2MjkzNTFfbi5qcGciLCJzbGlkZXNob3ciOiI3N2FhYWJmIn0%3D\">\n\t\t\t\t\t<div class=\"e-gallery-image elementor-gallery-item__image\" data-thumbnail=\"https:\/\/mc-faustvrancic.com\/wp-content\/uploads\/2024\/06\/422974659_889773929822725_1326881091209629351_n.jpg\" data-width=\"1440\" data-height=\"1440\" aria-label=\"\" role=\"img\" ><\/div>\n\t\t\t\t\t\t\t\t\t\t\t\t\t\t<\/a>\n\t\t\t\t\t\t\t<a class=\"e-gallery-item elementor-gallery-item elementor-animated-content\" href=\"https:\/\/mc-faustvrancic.com\/wp-content\/uploads\/2024\/06\/422975630_889773919822726_5134557955365255616_n.jpg\" data-elementor-open-lightbox=\"yes\" data-elementor-lightbox-slideshow=\"77aaabf\" data-elementor-lightbox-title=\"422975630_889773919822726_5134557955365255616_n\" data-e-action-hash=\"#elementor-action%3Aaction%3Dlightbox%26settings%3DeyJpZCI6MjgzNSwidXJsIjoiaHR0cHM6XC9cL21jLWZhdXN0dnJhbmNpYy5jb21cL3dwLWNvbnRlbnRcL3VwbG9hZHNcLzIwMjRcLzA2XC80MjI5NzU2MzBfODg5NzczOTE5ODIyNzI2XzUxMzQ1NTc5NTUzNjUyNTU2MTZfbi5qcGciLCJzbGlkZXNob3ciOiI3N2FhYWJmIn0%3D\">\n\t\t\t\t\t<div class=\"e-gallery-image elementor-gallery-item__image\" data-thumbnail=\"https:\/\/mc-faustvrancic.com\/wp-content\/uploads\/2024\/06\/422975630_889773919822726_5134557955365255616_n.jpg\" data-width=\"1440\" data-height=\"1440\" aria-label=\"\" role=\"img\" ><\/div>\n\t\t\t\t\t\t\t\t\t\t\t\t\t\t<\/a>\n\t\t\t\t\t\t\t<a class=\"e-gallery-item elementor-gallery-item elementor-animated-content\" href=\"https:\/\/mc-faustvrancic.com\/wp-content\/uploads\/2024\/06\/421610546_889773916489393_7488589025841236338_n.jpg\" data-elementor-open-lightbox=\"yes\" data-elementor-lightbox-slideshow=\"77aaabf\" data-elementor-lightbox-title=\"421610546_889773916489393_7488589025841236338_n\" data-e-action-hash=\"#elementor-action%3Aaction%3Dlightbox%26settings%3DeyJpZCI6MjgzNywidXJsIjoiaHR0cHM6XC9cL21jLWZhdXN0dnJhbmNpYy5jb21cL3dwLWNvbnRlbnRcL3VwbG9hZHNcLzIwMjRcLzA2XC80MjE2MTA1NDZfODg5NzczOTE2NDg5MzkzXzc0ODg1ODkwMjU4NDEyMzYzMzhfbi5qcGciLCJzbGlkZXNob3ciOiI3N2FhYWJmIn0%3D\">\n\t\t\t\t\t<div class=\"e-gallery-image elementor-gallery-item__image\" data-thumbnail=\"https:\/\/mc-faustvrancic.com\/wp-content\/uploads\/2024\/06\/421610546_889773916489393_7488589025841236338_n.jpg\" data-width=\"1440\" data-height=\"1440\" aria-label=\"\" role=\"img\" ><\/div>\n\t\t\t\t\t\t\t\t\t\t\t\t\t\t<\/a>\n\t\t\t\t\t\t\t<a class=\"e-gallery-item elementor-gallery-item elementor-animated-content\" href=\"https:\/\/mc-faustvrancic.com\/wp-content\/uploads\/2024\/06\/421598156_889773923156059_8750934535499572595_n-1.jpg\" data-elementor-open-lightbox=\"yes\" data-elementor-lightbox-slideshow=\"77aaabf\" data-elementor-lightbox-title=\"421598156_889773923156059_8750934535499572595_n-1\" data-e-action-hash=\"#elementor-action%3Aaction%3Dlightbox%26settings%3DeyJpZCI6MjgzOCwidXJsIjoiaHR0cHM6XC9cL21jLWZhdXN0dnJhbmNpYy5jb21cL3dwLWNvbnRlbnRcL3VwbG9hZHNcLzIwMjRcLzA2XC80MjE1OTgxNTZfODg5NzczOTIzMTU2MDU5Xzg3NTA5MzQ1MzU0OTk1NzI1OTVfbi0xLmpwZyIsInNsaWRlc2hvdyI6Ijc3YWFhYmYifQ%3D%3D\">\n\t\t\t\t\t<div class=\"e-gallery-image elementor-gallery-item__image\" data-thumbnail=\"https:\/\/mc-faustvrancic.com\/wp-content\/uploads\/2024\/06\/421598156_889773923156059_8750934535499572595_n-1.jpg\" data-width=\"1440\" data-height=\"1440\" aria-label=\"\" role=\"img\" ><\/div>\n\t\t\t\t\t\t\t\t\t\t\t\t\t\t<\/a>\n\t\t\t\t\t<\/div>\n\t\t\t\t\t<\/div>\n\t\t\t\t<\/div>\n\t\t\t\t\t<\/div>\n\t\t\t\t<\/div>\n\t\t\t\t<\/div>","protected":false},"excerpt":{"rendered":"<p>U ovogodi\u0161njoj No\u0107i muzeja 2024. koja se odr\u017eala u petak 26.1., na otoku Prvi\u0107u u Memorijalnom centru Faust Vran\u010di\u0107 zaista smo u\u017eivali.Na kvizu je sudjelovalo \u010dak 7 ekipa koje su nakon pa\u017eljivo odslu\u0161anog vodstva na\u0161e Zlatke bile dobro upu\u0107ene u \u017eivot na\u0161eg velikana. Kviz se sastojao od tri dijela, u prvom su kviza\u0161i morali prona\u0107i [&hellip;]<\/p>","protected":false},"author":1,"featured_media":2831,"comment_status":"open","ping_status":"open","sticky":false,"template":"","format":"standard","meta":{"_acf_changed":false,"footnotes":""},"categories":[1],"tags":[],"class_list":["post-2830","post","type-post","status-publish","format-standard","has-post-thumbnail","hentry","category-novosti"],"acf":[],"yoast_head":"<!-- This site is optimized with the Yoast SEO plugin v26.8 - https:\/\/yoast.com\/product\/yoast-seo-wordpress\/ -->\n<title>Uspje\u0161no odr\u017eana No\u0107 muzeja 2024. u MC Faust Vran\u010di\u0107 - Memorijalni centar Faust Vran\u010di\u0107<\/title>\n<meta name=\"robots\" content=\"index, follow, max-snippet:-1, max-image-preview:large, max-video-preview:-1\" \/>\n<link rel=\"canonical\" href=\"https:\/\/mc-faustvrancic.com\/en\/2024\/06\/19\/uspjesno-odrzana-noc-muzeja-2024-u-mc-faust-vrancic\/\" \/>\n<meta property=\"og:locale\" content=\"en_GB\" \/>\n<meta property=\"og:type\" content=\"article\" \/>\n<meta property=\"og:title\" content=\"Uspje\u0161no odr\u017eana No\u0107 muzeja 2024. u MC Faust Vran\u010di\u0107 - Memorijalni centar Faust Vran\u010di\u0107\" \/>\n<meta property=\"og:description\" content=\"U ovogodi\u0161njoj No\u0107i muzeja 2024. koja se odr\u017eala u petak 26.1., na otoku Prvi\u0107u u Memorijalnom centru Faust Vran\u010di\u0107 zaista smo u\u017eivali.Na kvizu je sudjelovalo \u010dak 7 ekipa koje su nakon pa\u017eljivo odslu\u0161anog vodstva na\u0161e Zlatke bile dobro upu\u0107ene u \u017eivot na\u0161eg velikana. Kviz se sastojao od tri dijela, u prvom su kviza\u0161i morali prona\u0107i [&hellip;]\" \/>\n<meta property=\"og:url\" content=\"https:\/\/mc-faustvrancic.com\/en\/2024\/06\/19\/uspjesno-odrzana-noc-muzeja-2024-u-mc-faust-vrancic\/\" \/>\n<meta property=\"og:site_name\" content=\"Memorijalni centar Faust Vran\u010di\u0107\" \/>\n<meta property=\"article:publisher\" content=\"https:\/\/web.facebook.com\/mcfaustvrancic\/\" \/>\n<meta property=\"article:published_time\" content=\"2024-06-19T18:58:39+00:00\" \/>\n<meta property=\"article:modified_time\" content=\"2024-06-19T19:00:37+00:00\" \/>\n<meta property=\"og:image\" content=\"https:\/\/mc-faustvrancic.com\/wp-content\/uploads\/2024\/06\/421593142_889773933156058_7426913372418190805_n.jpg\" \/>\n\t<meta property=\"og:image:width\" content=\"1440\" \/>\n\t<meta property=\"og:image:height\" content=\"1440\" \/>\n\t<meta property=\"og:image:type\" content=\"image\/jpeg\" \/>\n<meta name=\"author\" content=\"admin\" \/>\n<meta name=\"twitter:card\" content=\"summary_large_image\" \/>\n<meta name=\"twitter:label1\" content=\"Written by\" \/>\n\t<meta name=\"twitter:data1\" content=\"admin\" \/>\n\t<meta name=\"twitter:label2\" content=\"Estimated reading time\" \/>\n\t<meta name=\"twitter:data2\" content=\"1 minute\" \/>\n<script type=\"application\/ld+json\" class=\"yoast-schema-graph\">{\"@context\":\"https:\/\/schema.org\",\"@graph\":[{\"@type\":\"Article\",\"@id\":\"https:\/\/mc-faustvrancic.com\/2024\/06\/19\/uspjesno-odrzana-noc-muzeja-2024-u-mc-faust-vrancic\/#article\",\"isPartOf\":{\"@id\":\"https:\/\/mc-faustvrancic.com\/2024\/06\/19\/uspjesno-odrzana-noc-muzeja-2024-u-mc-faust-vrancic\/\"},\"author\":{\"name\":\"admin\",\"@id\":\"https:\/\/mc-faustvrancic.com\/#\/schema\/person\/45c275c999c9a428c90358146afe1d55\"},\"headline\":\"Uspje\u0161no odr\u017eana No\u0107 muzeja 2024. u MC Faust Vran\u010di\u0107\",\"datePublished\":\"2024-06-19T18:58:39+00:00\",\"dateModified\":\"2024-06-19T19:00:37+00:00\",\"mainEntityOfPage\":{\"@id\":\"https:\/\/mc-faustvrancic.com\/2024\/06\/19\/uspjesno-odrzana-noc-muzeja-2024-u-mc-faust-vrancic\/\"},\"wordCount\":212,\"commentCount\":0,\"publisher\":{\"@id\":\"https:\/\/mc-faustvrancic.com\/#organization\"},\"image\":{\"@id\":\"https:\/\/mc-faustvrancic.com\/2024\/06\/19\/uspjesno-odrzana-noc-muzeja-2024-u-mc-faust-vrancic\/#primaryimage\"},\"thumbnailUrl\":\"https:\/\/mc-faustvrancic.com\/wp-content\/uploads\/2024\/06\/421593142_889773933156058_7426913372418190805_n.jpg\",\"articleSection\":[\"Novosti\"],\"inLanguage\":\"en-GB\",\"potentialAction\":[{\"@type\":\"CommentAction\",\"name\":\"Comment\",\"target\":[\"https:\/\/mc-faustvrancic.com\/2024\/06\/19\/uspjesno-odrzana-noc-muzeja-2024-u-mc-faust-vrancic\/#respond\"]}]},{\"@type\":\"WebPage\",\"@id\":\"https:\/\/mc-faustvrancic.com\/2024\/06\/19\/uspjesno-odrzana-noc-muzeja-2024-u-mc-faust-vrancic\/\",\"url\":\"https:\/\/mc-faustvrancic.com\/2024\/06\/19\/uspjesno-odrzana-noc-muzeja-2024-u-mc-faust-vrancic\/\",\"name\":\"Uspje\u0161no odr\u017eana No\u0107 muzeja 2024. u MC Faust Vran\u010di\u0107 - Memorijalni centar Faust Vran\u010di\u0107\",\"isPartOf\":{\"@id\":\"https:\/\/mc-faustvrancic.com\/#website\"},\"primaryImageOfPage\":{\"@id\":\"https:\/\/mc-faustvrancic.com\/2024\/06\/19\/uspjesno-odrzana-noc-muzeja-2024-u-mc-faust-vrancic\/#primaryimage\"},\"image\":{\"@id\":\"https:\/\/mc-faustvrancic.com\/2024\/06\/19\/uspjesno-odrzana-noc-muzeja-2024-u-mc-faust-vrancic\/#primaryimage\"},\"thumbnailUrl\":\"https:\/\/mc-faustvrancic.com\/wp-content\/uploads\/2024\/06\/421593142_889773933156058_7426913372418190805_n.jpg\",\"datePublished\":\"2024-06-19T18:58:39+00:00\",\"dateModified\":\"2024-06-19T19:00:37+00:00\",\"breadcrumb\":{\"@id\":\"https:\/\/mc-faustvrancic.com\/2024\/06\/19\/uspjesno-odrzana-noc-muzeja-2024-u-mc-faust-vrancic\/#breadcrumb\"},\"inLanguage\":\"en-GB\",\"potentialAction\":[{\"@type\":\"ReadAction\",\"target\":[\"https:\/\/mc-faustvrancic.com\/2024\/06\/19\/uspjesno-odrzana-noc-muzeja-2024-u-mc-faust-vrancic\/\"]}]},{\"@type\":\"ImageObject\",\"inLanguage\":\"en-GB\",\"@id\":\"https:\/\/mc-faustvrancic.com\/2024\/06\/19\/uspjesno-odrzana-noc-muzeja-2024-u-mc-faust-vrancic\/#primaryimage\",\"url\":\"https:\/\/mc-faustvrancic.com\/wp-content\/uploads\/2024\/06\/421593142_889773933156058_7426913372418190805_n.jpg\",\"contentUrl\":\"https:\/\/mc-faustvrancic.com\/wp-content\/uploads\/2024\/06\/421593142_889773933156058_7426913372418190805_n.jpg\",\"width\":1440,\"height\":1440},{\"@type\":\"BreadcrumbList\",\"@id\":\"https:\/\/mc-faustvrancic.com\/2024\/06\/19\/uspjesno-odrzana-noc-muzeja-2024-u-mc-faust-vrancic\/#breadcrumb\",\"itemListElement\":[{\"@type\":\"ListItem\",\"position\":1,\"name\":\"Po\u010detna stranica\",\"item\":\"https:\/\/mc-faustvrancic.com\/\"},{\"@type\":\"ListItem\",\"position\":2,\"name\":\"Uspje\u0161no odr\u017eana No\u0107 muzeja 2024. u MC Faust Vran\u010di\u0107\"}]},{\"@type\":\"WebSite\",\"@id\":\"https:\/\/mc-faustvrancic.com\/#website\",\"url\":\"https:\/\/mc-faustvrancic.com\/\",\"name\":\"Memorijalni centar Faust Vran\u010di\u0107\",\"description\":\"\",\"publisher\":{\"@id\":\"https:\/\/mc-faustvrancic.com\/#organization\"},\"alternateName\":\"MC Faust Vran\u010di\u0107\",\"potentialAction\":[{\"@type\":\"SearchAction\",\"target\":{\"@type\":\"EntryPoint\",\"urlTemplate\":\"https:\/\/mc-faustvrancic.com\/?s={search_term_string}\"},\"query-input\":{\"@type\":\"PropertyValueSpecification\",\"valueRequired\":true,\"valueName\":\"search_term_string\"}}],\"inLanguage\":\"en-GB\"},{\"@type\":\"Organization\",\"@id\":\"https:\/\/mc-faustvrancic.com\/#organization\",\"name\":\"Memorijalni centar Faust Vran\u010di\u0107\",\"alternateName\":\"MC Faust Vran\u010di\u0107\",\"url\":\"https:\/\/mc-faustvrancic.com\/\",\"logo\":{\"@type\":\"ImageObject\",\"inLanguage\":\"en-GB\",\"@id\":\"https:\/\/mc-faustvrancic.com\/#\/schema\/logo\/image\/\",\"url\":\"https:\/\/mc-faustvrancic.com\/wp-content\/uploads\/2024\/04\/logo-crni.png\",\"contentUrl\":\"https:\/\/mc-faustvrancic.com\/wp-content\/uploads\/2024\/04\/logo-crni.png\",\"width\":265,\"height\":105,\"caption\":\"Memorijalni centar Faust Vran\u010di\u0107\"},\"image\":{\"@id\":\"https:\/\/mc-faustvrancic.com\/#\/schema\/logo\/image\/\"},\"sameAs\":[\"https:\/\/web.facebook.com\/mcfaustvrancic\/\",\"https:\/\/www.instagram.com\/mc_faustvrancic\/?hl=en&fbclid=IwAR3-lbIw4tS0ZANoVqEKrrp9z8DwHtc19D8cB-ZTRDNj_jnack8SHd6OaEA\",\"https:\/\/www.youtube.com\/channel\/UCcG32Ni5Grugo6ZdoE4mXkQ\"]},{\"@type\":\"Person\",\"@id\":\"https:\/\/mc-faustvrancic.com\/#\/schema\/person\/45c275c999c9a428c90358146afe1d55\",\"name\":\"admin\",\"image\":{\"@type\":\"ImageObject\",\"inLanguage\":\"en-GB\",\"@id\":\"https:\/\/mc-faustvrancic.com\/#\/schema\/person\/image\/\",\"url\":\"https:\/\/secure.gravatar.com\/avatar\/04838cad203d07e5dd18040172167a2fb4ff31e625ac3f986f5c9e9f2090bec3?s=96&r=g\",\"contentUrl\":\"https:\/\/secure.gravatar.com\/avatar\/04838cad203d07e5dd18040172167a2fb4ff31e625ac3f986f5c9e9f2090bec3?s=96&r=g\",\"caption\":\"admin\"},\"sameAs\":[\"https:\/\/mc-faustvrancic.com\"],\"url\":\"https:\/\/mc-faustvrancic.com\/en\/author\/admin\/\"}]}<\/script>\n<!-- \/ Yoast SEO plugin. -->","yoast_head_json":{"title":"Uspje\u0161no odr\u017eana No\u0107 muzeja 2024. u MC Faust Vran\u010di\u0107 - Memorijalni centar Faust Vran\u010di\u0107","robots":{"index":"index","follow":"follow","max-snippet":"max-snippet:-1","max-image-preview":"max-image-preview:large","max-video-preview":"max-video-preview:-1"},"canonical":"https:\/\/mc-faustvrancic.com\/en\/2024\/06\/19\/uspjesno-odrzana-noc-muzeja-2024-u-mc-faust-vrancic\/","og_locale":"en_GB","og_type":"article","og_title":"Uspje\u0161no odr\u017eana No\u0107 muzeja 2024. u MC Faust Vran\u010di\u0107 - Memorijalni centar Faust Vran\u010di\u0107","og_description":"U ovogodi\u0161njoj No\u0107i muzeja 2024. koja se odr\u017eala u petak 26.1., na otoku Prvi\u0107u u Memorijalnom centru Faust Vran\u010di\u0107 zaista smo u\u017eivali.Na kvizu je sudjelovalo \u010dak 7 ekipa koje su nakon pa\u017eljivo odslu\u0161anog vodstva na\u0161e Zlatke bile dobro upu\u0107ene u \u017eivot na\u0161eg velikana. Kviz se sastojao od tri dijela, u prvom su kviza\u0161i morali prona\u0107i [&hellip;]","og_url":"https:\/\/mc-faustvrancic.com\/en\/2024\/06\/19\/uspjesno-odrzana-noc-muzeja-2024-u-mc-faust-vrancic\/","og_site_name":"Memorijalni centar Faust Vran\u010di\u0107","article_publisher":"https:\/\/web.facebook.com\/mcfaustvrancic\/","article_published_time":"2024-06-19T18:58:39+00:00","article_modified_time":"2024-06-19T19:00:37+00:00","og_image":[{"width":1440,"height":1440,"url":"https:\/\/mc-faustvrancic.com\/wp-content\/uploads\/2024\/06\/421593142_889773933156058_7426913372418190805_n.jpg","type":"image\/jpeg"}],"author":"admin","twitter_card":"summary_large_image","twitter_misc":{"Written by":"admin","Estimated reading time":"1 minute"},"schema":{"@context":"https:\/\/schema.org","@graph":[{"@type":"Article","@id":"https:\/\/mc-faustvrancic.com\/2024\/06\/19\/uspjesno-odrzana-noc-muzeja-2024-u-mc-faust-vrancic\/#article","isPartOf":{"@id":"https:\/\/mc-faustvrancic.com\/2024\/06\/19\/uspjesno-odrzana-noc-muzeja-2024-u-mc-faust-vrancic\/"},"author":{"name":"admin","@id":"https:\/\/mc-faustvrancic.com\/#\/schema\/person\/45c275c999c9a428c90358146afe1d55"},"headline":"Uspje\u0161no odr\u017eana No\u0107 muzeja 2024. u MC Faust Vran\u010di\u0107","datePublished":"2024-06-19T18:58:39+00:00","dateModified":"2024-06-19T19:00:37+00:00","mainEntityOfPage":{"@id":"https:\/\/mc-faustvrancic.com\/2024\/06\/19\/uspjesno-odrzana-noc-muzeja-2024-u-mc-faust-vrancic\/"},"wordCount":212,"commentCount":0,"publisher":{"@id":"https:\/\/mc-faustvrancic.com\/#organization"},"image":{"@id":"https:\/\/mc-faustvrancic.com\/2024\/06\/19\/uspjesno-odrzana-noc-muzeja-2024-u-mc-faust-vrancic\/#primaryimage"},"thumbnailUrl":"https:\/\/mc-faustvrancic.com\/wp-content\/uploads\/2024\/06\/421593142_889773933156058_7426913372418190805_n.jpg","articleSection":["Novosti"],"inLanguage":"en-GB","potentialAction":[{"@type":"CommentAction","name":"Comment","target":["https:\/\/mc-faustvrancic.com\/2024\/06\/19\/uspjesno-odrzana-noc-muzeja-2024-u-mc-faust-vrancic\/#respond"]}]},{"@type":"WebPage","@id":"https:\/\/mc-faustvrancic.com\/2024\/06\/19\/uspjesno-odrzana-noc-muzeja-2024-u-mc-faust-vrancic\/","url":"https:\/\/mc-faustvrancic.com\/2024\/06\/19\/uspjesno-odrzana-noc-muzeja-2024-u-mc-faust-vrancic\/","name":"Uspje\u0161no odr\u017eana No\u0107 muzeja 2024. u MC Faust Vran\u010di\u0107 - Memorijalni centar Faust Vran\u010di\u0107","isPartOf":{"@id":"https:\/\/mc-faustvrancic.com\/#website"},"primaryImageOfPage":{"@id":"https:\/\/mc-faustvrancic.com\/2024\/06\/19\/uspjesno-odrzana-noc-muzeja-2024-u-mc-faust-vrancic\/#primaryimage"},"image":{"@id":"https:\/\/mc-faustvrancic.com\/2024\/06\/19\/uspjesno-odrzana-noc-muzeja-2024-u-mc-faust-vrancic\/#primaryimage"},"thumbnailUrl":"https:\/\/mc-faustvrancic.com\/wp-content\/uploads\/2024\/06\/421593142_889773933156058_7426913372418190805_n.jpg","datePublished":"2024-06-19T18:58:39+00:00","dateModified":"2024-06-19T19:00:37+00:00","breadcrumb":{"@id":"https:\/\/mc-faustvrancic.com\/2024\/06\/19\/uspjesno-odrzana-noc-muzeja-2024-u-mc-faust-vrancic\/#breadcrumb"},"inLanguage":"en-GB","potentialAction":[{"@type":"ReadAction","target":["https:\/\/mc-faustvrancic.com\/2024\/06\/19\/uspjesno-odrzana-noc-muzeja-2024-u-mc-faust-vrancic\/"]}]},{"@type":"ImageObject","inLanguage":"en-GB","@id":"https:\/\/mc-faustvrancic.com\/2024\/06\/19\/uspjesno-odrzana-noc-muzeja-2024-u-mc-faust-vrancic\/#primaryimage","url":"https:\/\/mc-faustvrancic.com\/wp-content\/uploads\/2024\/06\/421593142_889773933156058_7426913372418190805_n.jpg","contentUrl":"https:\/\/mc-faustvrancic.com\/wp-content\/uploads\/2024\/06\/421593142_889773933156058_7426913372418190805_n.jpg","width":1440,"height":1440},{"@type":"BreadcrumbList","@id":"https:\/\/mc-faustvrancic.com\/2024\/06\/19\/uspjesno-odrzana-noc-muzeja-2024-u-mc-faust-vrancic\/#breadcrumb","itemListElement":[{"@type":"ListItem","position":1,"name":"Po\u010detna stranica","item":"https:\/\/mc-faustvrancic.com\/"},{"@type":"ListItem","position":2,"name":"Uspje\u0161no odr\u017eana No\u0107 muzeja 2024. u MC Faust Vran\u010di\u0107"}]},{"@type":"WebSite","@id":"https:\/\/mc-faustvrancic.com\/#website","url":"https:\/\/mc-faustvrancic.com\/","name":"Memorijalni centar Faust Vran\u010di\u0107","description":"","publisher":{"@id":"https:\/\/mc-faustvrancic.com\/#organization"},"alternateName":"MC Faust Vran\u010di\u0107","potentialAction":[{"@type":"SearchAction","target":{"@type":"EntryPoint","urlTemplate":"https:\/\/mc-faustvrancic.com\/?s={search_term_string}"},"query-input":{"@type":"PropertyValueSpecification","valueRequired":true,"valueName":"search_term_string"}}],"inLanguage":"en-GB"},{"@type":"Organization","@id":"https:\/\/mc-faustvrancic.com\/#organization","name":"Memorijalni centar Faust Vran\u010di\u0107","alternateName":"MC Faust Vran\u010di\u0107","url":"https:\/\/mc-faustvrancic.com\/","logo":{"@type":"ImageObject","inLanguage":"en-GB","@id":"https:\/\/mc-faustvrancic.com\/#\/schema\/logo\/image\/","url":"https:\/\/mc-faustvrancic.com\/wp-content\/uploads\/2024\/04\/logo-crni.png","contentUrl":"https:\/\/mc-faustvrancic.com\/wp-content\/uploads\/2024\/04\/logo-crni.png","width":265,"height":105,"caption":"Memorijalni centar Faust Vran\u010di\u0107"},"image":{"@id":"https:\/\/mc-faustvrancic.com\/#\/schema\/logo\/image\/"},"sameAs":["https:\/\/web.facebook.com\/mcfaustvrancic\/","https:\/\/www.instagram.com\/mc_faustvrancic\/?hl=en&fbclid=IwAR3-lbIw4tS0ZANoVqEKrrp9z8DwHtc19D8cB-ZTRDNj_jnack8SHd6OaEA","https:\/\/www.youtube.com\/channel\/UCcG32Ni5Grugo6ZdoE4mXkQ"]},{"@type":"Person","@id":"https:\/\/mc-faustvrancic.com\/#\/schema\/person\/45c275c999c9a428c90358146afe1d55","name":"admin","image":{"@type":"ImageObject","inLanguage":"en-GB","@id":"https:\/\/mc-faustvrancic.com\/#\/schema\/person\/image\/","url":"https:\/\/secure.gravatar.com\/avatar\/04838cad203d07e5dd18040172167a2fb4ff31e625ac3f986f5c9e9f2090bec3?s=96&r=g","contentUrl":"https:\/\/secure.gravatar.com\/avatar\/04838cad203d07e5dd18040172167a2fb4ff31e625ac3f986f5c9e9f2090bec3?s=96&r=g","caption":"admin"},"sameAs":["https:\/\/mc-faustvrancic.com"],"url":"https:\/\/mc-faustvrancic.com\/en\/author\/admin\/"}]}},"_links":{"self":[{"href":"https:\/\/mc-faustvrancic.com\/en\/wp-json\/wp\/v2\/posts\/2830","targetHints":{"allow":["GET"]}}],"collection":[{"href":"https:\/\/mc-faustvrancic.com\/en\/wp-json\/wp\/v2\/posts"}],"about":[{"href":"https:\/\/mc-faustvrancic.com\/en\/wp-json\/wp\/v2\/types\/post"}],"author":[{"embeddable":true,"href":"https:\/\/mc-faustvrancic.com\/en\/wp-json\/wp\/v2\/users\/1"}],"replies":[{"embeddable":true,"href":"https:\/\/mc-faustvrancic.com\/en\/wp-json\/wp\/v2\/comments?post=2830"}],"version-history":[{"count":0,"href":"https:\/\/mc-faustvrancic.com\/en\/wp-json\/wp\/v2\/posts\/2830\/revisions"}],"wp:featuredmedia":[{"embeddable":true,"href":"https:\/\/mc-faustvrancic.com\/en\/wp-json\/wp\/v2\/media\/2831"}],"wp:attachment":[{"href":"https:\/\/mc-faustvrancic.com\/en\/wp-json\/wp\/v2\/media?parent=2830"}],"wp:term":[{"taxonomy":"category","embeddable":true,"href":"https:\/\/mc-faustvrancic.com\/en\/wp-json\/wp\/v2\/categories?post=2830"},{"taxonomy":"post_tag","embeddable":true,"href":"https:\/\/mc-faustvrancic.com\/en\/wp-json\/wp\/v2\/tags?post=2830"}],"curies":[{"name":"wp","href":"https:\/\/api.w.org\/{rel}","templated":true}]}}