{"id":2729,"date":"2024-06-19T19:17:29","date_gmt":"2024-06-19T17:17:29","guid":{"rendered":"https:\/\/mc-faustvrancic.com\/?p=2729"},"modified":"2024-06-19T20:19:57","modified_gmt":"2024-06-19T18:19:57","slug":"posjet-budimpesti-i-ostavstini-fausta-vrancica","status":"publish","type":"post","link":"https:\/\/mc-faustvrancic.com\/en\/2024\/06\/19\/posjet-budimpesti-i-ostavstini-fausta-vrancica\/","title":{"rendered":"Posjet Budimpe\u0161ti i ostav\u0161tini Fausta Vran\u010di\u0107a"},"content":{"rendered":"<div data-elementor-type=\"wp-post\" data-elementor-id=\"2729\" class=\"elementor elementor-2729\" data-elementor-post-type=\"post\">\n\t\t\t\t<div data-particle_enable=\"false\" data-particle-mobile-disabled=\"false\" class=\"elementor-element elementor-element-3eb0b362 e-flex e-con-boxed e-con e-parent\" data-id=\"3eb0b362\" data-element_type=\"container\">\n\t\t\t\t\t<div class=\"e-con-inner\">\n\t\t\t\t<div class=\"elementor-element elementor-element-2f158b5b elementor-widget elementor-widget-text-editor\" data-id=\"2f158b5b\" data-element_type=\"widget\" data-widget_type=\"text-editor.default\">\n\t\t\t\t<div class=\"elementor-widget-container\">\n\t\t\t\t\t\t\t\t\t\n<div class=\"wp-block-group is-vertical is-content-justification-center is-layout-flex wp-container-core-group-is-layout-ce155fab wp-block-group-is-layout-flex\">\n<div class=\"wp-block-group is-vertical is-content-justification-center is-layout-flex wp-container-core-group-is-layout-b6c1f246 wp-block-group-is-layout-flex\">\n<div class=\"wp-block-group is-vertical is-layout-flex wp-container-core-group-is-layout-fe9cc265 wp-block-group-is-layout-flex\">\n<div class=\"wp-block-group is-vertical is-content-justification-center is-layout-flex wp-container-core-group-is-layout-b6c1f246 wp-block-group-is-layout-flex\">\n<p class=\"wp-container-content-9cfa9a5a\">Ovaj tjedan smo iskoristile za posjet Budimpe\u0161ti i traganju za ostav\u0161tinom na\u0161eg velikana Fausta Vran\u010di\u0107a. Imale smo priliku posjetiti Nacionalnu knji\u017enice Szechenyi u Budimpe\u0161ti koja brine o ostav\u0161tini Vran\u010di\u0107evih u Ma\u0111arskoj gdje su nas ugostili njihovi ljubazni djelatnici. Jako cijenimo ove trenutke jer smo uspjele prelistati Machinae novae, Rje\u010dnik kao i pisma Faustovog strica Antuna Vran\u010di\u0107a.<\/p>\n\n\n\n<p>Ovim putem se jo\u0161 jednom zahvaljujemo na\u0161im doma\u0107inima Zsoltu i Eszter a posebno gospo\u0111i Jolan Mann, koja radi i kao vanjski predava\u010d na Odsjeku za hungarologiju Filozofskog fakulteta u Zagrebu.<br>Nacionalna knji\u017enica se nalazi u kompleksu budimpe\u0161tanskog dvorca u kojem su jo\u0161 smje\u0161teni Povijesni muzej Budimpe\u0161te i Nacionalna galerija. Ovaj posjet Budimpe\u0161ti \u0107e se dugo pamtiti.<\/p>\n<\/div>\n<\/div>\n<\/div>\n<\/div>\n\t\t\t\t\t\t\t\t<\/div>\n\t\t\t\t<\/div>\n\t\t\t\t\t<\/div>\n\t\t\t\t<\/div>\n\t\t<div data-particle_enable=\"false\" data-particle-mobile-disabled=\"false\" class=\"elementor-element elementor-element-7ee1541 e-flex e-con-boxed e-con e-parent\" data-id=\"7ee1541\" data-element_type=\"container\">\n\t\t\t\t\t<div class=\"e-con-inner\">\n\t\t\t\t<div class=\"elementor-element elementor-element-800acc7 elementor-widget elementor-widget-gallery\" data-id=\"800acc7\" data-element_type=\"widget\" data-settings=\"{&quot;columns_mobile&quot;:2,&quot;lazyload&quot;:&quot;yes&quot;,&quot;gallery_layout&quot;:&quot;grid&quot;,&quot;columns&quot;:4,&quot;columns_tablet&quot;:2,&quot;gap&quot;:{&quot;unit&quot;:&quot;px&quot;,&quot;size&quot;:10,&quot;sizes&quot;:[]},&quot;gap_tablet&quot;:{&quot;unit&quot;:&quot;px&quot;,&quot;size&quot;:10,&quot;sizes&quot;:[]},&quot;gap_mobile&quot;:{&quot;unit&quot;:&quot;px&quot;,&quot;size&quot;:10,&quot;sizes&quot;:[]},&quot;link_to&quot;:&quot;file&quot;,&quot;aspect_ratio&quot;:&quot;3:2&quot;,&quot;content_hover_animation&quot;:&quot;fade-in&quot;}\" data-widget_type=\"gallery.default\">\n\t\t\t\t<div class=\"elementor-widget-container\">\n\t\t\t\t\t\t\t<div class=\"elementor-gallery__container\">\n\t\t\t\t\t\t\t<a class=\"e-gallery-item elementor-gallery-item elementor-animated-content\" href=\"https:\/\/mc-faustvrancic.com\/wp-content\/uploads\/2024\/06\/399792020_832983448835107_8726991343206452506_n.jpg\" data-elementor-open-lightbox=\"yes\" data-elementor-lightbox-slideshow=\"800acc7\" data-elementor-lightbox-title=\"399792020_832983448835107_8726991343206452506_n\" data-e-action-hash=\"#elementor-action%3Aaction%3Dlightbox%26settings%3DeyJpZCI6MjczNSwidXJsIjoiaHR0cHM6XC9cL21jLWZhdXN0dnJhbmNpYy5jb21cL3dwLWNvbnRlbnRcL3VwbG9hZHNcLzIwMjRcLzA2XC8zOTk3OTIwMjBfODMyOTgzNDQ4ODM1MTA3Xzg3MjY5OTEzNDMyMDY0NTI1MDZfbi5qcGciLCJzbGlkZXNob3ciOiI4MDBhY2M3In0%3D\">\n\t\t\t\t\t<div class=\"e-gallery-image elementor-gallery-item__image\" data-thumbnail=\"https:\/\/mc-faustvrancic.com\/wp-content\/uploads\/2024\/06\/399792020_832983448835107_8726991343206452506_n.jpg\" data-width=\"946\" data-height=\"2048\" aria-label=\"\" role=\"img\" ><\/div>\n\t\t\t\t\t\t\t\t\t\t\t\t\t\t<\/a>\n\t\t\t\t\t\t\t<a class=\"e-gallery-item elementor-gallery-item elementor-animated-content\" href=\"https:\/\/mc-faustvrancic.com\/wp-content\/uploads\/2024\/06\/400243163_832983635501755_3897468497486659651_n.jpg\" data-elementor-open-lightbox=\"yes\" data-elementor-lightbox-slideshow=\"800acc7\" data-elementor-lightbox-title=\"400243163_832983635501755_3897468497486659651_n\" data-e-action-hash=\"#elementor-action%3Aaction%3Dlightbox%26settings%3DeyJpZCI6MjczMywidXJsIjoiaHR0cHM6XC9cL21jLWZhdXN0dnJhbmNpYy5jb21cL3dwLWNvbnRlbnRcL3VwbG9hZHNcLzIwMjRcLzA2XC80MDAyNDMxNjNfODMyOTgzNjM1NTAxNzU1XzM4OTc0Njg0OTc0ODY2NTk2NTFfbi5qcGciLCJzbGlkZXNob3ciOiI4MDBhY2M3In0%3D\">\n\t\t\t\t\t<div class=\"e-gallery-image elementor-gallery-item__image\" data-thumbnail=\"https:\/\/mc-faustvrancic.com\/wp-content\/uploads\/2024\/06\/400243163_832983635501755_3897468497486659651_n.jpg\" data-width=\"2048\" data-height=\"946\" aria-label=\"\" role=\"img\" ><\/div>\n\t\t\t\t\t\t\t\t\t\t\t\t\t\t<\/a>\n\t\t\t\t\t\t\t<a class=\"e-gallery-item elementor-gallery-item elementor-animated-content\" href=\"https:\/\/mc-faustvrancic.com\/wp-content\/uploads\/2024\/06\/399836119_832983695501749_8521086538918051987_n.jpg\" data-elementor-open-lightbox=\"yes\" data-elementor-lightbox-slideshow=\"800acc7\" data-elementor-lightbox-title=\"399836119_832983695501749_8521086538918051987_n\" data-e-action-hash=\"#elementor-action%3Aaction%3Dlightbox%26settings%3DeyJpZCI6MjczNywidXJsIjoiaHR0cHM6XC9cL21jLWZhdXN0dnJhbmNpYy5jb21cL3dwLWNvbnRlbnRcL3VwbG9hZHNcLzIwMjRcLzA2XC8zOTk4MzYxMTlfODMyOTgzNjk1NTAxNzQ5Xzg1MjEwODY1Mzg5MTgwNTE5ODdfbi5qcGciLCJzbGlkZXNob3ciOiI4MDBhY2M3In0%3D\">\n\t\t\t\t\t<div class=\"e-gallery-image elementor-gallery-item__image\" data-thumbnail=\"https:\/\/mc-faustvrancic.com\/wp-content\/uploads\/2024\/06\/399836119_832983695501749_8521086538918051987_n.jpg\" data-width=\"946\" data-height=\"2048\" aria-label=\"\" role=\"img\" ><\/div>\n\t\t\t\t\t\t\t\t\t\t\t\t\t\t<\/a>\n\t\t\t\t\t\t\t<a class=\"e-gallery-item elementor-gallery-item elementor-animated-content\" href=\"https:\/\/mc-faustvrancic.com\/wp-content\/uploads\/2024\/06\/400415352_832983732168412_2533351751574801214_n.jpg\" data-elementor-open-lightbox=\"yes\" data-elementor-lightbox-slideshow=\"800acc7\" data-elementor-lightbox-title=\"400415352_832983732168412_2533351751574801214_n\" data-e-action-hash=\"#elementor-action%3Aaction%3Dlightbox%26settings%3DeyJpZCI6MjczNCwidXJsIjoiaHR0cHM6XC9cL21jLWZhdXN0dnJhbmNpYy5jb21cL3dwLWNvbnRlbnRcL3VwbG9hZHNcLzIwMjRcLzA2XC80MDA0MTUzNTJfODMyOTgzNzMyMTY4NDEyXzI1MzMzNTE3NTE1NzQ4MDEyMTRfbi5qcGciLCJzbGlkZXNob3ciOiI4MDBhY2M3In0%3D\">\n\t\t\t\t\t<div class=\"e-gallery-image elementor-gallery-item__image\" data-thumbnail=\"https:\/\/mc-faustvrancic.com\/wp-content\/uploads\/2024\/06\/400415352_832983732168412_2533351751574801214_n.jpg\" data-width=\"946\" data-height=\"1230\" aria-label=\"\" role=\"img\" ><\/div>\n\t\t\t\t\t\t\t\t\t\t\t\t\t\t<\/a>\n\t\t\t\t\t<\/div>\n\t\t\t\t\t<\/div>\n\t\t\t\t<\/div>\n\t\t\t\t\t<\/div>\n\t\t\t\t<\/div>\n\t\t\t\t<\/div>","protected":false},"excerpt":{"rendered":"<p>Ovaj tjedan smo iskoristile za posjet Budimpe\u0161ti i traganju za ostav\u0161tinom na\u0161eg velikana Fausta Vran\u010di\u0107a. Imale smo priliku posjetiti Nacionalnu knji\u017enice Szechenyi u Budimpe\u0161ti koja brine o ostav\u0161tini Vran\u010di\u0107evih u Ma\u0111arskoj gdje su nas ugostili njihovi ljubazni djelatnici. Jako cijenimo ove trenutke jer smo uspjele prelistati Machinae novae, Rje\u010dnik kao i pisma Faustovog strica Antuna [&hellip;]<\/p>","protected":false},"author":1,"featured_media":2730,"comment_status":"open","ping_status":"open","sticky":false,"template":"","format":"standard","meta":{"_acf_changed":false,"footnotes":""},"categories":[1],"tags":[],"class_list":["post-2729","post","type-post","status-publish","format-standard","has-post-thumbnail","hentry","category-novosti"],"acf":[],"yoast_head":"<!-- This site is optimized with the Yoast SEO plugin v26.8 - https:\/\/yoast.com\/product\/yoast-seo-wordpress\/ -->\n<title>Posjet Budimpe\u0161ti i ostav\u0161tini Fausta Vran\u010di\u0107a - Memorijalni centar Faust Vran\u010di\u0107<\/title>\n<meta name=\"robots\" content=\"index, follow, max-snippet:-1, max-image-preview:large, max-video-preview:-1\" \/>\n<link rel=\"canonical\" href=\"https:\/\/mc-faustvrancic.com\/en\/2024\/06\/19\/posjet-budimpesti-i-ostavstini-fausta-vrancica\/\" \/>\n<meta property=\"og:locale\" content=\"en_GB\" \/>\n<meta property=\"og:type\" content=\"article\" \/>\n<meta property=\"og:title\" content=\"Posjet Budimpe\u0161ti i ostav\u0161tini Fausta Vran\u010di\u0107a - Memorijalni centar Faust Vran\u010di\u0107\" \/>\n<meta property=\"og:description\" content=\"Ovaj tjedan smo iskoristile za posjet Budimpe\u0161ti i traganju za ostav\u0161tinom na\u0161eg velikana Fausta Vran\u010di\u0107a. Imale smo priliku posjetiti Nacionalnu knji\u017enice Szechenyi u Budimpe\u0161ti koja brine o ostav\u0161tini Vran\u010di\u0107evih u Ma\u0111arskoj gdje su nas ugostili njihovi ljubazni djelatnici. Jako cijenimo ove trenutke jer smo uspjele prelistati Machinae novae, Rje\u010dnik kao i pisma Faustovog strica Antuna [&hellip;]\" \/>\n<meta property=\"og:url\" content=\"https:\/\/mc-faustvrancic.com\/en\/2024\/06\/19\/posjet-budimpesti-i-ostavstini-fausta-vrancica\/\" \/>\n<meta property=\"og:site_name\" content=\"Memorijalni centar Faust Vran\u010di\u0107\" \/>\n<meta property=\"article:publisher\" content=\"https:\/\/web.facebook.com\/mcfaustvrancic\/\" \/>\n<meta property=\"article:published_time\" content=\"2024-06-19T17:17:29+00:00\" \/>\n<meta property=\"article:modified_time\" content=\"2024-06-19T18:19:57+00:00\" \/>\n<meta property=\"og:image\" content=\"https:\/\/mc-faustvrancic.com\/wp-content\/uploads\/2024\/06\/399777913_832983322168453_1769813106412688960_n.jpg\" \/>\n\t<meta property=\"og:image:width\" content=\"1044\" \/>\n\t<meta property=\"og:image:height\" content=\"1297\" \/>\n\t<meta property=\"og:image:type\" content=\"image\/jpeg\" \/>\n<meta name=\"author\" content=\"admin\" \/>\n<meta name=\"twitter:card\" content=\"summary_large_image\" \/>\n<meta name=\"twitter:label1\" content=\"Written by\" \/>\n\t<meta name=\"twitter:data1\" content=\"admin\" \/>\n\t<meta name=\"twitter:label2\" content=\"Estimated reading time\" \/>\n\t<meta name=\"twitter:data2\" content=\"1 minute\" \/>\n<script type=\"application\/ld+json\" class=\"yoast-schema-graph\">{\"@context\":\"https:\/\/schema.org\",\"@graph\":[{\"@type\":\"Article\",\"@id\":\"https:\/\/mc-faustvrancic.com\/2024\/06\/19\/posjet-budimpesti-i-ostavstini-fausta-vrancica\/#article\",\"isPartOf\":{\"@id\":\"https:\/\/mc-faustvrancic.com\/2024\/06\/19\/posjet-budimpesti-i-ostavstini-fausta-vrancica\/\"},\"author\":{\"name\":\"admin\",\"@id\":\"https:\/\/mc-faustvrancic.com\/#\/schema\/person\/45c275c999c9a428c90358146afe1d55\"},\"headline\":\"Posjet Budimpe\u0161ti i ostav\u0161tini Fausta Vran\u010di\u0107a\",\"datePublished\":\"2024-06-19T17:17:29+00:00\",\"dateModified\":\"2024-06-19T18:19:57+00:00\",\"mainEntityOfPage\":{\"@id\":\"https:\/\/mc-faustvrancic.com\/2024\/06\/19\/posjet-budimpesti-i-ostavstini-fausta-vrancica\/\"},\"wordCount\":144,\"commentCount\":0,\"publisher\":{\"@id\":\"https:\/\/mc-faustvrancic.com\/#organization\"},\"image\":{\"@id\":\"https:\/\/mc-faustvrancic.com\/2024\/06\/19\/posjet-budimpesti-i-ostavstini-fausta-vrancica\/#primaryimage\"},\"thumbnailUrl\":\"https:\/\/mc-faustvrancic.com\/wp-content\/uploads\/2024\/06\/399777913_832983322168453_1769813106412688960_n.jpg\",\"articleSection\":[\"Novosti\"],\"inLanguage\":\"en-GB\",\"potentialAction\":[{\"@type\":\"CommentAction\",\"name\":\"Comment\",\"target\":[\"https:\/\/mc-faustvrancic.com\/2024\/06\/19\/posjet-budimpesti-i-ostavstini-fausta-vrancica\/#respond\"]}]},{\"@type\":\"WebPage\",\"@id\":\"https:\/\/mc-faustvrancic.com\/2024\/06\/19\/posjet-budimpesti-i-ostavstini-fausta-vrancica\/\",\"url\":\"https:\/\/mc-faustvrancic.com\/2024\/06\/19\/posjet-budimpesti-i-ostavstini-fausta-vrancica\/\",\"name\":\"Posjet Budimpe\u0161ti i ostav\u0161tini Fausta Vran\u010di\u0107a - Memorijalni centar Faust Vran\u010di\u0107\",\"isPartOf\":{\"@id\":\"https:\/\/mc-faustvrancic.com\/#website\"},\"primaryImageOfPage\":{\"@id\":\"https:\/\/mc-faustvrancic.com\/2024\/06\/19\/posjet-budimpesti-i-ostavstini-fausta-vrancica\/#primaryimage\"},\"image\":{\"@id\":\"https:\/\/mc-faustvrancic.com\/2024\/06\/19\/posjet-budimpesti-i-ostavstini-fausta-vrancica\/#primaryimage\"},\"thumbnailUrl\":\"https:\/\/mc-faustvrancic.com\/wp-content\/uploads\/2024\/06\/399777913_832983322168453_1769813106412688960_n.jpg\",\"datePublished\":\"2024-06-19T17:17:29+00:00\",\"dateModified\":\"2024-06-19T18:19:57+00:00\",\"breadcrumb\":{\"@id\":\"https:\/\/mc-faustvrancic.com\/2024\/06\/19\/posjet-budimpesti-i-ostavstini-fausta-vrancica\/#breadcrumb\"},\"inLanguage\":\"en-GB\",\"potentialAction\":[{\"@type\":\"ReadAction\",\"target\":[\"https:\/\/mc-faustvrancic.com\/2024\/06\/19\/posjet-budimpesti-i-ostavstini-fausta-vrancica\/\"]}]},{\"@type\":\"ImageObject\",\"inLanguage\":\"en-GB\",\"@id\":\"https:\/\/mc-faustvrancic.com\/2024\/06\/19\/posjet-budimpesti-i-ostavstini-fausta-vrancica\/#primaryimage\",\"url\":\"https:\/\/mc-faustvrancic.com\/wp-content\/uploads\/2024\/06\/399777913_832983322168453_1769813106412688960_n.jpg\",\"contentUrl\":\"https:\/\/mc-faustvrancic.com\/wp-content\/uploads\/2024\/06\/399777913_832983322168453_1769813106412688960_n.jpg\",\"width\":1044,\"height\":1297},{\"@type\":\"BreadcrumbList\",\"@id\":\"https:\/\/mc-faustvrancic.com\/2024\/06\/19\/posjet-budimpesti-i-ostavstini-fausta-vrancica\/#breadcrumb\",\"itemListElement\":[{\"@type\":\"ListItem\",\"position\":1,\"name\":\"Po\u010detna stranica\",\"item\":\"https:\/\/mc-faustvrancic.com\/\"},{\"@type\":\"ListItem\",\"position\":2,\"name\":\"Posjet Budimpe\u0161ti i ostav\u0161tini Fausta Vran\u010di\u0107a\"}]},{\"@type\":\"WebSite\",\"@id\":\"https:\/\/mc-faustvrancic.com\/#website\",\"url\":\"https:\/\/mc-faustvrancic.com\/\",\"name\":\"Memorijalni centar Faust Vran\u010di\u0107\",\"description\":\"\",\"publisher\":{\"@id\":\"https:\/\/mc-faustvrancic.com\/#organization\"},\"alternateName\":\"MC Faust Vran\u010di\u0107\",\"potentialAction\":[{\"@type\":\"SearchAction\",\"target\":{\"@type\":\"EntryPoint\",\"urlTemplate\":\"https:\/\/mc-faustvrancic.com\/?s={search_term_string}\"},\"query-input\":{\"@type\":\"PropertyValueSpecification\",\"valueRequired\":true,\"valueName\":\"search_term_string\"}}],\"inLanguage\":\"en-GB\"},{\"@type\":\"Organization\",\"@id\":\"https:\/\/mc-faustvrancic.com\/#organization\",\"name\":\"Memorijalni centar Faust Vran\u010di\u0107\",\"alternateName\":\"MC Faust Vran\u010di\u0107\",\"url\":\"https:\/\/mc-faustvrancic.com\/\",\"logo\":{\"@type\":\"ImageObject\",\"inLanguage\":\"en-GB\",\"@id\":\"https:\/\/mc-faustvrancic.com\/#\/schema\/logo\/image\/\",\"url\":\"https:\/\/mc-faustvrancic.com\/wp-content\/uploads\/2024\/04\/logo-crni.png\",\"contentUrl\":\"https:\/\/mc-faustvrancic.com\/wp-content\/uploads\/2024\/04\/logo-crni.png\",\"width\":265,\"height\":105,\"caption\":\"Memorijalni centar Faust Vran\u010di\u0107\"},\"image\":{\"@id\":\"https:\/\/mc-faustvrancic.com\/#\/schema\/logo\/image\/\"},\"sameAs\":[\"https:\/\/web.facebook.com\/mcfaustvrancic\/\",\"https:\/\/www.instagram.com\/mc_faustvrancic\/?hl=en&fbclid=IwAR3-lbIw4tS0ZANoVqEKrrp9z8DwHtc19D8cB-ZTRDNj_jnack8SHd6OaEA\",\"https:\/\/www.youtube.com\/channel\/UCcG32Ni5Grugo6ZdoE4mXkQ\"]},{\"@type\":\"Person\",\"@id\":\"https:\/\/mc-faustvrancic.com\/#\/schema\/person\/45c275c999c9a428c90358146afe1d55\",\"name\":\"admin\",\"image\":{\"@type\":\"ImageObject\",\"inLanguage\":\"en-GB\",\"@id\":\"https:\/\/mc-faustvrancic.com\/#\/schema\/person\/image\/\",\"url\":\"https:\/\/secure.gravatar.com\/avatar\/04838cad203d07e5dd18040172167a2fb4ff31e625ac3f986f5c9e9f2090bec3?s=96&r=g\",\"contentUrl\":\"https:\/\/secure.gravatar.com\/avatar\/04838cad203d07e5dd18040172167a2fb4ff31e625ac3f986f5c9e9f2090bec3?s=96&r=g\",\"caption\":\"admin\"},\"sameAs\":[\"https:\/\/mc-faustvrancic.com\"],\"url\":\"https:\/\/mc-faustvrancic.com\/en\/author\/admin\/\"}]}<\/script>\n<!-- \/ Yoast SEO plugin. -->","yoast_head_json":{"title":"Posjet Budimpe\u0161ti i ostav\u0161tini Fausta Vran\u010di\u0107a - Memorijalni centar Faust Vran\u010di\u0107","robots":{"index":"index","follow":"follow","max-snippet":"max-snippet:-1","max-image-preview":"max-image-preview:large","max-video-preview":"max-video-preview:-1"},"canonical":"https:\/\/mc-faustvrancic.com\/en\/2024\/06\/19\/posjet-budimpesti-i-ostavstini-fausta-vrancica\/","og_locale":"en_GB","og_type":"article","og_title":"Posjet Budimpe\u0161ti i ostav\u0161tini Fausta Vran\u010di\u0107a - Memorijalni centar Faust Vran\u010di\u0107","og_description":"Ovaj tjedan smo iskoristile za posjet Budimpe\u0161ti i traganju za ostav\u0161tinom na\u0161eg velikana Fausta Vran\u010di\u0107a. Imale smo priliku posjetiti Nacionalnu knji\u017enice Szechenyi u Budimpe\u0161ti koja brine o ostav\u0161tini Vran\u010di\u0107evih u Ma\u0111arskoj gdje su nas ugostili njihovi ljubazni djelatnici. Jako cijenimo ove trenutke jer smo uspjele prelistati Machinae novae, Rje\u010dnik kao i pisma Faustovog strica Antuna [&hellip;]","og_url":"https:\/\/mc-faustvrancic.com\/en\/2024\/06\/19\/posjet-budimpesti-i-ostavstini-fausta-vrancica\/","og_site_name":"Memorijalni centar Faust Vran\u010di\u0107","article_publisher":"https:\/\/web.facebook.com\/mcfaustvrancic\/","article_published_time":"2024-06-19T17:17:29+00:00","article_modified_time":"2024-06-19T18:19:57+00:00","og_image":[{"width":1044,"height":1297,"url":"https:\/\/mc-faustvrancic.com\/wp-content\/uploads\/2024\/06\/399777913_832983322168453_1769813106412688960_n.jpg","type":"image\/jpeg"}],"author":"admin","twitter_card":"summary_large_image","twitter_misc":{"Written by":"admin","Estimated reading time":"1 minute"},"schema":{"@context":"https:\/\/schema.org","@graph":[{"@type":"Article","@id":"https:\/\/mc-faustvrancic.com\/2024\/06\/19\/posjet-budimpesti-i-ostavstini-fausta-vrancica\/#article","isPartOf":{"@id":"https:\/\/mc-faustvrancic.com\/2024\/06\/19\/posjet-budimpesti-i-ostavstini-fausta-vrancica\/"},"author":{"name":"admin","@id":"https:\/\/mc-faustvrancic.com\/#\/schema\/person\/45c275c999c9a428c90358146afe1d55"},"headline":"Posjet Budimpe\u0161ti i ostav\u0161tini Fausta Vran\u010di\u0107a","datePublished":"2024-06-19T17:17:29+00:00","dateModified":"2024-06-19T18:19:57+00:00","mainEntityOfPage":{"@id":"https:\/\/mc-faustvrancic.com\/2024\/06\/19\/posjet-budimpesti-i-ostavstini-fausta-vrancica\/"},"wordCount":144,"commentCount":0,"publisher":{"@id":"https:\/\/mc-faustvrancic.com\/#organization"},"image":{"@id":"https:\/\/mc-faustvrancic.com\/2024\/06\/19\/posjet-budimpesti-i-ostavstini-fausta-vrancica\/#primaryimage"},"thumbnailUrl":"https:\/\/mc-faustvrancic.com\/wp-content\/uploads\/2024\/06\/399777913_832983322168453_1769813106412688960_n.jpg","articleSection":["Novosti"],"inLanguage":"en-GB","potentialAction":[{"@type":"CommentAction","name":"Comment","target":["https:\/\/mc-faustvrancic.com\/2024\/06\/19\/posjet-budimpesti-i-ostavstini-fausta-vrancica\/#respond"]}]},{"@type":"WebPage","@id":"https:\/\/mc-faustvrancic.com\/2024\/06\/19\/posjet-budimpesti-i-ostavstini-fausta-vrancica\/","url":"https:\/\/mc-faustvrancic.com\/2024\/06\/19\/posjet-budimpesti-i-ostavstini-fausta-vrancica\/","name":"Posjet Budimpe\u0161ti i ostav\u0161tini Fausta Vran\u010di\u0107a - Memorijalni centar Faust Vran\u010di\u0107","isPartOf":{"@id":"https:\/\/mc-faustvrancic.com\/#website"},"primaryImageOfPage":{"@id":"https:\/\/mc-faustvrancic.com\/2024\/06\/19\/posjet-budimpesti-i-ostavstini-fausta-vrancica\/#primaryimage"},"image":{"@id":"https:\/\/mc-faustvrancic.com\/2024\/06\/19\/posjet-budimpesti-i-ostavstini-fausta-vrancica\/#primaryimage"},"thumbnailUrl":"https:\/\/mc-faustvrancic.com\/wp-content\/uploads\/2024\/06\/399777913_832983322168453_1769813106412688960_n.jpg","datePublished":"2024-06-19T17:17:29+00:00","dateModified":"2024-06-19T18:19:57+00:00","breadcrumb":{"@id":"https:\/\/mc-faustvrancic.com\/2024\/06\/19\/posjet-budimpesti-i-ostavstini-fausta-vrancica\/#breadcrumb"},"inLanguage":"en-GB","potentialAction":[{"@type":"ReadAction","target":["https:\/\/mc-faustvrancic.com\/2024\/06\/19\/posjet-budimpesti-i-ostavstini-fausta-vrancica\/"]}]},{"@type":"ImageObject","inLanguage":"en-GB","@id":"https:\/\/mc-faustvrancic.com\/2024\/06\/19\/posjet-budimpesti-i-ostavstini-fausta-vrancica\/#primaryimage","url":"https:\/\/mc-faustvrancic.com\/wp-content\/uploads\/2024\/06\/399777913_832983322168453_1769813106412688960_n.jpg","contentUrl":"https:\/\/mc-faustvrancic.com\/wp-content\/uploads\/2024\/06\/399777913_832983322168453_1769813106412688960_n.jpg","width":1044,"height":1297},{"@type":"BreadcrumbList","@id":"https:\/\/mc-faustvrancic.com\/2024\/06\/19\/posjet-budimpesti-i-ostavstini-fausta-vrancica\/#breadcrumb","itemListElement":[{"@type":"ListItem","position":1,"name":"Po\u010detna stranica","item":"https:\/\/mc-faustvrancic.com\/"},{"@type":"ListItem","position":2,"name":"Posjet Budimpe\u0161ti i ostav\u0161tini Fausta Vran\u010di\u0107a"}]},{"@type":"WebSite","@id":"https:\/\/mc-faustvrancic.com\/#website","url":"https:\/\/mc-faustvrancic.com\/","name":"Memorijalni centar Faust Vran\u010di\u0107","description":"","publisher":{"@id":"https:\/\/mc-faustvrancic.com\/#organization"},"alternateName":"MC Faust Vran\u010di\u0107","potentialAction":[{"@type":"SearchAction","target":{"@type":"EntryPoint","urlTemplate":"https:\/\/mc-faustvrancic.com\/?s={search_term_string}"},"query-input":{"@type":"PropertyValueSpecification","valueRequired":true,"valueName":"search_term_string"}}],"inLanguage":"en-GB"},{"@type":"Organization","@id":"https:\/\/mc-faustvrancic.com\/#organization","name":"Memorijalni centar Faust Vran\u010di\u0107","alternateName":"MC Faust Vran\u010di\u0107","url":"https:\/\/mc-faustvrancic.com\/","logo":{"@type":"ImageObject","inLanguage":"en-GB","@id":"https:\/\/mc-faustvrancic.com\/#\/schema\/logo\/image\/","url":"https:\/\/mc-faustvrancic.com\/wp-content\/uploads\/2024\/04\/logo-crni.png","contentUrl":"https:\/\/mc-faustvrancic.com\/wp-content\/uploads\/2024\/04\/logo-crni.png","width":265,"height":105,"caption":"Memorijalni centar Faust Vran\u010di\u0107"},"image":{"@id":"https:\/\/mc-faustvrancic.com\/#\/schema\/logo\/image\/"},"sameAs":["https:\/\/web.facebook.com\/mcfaustvrancic\/","https:\/\/www.instagram.com\/mc_faustvrancic\/?hl=en&fbclid=IwAR3-lbIw4tS0ZANoVqEKrrp9z8DwHtc19D8cB-ZTRDNj_jnack8SHd6OaEA","https:\/\/www.youtube.com\/channel\/UCcG32Ni5Grugo6ZdoE4mXkQ"]},{"@type":"Person","@id":"https:\/\/mc-faustvrancic.com\/#\/schema\/person\/45c275c999c9a428c90358146afe1d55","name":"admin","image":{"@type":"ImageObject","inLanguage":"en-GB","@id":"https:\/\/mc-faustvrancic.com\/#\/schema\/person\/image\/","url":"https:\/\/secure.gravatar.com\/avatar\/04838cad203d07e5dd18040172167a2fb4ff31e625ac3f986f5c9e9f2090bec3?s=96&r=g","contentUrl":"https:\/\/secure.gravatar.com\/avatar\/04838cad203d07e5dd18040172167a2fb4ff31e625ac3f986f5c9e9f2090bec3?s=96&r=g","caption":"admin"},"sameAs":["https:\/\/mc-faustvrancic.com"],"url":"https:\/\/mc-faustvrancic.com\/en\/author\/admin\/"}]}},"_links":{"self":[{"href":"https:\/\/mc-faustvrancic.com\/en\/wp-json\/wp\/v2\/posts\/2729","targetHints":{"allow":["GET"]}}],"collection":[{"href":"https:\/\/mc-faustvrancic.com\/en\/wp-json\/wp\/v2\/posts"}],"about":[{"href":"https:\/\/mc-faustvrancic.com\/en\/wp-json\/wp\/v2\/types\/post"}],"author":[{"embeddable":true,"href":"https:\/\/mc-faustvrancic.com\/en\/wp-json\/wp\/v2\/users\/1"}],"replies":[{"embeddable":true,"href":"https:\/\/mc-faustvrancic.com\/en\/wp-json\/wp\/v2\/comments?post=2729"}],"version-history":[{"count":0,"href":"https:\/\/mc-faustvrancic.com\/en\/wp-json\/wp\/v2\/posts\/2729\/revisions"}],"wp:featuredmedia":[{"embeddable":true,"href":"https:\/\/mc-faustvrancic.com\/en\/wp-json\/wp\/v2\/media\/2730"}],"wp:attachment":[{"href":"https:\/\/mc-faustvrancic.com\/en\/wp-json\/wp\/v2\/media?parent=2729"}],"wp:term":[{"taxonomy":"category","embeddable":true,"href":"https:\/\/mc-faustvrancic.com\/en\/wp-json\/wp\/v2\/categories?post=2729"},{"taxonomy":"post_tag","embeddable":true,"href":"https:\/\/mc-faustvrancic.com\/en\/wp-json\/wp\/v2\/tags?post=2729"}],"curies":[{"name":"wp","href":"https:\/\/api.w.org\/{rel}","templated":true}]}}