{"id":2718,"date":"2024-06-19T18:58:54","date_gmt":"2024-06-19T16:58:54","guid":{"rendered":"https:\/\/mc-faustvrancic.com\/?p=2718"},"modified":"2024-06-19T20:35:13","modified_gmt":"2024-06-19T18:35:13","slug":"odrzano-predavanje-vedro-lice-glagoljice","status":"publish","type":"post","link":"https:\/\/mc-faustvrancic.com\/en\/2024\/06\/19\/odrzano-predavanje-vedro-lice-glagoljice\/","title":{"rendered":"Odr\u017eano predavanje &#8220;Vedro lice glagoljice&#8221;"},"content":{"rendered":"<p>U prepunom Centru odr\u017eano je predavanje pod nazivom \u201cVedro lice glagoljice\u201d odr\u017eala na\u0161a draga Mirna Lipovac, tajnica Dru\u0161tva prijatelja glagoljice iz Zagreba, ujedno i ljetna stanovnica Prvi\u0107 Luke.<br>Publika je imala prilike saznati ne\u0161to vi\u0161e o onoj \u017eivotnijoj i samim time zanimljivijoj strani \u017eivota na\u0161ih predaka kroz kronolo\u0161ki pregled glagolja\u0161kih zapisa, ali i o \u017eivotu glagoljice danas.<br>Usput je bilo zgodno podsjetiti se da je upravo samostan sv. Marije od Milosti u Prvi\u0107 Luci stolje\u0107ima bio najve\u0107e glagolja\u0161ko upori\u0161te ovoga dijela Dalmacije.<\/p>","protected":false},"excerpt":{"rendered":"<p>U prepunom Centru odr\u017eano je predavanje pod nazivom \u201cVedro lice glagoljice\u201d odr\u017eala na\u0161a draga Mirna Lipovac, tajnica Dru\u0161tva prijatelja glagoljice iz Zagreba, ujedno i ljetna stanovnica Prvi\u0107 Luke.Publika je imala prilike saznati ne\u0161to vi\u0161e o onoj \u017eivotnijoj i samim time zanimljivijoj strani \u017eivota na\u0161ih predaka kroz kronolo\u0161ki pregled glagolja\u0161kih zapisa, ali i o \u017eivotu glagoljice [&hellip;]<\/p>","protected":false},"author":1,"featured_media":2719,"comment_status":"open","ping_status":"open","sticky":false,"template":"","format":"standard","meta":{"_acf_changed":false,"footnotes":""},"categories":[1],"tags":[],"class_list":["post-2718","post","type-post","status-publish","format-standard","has-post-thumbnail","hentry","category-novosti"],"acf":[],"yoast_head":"<!-- This site is optimized with the Yoast SEO plugin v26.8 - https:\/\/yoast.com\/product\/yoast-seo-wordpress\/ -->\n<title>Odr\u017eano predavanje &quot;Vedro lice glagoljice&quot; - Memorijalni centar Faust Vran\u010di\u0107<\/title>\n<meta name=\"robots\" content=\"index, follow, max-snippet:-1, max-image-preview:large, max-video-preview:-1\" \/>\n<link rel=\"canonical\" href=\"https:\/\/mc-faustvrancic.com\/en\/2024\/06\/19\/odrzano-predavanje-vedro-lice-glagoljice\/\" \/>\n<meta property=\"og:locale\" content=\"en_GB\" \/>\n<meta property=\"og:type\" content=\"article\" \/>\n<meta property=\"og:title\" content=\"Odr\u017eano predavanje &quot;Vedro lice glagoljice&quot; - Memorijalni centar Faust Vran\u010di\u0107\" \/>\n<meta property=\"og:description\" content=\"U prepunom Centru odr\u017eano je predavanje pod nazivom \u201cVedro lice glagoljice\u201d odr\u017eala na\u0161a draga Mirna Lipovac, tajnica Dru\u0161tva prijatelja glagoljice iz Zagreba, ujedno i ljetna stanovnica Prvi\u0107 Luke.Publika je imala prilike saznati ne\u0161to vi\u0161e o onoj \u017eivotnijoj i samim time zanimljivijoj strani \u017eivota na\u0161ih predaka kroz kronolo\u0161ki pregled glagolja\u0161kih zapisa, ali i o \u017eivotu glagoljice [&hellip;]\" \/>\n<meta property=\"og:url\" content=\"https:\/\/mc-faustvrancic.com\/en\/2024\/06\/19\/odrzano-predavanje-vedro-lice-glagoljice\/\" \/>\n<meta property=\"og:site_name\" content=\"Memorijalni centar Faust Vran\u010di\u0107\" \/>\n<meta property=\"article:publisher\" content=\"https:\/\/web.facebook.com\/mcfaustvrancic\/\" \/>\n<meta property=\"article:published_time\" content=\"2024-06-19T16:58:54+00:00\" \/>\n<meta property=\"article:modified_time\" content=\"2024-06-19T18:35:13+00:00\" \/>\n<meta property=\"og:image\" content=\"https:\/\/mc-faustvrancic.com\/wp-content\/uploads\/2024\/06\/1.jpg\" \/>\n\t<meta property=\"og:image:width\" content=\"1600\" \/>\n\t<meta property=\"og:image:height\" content=\"1200\" \/>\n\t<meta property=\"og:image:type\" content=\"image\/jpeg\" \/>\n<meta name=\"author\" content=\"admin\" \/>\n<meta name=\"twitter:card\" content=\"summary_large_image\" \/>\n<meta name=\"twitter:label1\" content=\"Written by\" \/>\n\t<meta name=\"twitter:data1\" content=\"admin\" \/>\n\t<meta name=\"twitter:label2\" content=\"Estimated reading time\" \/>\n\t<meta name=\"twitter:data2\" content=\"1 minute\" \/>\n<script type=\"application\/ld+json\" class=\"yoast-schema-graph\">{\"@context\":\"https:\/\/schema.org\",\"@graph\":[{\"@type\":\"Article\",\"@id\":\"https:\/\/mc-faustvrancic.com\/2024\/06\/19\/odrzano-predavanje-vedro-lice-glagoljice\/#article\",\"isPartOf\":{\"@id\":\"https:\/\/mc-faustvrancic.com\/2024\/06\/19\/odrzano-predavanje-vedro-lice-glagoljice\/\"},\"author\":{\"name\":\"admin\",\"@id\":\"https:\/\/mc-faustvrancic.com\/#\/schema\/person\/45c275c999c9a428c90358146afe1d55\"},\"headline\":\"Odr\u017eano predavanje &#8220;Vedro lice glagoljice&#8221;\",\"datePublished\":\"2024-06-19T16:58:54+00:00\",\"dateModified\":\"2024-06-19T18:35:13+00:00\",\"mainEntityOfPage\":{\"@id\":\"https:\/\/mc-faustvrancic.com\/2024\/06\/19\/odrzano-predavanje-vedro-lice-glagoljice\/\"},\"wordCount\":101,\"commentCount\":0,\"publisher\":{\"@id\":\"https:\/\/mc-faustvrancic.com\/#organization\"},\"image\":{\"@id\":\"https:\/\/mc-faustvrancic.com\/2024\/06\/19\/odrzano-predavanje-vedro-lice-glagoljice\/#primaryimage\"},\"thumbnailUrl\":\"https:\/\/mc-faustvrancic.com\/wp-content\/uploads\/2024\/06\/1.jpg\",\"articleSection\":[\"Novosti\"],\"inLanguage\":\"en-GB\",\"potentialAction\":[{\"@type\":\"CommentAction\",\"name\":\"Comment\",\"target\":[\"https:\/\/mc-faustvrancic.com\/2024\/06\/19\/odrzano-predavanje-vedro-lice-glagoljice\/#respond\"]}]},{\"@type\":\"WebPage\",\"@id\":\"https:\/\/mc-faustvrancic.com\/2024\/06\/19\/odrzano-predavanje-vedro-lice-glagoljice\/\",\"url\":\"https:\/\/mc-faustvrancic.com\/2024\/06\/19\/odrzano-predavanje-vedro-lice-glagoljice\/\",\"name\":\"Odr\u017eano predavanje \\\"Vedro lice glagoljice\\\" - Memorijalni centar Faust Vran\u010di\u0107\",\"isPartOf\":{\"@id\":\"https:\/\/mc-faustvrancic.com\/#website\"},\"primaryImageOfPage\":{\"@id\":\"https:\/\/mc-faustvrancic.com\/2024\/06\/19\/odrzano-predavanje-vedro-lice-glagoljice\/#primaryimage\"},\"image\":{\"@id\":\"https:\/\/mc-faustvrancic.com\/2024\/06\/19\/odrzano-predavanje-vedro-lice-glagoljice\/#primaryimage\"},\"thumbnailUrl\":\"https:\/\/mc-faustvrancic.com\/wp-content\/uploads\/2024\/06\/1.jpg\",\"datePublished\":\"2024-06-19T16:58:54+00:00\",\"dateModified\":\"2024-06-19T18:35:13+00:00\",\"breadcrumb\":{\"@id\":\"https:\/\/mc-faustvrancic.com\/2024\/06\/19\/odrzano-predavanje-vedro-lice-glagoljice\/#breadcrumb\"},\"inLanguage\":\"en-GB\",\"potentialAction\":[{\"@type\":\"ReadAction\",\"target\":[\"https:\/\/mc-faustvrancic.com\/2024\/06\/19\/odrzano-predavanje-vedro-lice-glagoljice\/\"]}]},{\"@type\":\"ImageObject\",\"inLanguage\":\"en-GB\",\"@id\":\"https:\/\/mc-faustvrancic.com\/2024\/06\/19\/odrzano-predavanje-vedro-lice-glagoljice\/#primaryimage\",\"url\":\"https:\/\/mc-faustvrancic.com\/wp-content\/uploads\/2024\/06\/1.jpg\",\"contentUrl\":\"https:\/\/mc-faustvrancic.com\/wp-content\/uploads\/2024\/06\/1.jpg\",\"width\":1600,\"height\":1200},{\"@type\":\"BreadcrumbList\",\"@id\":\"https:\/\/mc-faustvrancic.com\/2024\/06\/19\/odrzano-predavanje-vedro-lice-glagoljice\/#breadcrumb\",\"itemListElement\":[{\"@type\":\"ListItem\",\"position\":1,\"name\":\"Po\u010detna stranica\",\"item\":\"https:\/\/mc-faustvrancic.com\/\"},{\"@type\":\"ListItem\",\"position\":2,\"name\":\"Odr\u017eano predavanje &#8220;Vedro lice glagoljice&#8221;\"}]},{\"@type\":\"WebSite\",\"@id\":\"https:\/\/mc-faustvrancic.com\/#website\",\"url\":\"https:\/\/mc-faustvrancic.com\/\",\"name\":\"Memorijalni centar Faust Vran\u010di\u0107\",\"description\":\"\",\"publisher\":{\"@id\":\"https:\/\/mc-faustvrancic.com\/#organization\"},\"alternateName\":\"MC Faust Vran\u010di\u0107\",\"potentialAction\":[{\"@type\":\"SearchAction\",\"target\":{\"@type\":\"EntryPoint\",\"urlTemplate\":\"https:\/\/mc-faustvrancic.com\/?s={search_term_string}\"},\"query-input\":{\"@type\":\"PropertyValueSpecification\",\"valueRequired\":true,\"valueName\":\"search_term_string\"}}],\"inLanguage\":\"en-GB\"},{\"@type\":\"Organization\",\"@id\":\"https:\/\/mc-faustvrancic.com\/#organization\",\"name\":\"Memorijalni centar Faust Vran\u010di\u0107\",\"alternateName\":\"MC Faust Vran\u010di\u0107\",\"url\":\"https:\/\/mc-faustvrancic.com\/\",\"logo\":{\"@type\":\"ImageObject\",\"inLanguage\":\"en-GB\",\"@id\":\"https:\/\/mc-faustvrancic.com\/#\/schema\/logo\/image\/\",\"url\":\"https:\/\/mc-faustvrancic.com\/wp-content\/uploads\/2024\/04\/logo-crni.png\",\"contentUrl\":\"https:\/\/mc-faustvrancic.com\/wp-content\/uploads\/2024\/04\/logo-crni.png\",\"width\":265,\"height\":105,\"caption\":\"Memorijalni centar Faust Vran\u010di\u0107\"},\"image\":{\"@id\":\"https:\/\/mc-faustvrancic.com\/#\/schema\/logo\/image\/\"},\"sameAs\":[\"https:\/\/web.facebook.com\/mcfaustvrancic\/\",\"https:\/\/www.instagram.com\/mc_faustvrancic\/?hl=en&fbclid=IwAR3-lbIw4tS0ZANoVqEKrrp9z8DwHtc19D8cB-ZTRDNj_jnack8SHd6OaEA\",\"https:\/\/www.youtube.com\/channel\/UCcG32Ni5Grugo6ZdoE4mXkQ\"]},{\"@type\":\"Person\",\"@id\":\"https:\/\/mc-faustvrancic.com\/#\/schema\/person\/45c275c999c9a428c90358146afe1d55\",\"name\":\"admin\",\"image\":{\"@type\":\"ImageObject\",\"inLanguage\":\"en-GB\",\"@id\":\"https:\/\/mc-faustvrancic.com\/#\/schema\/person\/image\/\",\"url\":\"https:\/\/secure.gravatar.com\/avatar\/04838cad203d07e5dd18040172167a2fb4ff31e625ac3f986f5c9e9f2090bec3?s=96&r=g\",\"contentUrl\":\"https:\/\/secure.gravatar.com\/avatar\/04838cad203d07e5dd18040172167a2fb4ff31e625ac3f986f5c9e9f2090bec3?s=96&r=g\",\"caption\":\"admin\"},\"sameAs\":[\"https:\/\/mc-faustvrancic.com\"],\"url\":\"https:\/\/mc-faustvrancic.com\/en\/author\/admin\/\"}]}<\/script>\n<!-- \/ Yoast SEO plugin. -->","yoast_head_json":{"title":"Odr\u017eano predavanje \"Vedro lice glagoljice\" - Memorijalni centar Faust Vran\u010di\u0107","robots":{"index":"index","follow":"follow","max-snippet":"max-snippet:-1","max-image-preview":"max-image-preview:large","max-video-preview":"max-video-preview:-1"},"canonical":"https:\/\/mc-faustvrancic.com\/en\/2024\/06\/19\/odrzano-predavanje-vedro-lice-glagoljice\/","og_locale":"en_GB","og_type":"article","og_title":"Odr\u017eano predavanje \"Vedro lice glagoljice\" - Memorijalni centar Faust Vran\u010di\u0107","og_description":"U prepunom Centru odr\u017eano je predavanje pod nazivom \u201cVedro lice glagoljice\u201d odr\u017eala na\u0161a draga Mirna Lipovac, tajnica Dru\u0161tva prijatelja glagoljice iz Zagreba, ujedno i ljetna stanovnica Prvi\u0107 Luke.Publika je imala prilike saznati ne\u0161to vi\u0161e o onoj \u017eivotnijoj i samim time zanimljivijoj strani \u017eivota na\u0161ih predaka kroz kronolo\u0161ki pregled glagolja\u0161kih zapisa, ali i o \u017eivotu glagoljice [&hellip;]","og_url":"https:\/\/mc-faustvrancic.com\/en\/2024\/06\/19\/odrzano-predavanje-vedro-lice-glagoljice\/","og_site_name":"Memorijalni centar Faust Vran\u010di\u0107","article_publisher":"https:\/\/web.facebook.com\/mcfaustvrancic\/","article_published_time":"2024-06-19T16:58:54+00:00","article_modified_time":"2024-06-19T18:35:13+00:00","og_image":[{"width":1600,"height":1200,"url":"https:\/\/mc-faustvrancic.com\/wp-content\/uploads\/2024\/06\/1.jpg","type":"image\/jpeg"}],"author":"admin","twitter_card":"summary_large_image","twitter_misc":{"Written by":"admin","Estimated reading time":"1 minute"},"schema":{"@context":"https:\/\/schema.org","@graph":[{"@type":"Article","@id":"https:\/\/mc-faustvrancic.com\/2024\/06\/19\/odrzano-predavanje-vedro-lice-glagoljice\/#article","isPartOf":{"@id":"https:\/\/mc-faustvrancic.com\/2024\/06\/19\/odrzano-predavanje-vedro-lice-glagoljice\/"},"author":{"name":"admin","@id":"https:\/\/mc-faustvrancic.com\/#\/schema\/person\/45c275c999c9a428c90358146afe1d55"},"headline":"Odr\u017eano predavanje &#8220;Vedro lice glagoljice&#8221;","datePublished":"2024-06-19T16:58:54+00:00","dateModified":"2024-06-19T18:35:13+00:00","mainEntityOfPage":{"@id":"https:\/\/mc-faustvrancic.com\/2024\/06\/19\/odrzano-predavanje-vedro-lice-glagoljice\/"},"wordCount":101,"commentCount":0,"publisher":{"@id":"https:\/\/mc-faustvrancic.com\/#organization"},"image":{"@id":"https:\/\/mc-faustvrancic.com\/2024\/06\/19\/odrzano-predavanje-vedro-lice-glagoljice\/#primaryimage"},"thumbnailUrl":"https:\/\/mc-faustvrancic.com\/wp-content\/uploads\/2024\/06\/1.jpg","articleSection":["Novosti"],"inLanguage":"en-GB","potentialAction":[{"@type":"CommentAction","name":"Comment","target":["https:\/\/mc-faustvrancic.com\/2024\/06\/19\/odrzano-predavanje-vedro-lice-glagoljice\/#respond"]}]},{"@type":"WebPage","@id":"https:\/\/mc-faustvrancic.com\/2024\/06\/19\/odrzano-predavanje-vedro-lice-glagoljice\/","url":"https:\/\/mc-faustvrancic.com\/2024\/06\/19\/odrzano-predavanje-vedro-lice-glagoljice\/","name":"Odr\u017eano predavanje \"Vedro lice glagoljice\" - Memorijalni centar Faust Vran\u010di\u0107","isPartOf":{"@id":"https:\/\/mc-faustvrancic.com\/#website"},"primaryImageOfPage":{"@id":"https:\/\/mc-faustvrancic.com\/2024\/06\/19\/odrzano-predavanje-vedro-lice-glagoljice\/#primaryimage"},"image":{"@id":"https:\/\/mc-faustvrancic.com\/2024\/06\/19\/odrzano-predavanje-vedro-lice-glagoljice\/#primaryimage"},"thumbnailUrl":"https:\/\/mc-faustvrancic.com\/wp-content\/uploads\/2024\/06\/1.jpg","datePublished":"2024-06-19T16:58:54+00:00","dateModified":"2024-06-19T18:35:13+00:00","breadcrumb":{"@id":"https:\/\/mc-faustvrancic.com\/2024\/06\/19\/odrzano-predavanje-vedro-lice-glagoljice\/#breadcrumb"},"inLanguage":"en-GB","potentialAction":[{"@type":"ReadAction","target":["https:\/\/mc-faustvrancic.com\/2024\/06\/19\/odrzano-predavanje-vedro-lice-glagoljice\/"]}]},{"@type":"ImageObject","inLanguage":"en-GB","@id":"https:\/\/mc-faustvrancic.com\/2024\/06\/19\/odrzano-predavanje-vedro-lice-glagoljice\/#primaryimage","url":"https:\/\/mc-faustvrancic.com\/wp-content\/uploads\/2024\/06\/1.jpg","contentUrl":"https:\/\/mc-faustvrancic.com\/wp-content\/uploads\/2024\/06\/1.jpg","width":1600,"height":1200},{"@type":"BreadcrumbList","@id":"https:\/\/mc-faustvrancic.com\/2024\/06\/19\/odrzano-predavanje-vedro-lice-glagoljice\/#breadcrumb","itemListElement":[{"@type":"ListItem","position":1,"name":"Po\u010detna stranica","item":"https:\/\/mc-faustvrancic.com\/"},{"@type":"ListItem","position":2,"name":"Odr\u017eano predavanje &#8220;Vedro lice glagoljice&#8221;"}]},{"@type":"WebSite","@id":"https:\/\/mc-faustvrancic.com\/#website","url":"https:\/\/mc-faustvrancic.com\/","name":"Memorijalni centar Faust Vran\u010di\u0107","description":"","publisher":{"@id":"https:\/\/mc-faustvrancic.com\/#organization"},"alternateName":"MC Faust Vran\u010di\u0107","potentialAction":[{"@type":"SearchAction","target":{"@type":"EntryPoint","urlTemplate":"https:\/\/mc-faustvrancic.com\/?s={search_term_string}"},"query-input":{"@type":"PropertyValueSpecification","valueRequired":true,"valueName":"search_term_string"}}],"inLanguage":"en-GB"},{"@type":"Organization","@id":"https:\/\/mc-faustvrancic.com\/#organization","name":"Memorijalni centar Faust Vran\u010di\u0107","alternateName":"MC Faust Vran\u010di\u0107","url":"https:\/\/mc-faustvrancic.com\/","logo":{"@type":"ImageObject","inLanguage":"en-GB","@id":"https:\/\/mc-faustvrancic.com\/#\/schema\/logo\/image\/","url":"https:\/\/mc-faustvrancic.com\/wp-content\/uploads\/2024\/04\/logo-crni.png","contentUrl":"https:\/\/mc-faustvrancic.com\/wp-content\/uploads\/2024\/04\/logo-crni.png","width":265,"height":105,"caption":"Memorijalni centar Faust Vran\u010di\u0107"},"image":{"@id":"https:\/\/mc-faustvrancic.com\/#\/schema\/logo\/image\/"},"sameAs":["https:\/\/web.facebook.com\/mcfaustvrancic\/","https:\/\/www.instagram.com\/mc_faustvrancic\/?hl=en&fbclid=IwAR3-lbIw4tS0ZANoVqEKrrp9z8DwHtc19D8cB-ZTRDNj_jnack8SHd6OaEA","https:\/\/www.youtube.com\/channel\/UCcG32Ni5Grugo6ZdoE4mXkQ"]},{"@type":"Person","@id":"https:\/\/mc-faustvrancic.com\/#\/schema\/person\/45c275c999c9a428c90358146afe1d55","name":"admin","image":{"@type":"ImageObject","inLanguage":"en-GB","@id":"https:\/\/mc-faustvrancic.com\/#\/schema\/person\/image\/","url":"https:\/\/secure.gravatar.com\/avatar\/04838cad203d07e5dd18040172167a2fb4ff31e625ac3f986f5c9e9f2090bec3?s=96&r=g","contentUrl":"https:\/\/secure.gravatar.com\/avatar\/04838cad203d07e5dd18040172167a2fb4ff31e625ac3f986f5c9e9f2090bec3?s=96&r=g","caption":"admin"},"sameAs":["https:\/\/mc-faustvrancic.com"],"url":"https:\/\/mc-faustvrancic.com\/en\/author\/admin\/"}]}},"_links":{"self":[{"href":"https:\/\/mc-faustvrancic.com\/en\/wp-json\/wp\/v2\/posts\/2718","targetHints":{"allow":["GET"]}}],"collection":[{"href":"https:\/\/mc-faustvrancic.com\/en\/wp-json\/wp\/v2\/posts"}],"about":[{"href":"https:\/\/mc-faustvrancic.com\/en\/wp-json\/wp\/v2\/types\/post"}],"author":[{"embeddable":true,"href":"https:\/\/mc-faustvrancic.com\/en\/wp-json\/wp\/v2\/users\/1"}],"replies":[{"embeddable":true,"href":"https:\/\/mc-faustvrancic.com\/en\/wp-json\/wp\/v2\/comments?post=2718"}],"version-history":[{"count":0,"href":"https:\/\/mc-faustvrancic.com\/en\/wp-json\/wp\/v2\/posts\/2718\/revisions"}],"wp:featuredmedia":[{"embeddable":true,"href":"https:\/\/mc-faustvrancic.com\/en\/wp-json\/wp\/v2\/media\/2719"}],"wp:attachment":[{"href":"https:\/\/mc-faustvrancic.com\/en\/wp-json\/wp\/v2\/media?parent=2718"}],"wp:term":[{"taxonomy":"category","embeddable":true,"href":"https:\/\/mc-faustvrancic.com\/en\/wp-json\/wp\/v2\/categories?post=2718"},{"taxonomy":"post_tag","embeddable":true,"href":"https:\/\/mc-faustvrancic.com\/en\/wp-json\/wp\/v2\/tags?post=2718"}],"curies":[{"name":"wp","href":"https:\/\/api.w.org\/{rel}","templated":true}]}}