{"id":2716,"date":"2024-06-19T18:56:24","date_gmt":"2024-06-19T16:56:24","guid":{"rendered":"https:\/\/mc-faustvrancic.com\/?p=2716"},"modified":"2024-06-19T20:36:25","modified_gmt":"2024-06-19T18:36:25","slug":"kreativni-dani-fausta-vrancica-na-otoku-prvicu","status":"publish","type":"post","link":"https:\/\/mc-faustvrancic.com\/en\/2024\/06\/19\/kreativni-dani-fausta-vrancica-na-otoku-prvicu\/","title":{"rendered":"Kreativni dani Fausta Vran\u010di\u0107a na otoku Prvi\u0107u"},"content":{"rendered":"<p>Vrijedna ekipa organizatora Kreativnih dana Fausta Vran\u010di\u0107a najavljuje zanimljivo 11. izdanje koje \u0107e se odr\u017eati na otoku Prvi\u0107u od petka 06.10. do nedjelje 8.10. Pozivamo vas na otok Prvi\u0107 ovaj vikend na zajedni\u010dko dru\u017eenje i sudjelovanje u programu.<\/p>\n\n\n\n<p>Ovim putem \u010destitamo Udruzi Otok na velikom anga\u017emanu, super idejama i ulo\u017eenom trudu da se jo\u0161 jedna kreativna manifestacija koja nosi ime na\u0161eg velikana odr\u017ei i ove godine.<\/p>","protected":false},"excerpt":{"rendered":"<p>Vrijedna ekipa organizatora Kreativnih dana Fausta Vran\u010di\u0107a najavljuje zanimljivo 11. izdanje koje \u0107e se odr\u017eati na otoku Prvi\u0107u od petka 06.10. do nedjelje 8.10. Pozivamo vas na otok Prvi\u0107 ovaj vikend na zajedni\u010dko dru\u017eenje i sudjelovanje u programu. Ovim putem \u010destitamo Udruzi Otok na velikom anga\u017emanu, super idejama i ulo\u017eenom trudu da se jo\u0161 jedna [&hellip;]<\/p>","protected":false},"author":1,"featured_media":2708,"comment_status":"open","ping_status":"open","sticky":false,"template":"","format":"standard","meta":{"_acf_changed":false,"footnotes":""},"categories":[1],"tags":[],"class_list":["post-2716","post","type-post","status-publish","format-standard","has-post-thumbnail","hentry","category-novosti"],"acf":[],"yoast_head":"<!-- This site is optimized with the Yoast SEO plugin v26.8 - https:\/\/yoast.com\/product\/yoast-seo-wordpress\/ -->\n<title>Kreativni dani Fausta Vran\u010di\u0107a na otoku Prvi\u0107u - Memorijalni centar Faust Vran\u010di\u0107<\/title>\n<meta name=\"robots\" content=\"index, follow, max-snippet:-1, max-image-preview:large, max-video-preview:-1\" \/>\n<link rel=\"canonical\" href=\"https:\/\/mc-faustvrancic.com\/en\/2024\/06\/19\/kreativni-dani-fausta-vrancica-na-otoku-prvicu\/\" \/>\n<meta property=\"og:locale\" content=\"en_GB\" \/>\n<meta property=\"og:type\" content=\"article\" \/>\n<meta property=\"og:title\" content=\"Kreativni dani Fausta Vran\u010di\u0107a na otoku Prvi\u0107u - Memorijalni centar Faust Vran\u010di\u0107\" \/>\n<meta property=\"og:description\" content=\"Vrijedna ekipa organizatora Kreativnih dana Fausta Vran\u010di\u0107a najavljuje zanimljivo 11. izdanje koje \u0107e se odr\u017eati na otoku Prvi\u0107u od petka 06.10. do nedjelje 8.10. Pozivamo vas na otok Prvi\u0107 ovaj vikend na zajedni\u010dko dru\u017eenje i sudjelovanje u programu. Ovim putem \u010destitamo Udruzi Otok na velikom anga\u017emanu, super idejama i ulo\u017eenom trudu da se jo\u0161 jedna [&hellip;]\" \/>\n<meta property=\"og:url\" content=\"https:\/\/mc-faustvrancic.com\/en\/2024\/06\/19\/kreativni-dani-fausta-vrancica-na-otoku-prvicu\/\" \/>\n<meta property=\"og:site_name\" content=\"Memorijalni centar Faust Vran\u010di\u0107\" \/>\n<meta property=\"article:publisher\" content=\"https:\/\/web.facebook.com\/mcfaustvrancic\/\" \/>\n<meta property=\"article:published_time\" content=\"2024-06-19T16:56:24+00:00\" \/>\n<meta property=\"article:modified_time\" content=\"2024-06-19T18:36:25+00:00\" \/>\n<meta property=\"og:image\" content=\"https:\/\/mc-faustvrancic.com\/wp-content\/uploads\/2024\/06\/kreativni-dani-2023.jpg\" \/>\n\t<meta property=\"og:image:width\" content=\"508\" \/>\n\t<meta property=\"og:image:height\" content=\"720\" \/>\n\t<meta property=\"og:image:type\" content=\"image\/jpeg\" \/>\n<meta name=\"author\" content=\"admin\" \/>\n<meta name=\"twitter:card\" content=\"summary_large_image\" \/>\n<meta name=\"twitter:label1\" content=\"Written by\" \/>\n\t<meta name=\"twitter:data1\" content=\"admin\" \/>\n\t<meta name=\"twitter:label2\" content=\"Estimated reading time\" \/>\n\t<meta name=\"twitter:data2\" content=\"1 minute\" \/>\n<script type=\"application\/ld+json\" class=\"yoast-schema-graph\">{\"@context\":\"https:\/\/schema.org\",\"@graph\":[{\"@type\":\"Article\",\"@id\":\"https:\/\/mc-faustvrancic.com\/2024\/06\/19\/kreativni-dani-fausta-vrancica-na-otoku-prvicu\/#article\",\"isPartOf\":{\"@id\":\"https:\/\/mc-faustvrancic.com\/2024\/06\/19\/kreativni-dani-fausta-vrancica-na-otoku-prvicu\/\"},\"author\":{\"name\":\"admin\",\"@id\":\"https:\/\/mc-faustvrancic.com\/#\/schema\/person\/45c275c999c9a428c90358146afe1d55\"},\"headline\":\"Kreativni dani Fausta Vran\u010di\u0107a na otoku Prvi\u0107u\",\"datePublished\":\"2024-06-19T16:56:24+00:00\",\"dateModified\":\"2024-06-19T18:36:25+00:00\",\"mainEntityOfPage\":{\"@id\":\"https:\/\/mc-faustvrancic.com\/2024\/06\/19\/kreativni-dani-fausta-vrancica-na-otoku-prvicu\/\"},\"wordCount\":83,\"commentCount\":0,\"publisher\":{\"@id\":\"https:\/\/mc-faustvrancic.com\/#organization\"},\"image\":{\"@id\":\"https:\/\/mc-faustvrancic.com\/2024\/06\/19\/kreativni-dani-fausta-vrancica-na-otoku-prvicu\/#primaryimage\"},\"thumbnailUrl\":\"https:\/\/mc-faustvrancic.com\/wp-content\/uploads\/2024\/06\/kreativni-dani-2023.jpg\",\"articleSection\":[\"Novosti\"],\"inLanguage\":\"en-GB\",\"potentialAction\":[{\"@type\":\"CommentAction\",\"name\":\"Comment\",\"target\":[\"https:\/\/mc-faustvrancic.com\/2024\/06\/19\/kreativni-dani-fausta-vrancica-na-otoku-prvicu\/#respond\"]}]},{\"@type\":\"WebPage\",\"@id\":\"https:\/\/mc-faustvrancic.com\/2024\/06\/19\/kreativni-dani-fausta-vrancica-na-otoku-prvicu\/\",\"url\":\"https:\/\/mc-faustvrancic.com\/2024\/06\/19\/kreativni-dani-fausta-vrancica-na-otoku-prvicu\/\",\"name\":\"Kreativni dani Fausta Vran\u010di\u0107a na otoku Prvi\u0107u - Memorijalni centar Faust Vran\u010di\u0107\",\"isPartOf\":{\"@id\":\"https:\/\/mc-faustvrancic.com\/#website\"},\"primaryImageOfPage\":{\"@id\":\"https:\/\/mc-faustvrancic.com\/2024\/06\/19\/kreativni-dani-fausta-vrancica-na-otoku-prvicu\/#primaryimage\"},\"image\":{\"@id\":\"https:\/\/mc-faustvrancic.com\/2024\/06\/19\/kreativni-dani-fausta-vrancica-na-otoku-prvicu\/#primaryimage\"},\"thumbnailUrl\":\"https:\/\/mc-faustvrancic.com\/wp-content\/uploads\/2024\/06\/kreativni-dani-2023.jpg\",\"datePublished\":\"2024-06-19T16:56:24+00:00\",\"dateModified\":\"2024-06-19T18:36:25+00:00\",\"breadcrumb\":{\"@id\":\"https:\/\/mc-faustvrancic.com\/2024\/06\/19\/kreativni-dani-fausta-vrancica-na-otoku-prvicu\/#breadcrumb\"},\"inLanguage\":\"en-GB\",\"potentialAction\":[{\"@type\":\"ReadAction\",\"target\":[\"https:\/\/mc-faustvrancic.com\/2024\/06\/19\/kreativni-dani-fausta-vrancica-na-otoku-prvicu\/\"]}]},{\"@type\":\"ImageObject\",\"inLanguage\":\"en-GB\",\"@id\":\"https:\/\/mc-faustvrancic.com\/2024\/06\/19\/kreativni-dani-fausta-vrancica-na-otoku-prvicu\/#primaryimage\",\"url\":\"https:\/\/mc-faustvrancic.com\/wp-content\/uploads\/2024\/06\/kreativni-dani-2023.jpg\",\"contentUrl\":\"https:\/\/mc-faustvrancic.com\/wp-content\/uploads\/2024\/06\/kreativni-dani-2023.jpg\",\"width\":508,\"height\":720},{\"@type\":\"BreadcrumbList\",\"@id\":\"https:\/\/mc-faustvrancic.com\/2024\/06\/19\/kreativni-dani-fausta-vrancica-na-otoku-prvicu\/#breadcrumb\",\"itemListElement\":[{\"@type\":\"ListItem\",\"position\":1,\"name\":\"Po\u010detna stranica\",\"item\":\"https:\/\/mc-faustvrancic.com\/\"},{\"@type\":\"ListItem\",\"position\":2,\"name\":\"Kreativni dani Fausta Vran\u010di\u0107a na otoku Prvi\u0107u\"}]},{\"@type\":\"WebSite\",\"@id\":\"https:\/\/mc-faustvrancic.com\/#website\",\"url\":\"https:\/\/mc-faustvrancic.com\/\",\"name\":\"Memorijalni centar Faust Vran\u010di\u0107\",\"description\":\"\",\"publisher\":{\"@id\":\"https:\/\/mc-faustvrancic.com\/#organization\"},\"alternateName\":\"MC Faust Vran\u010di\u0107\",\"potentialAction\":[{\"@type\":\"SearchAction\",\"target\":{\"@type\":\"EntryPoint\",\"urlTemplate\":\"https:\/\/mc-faustvrancic.com\/?s={search_term_string}\"},\"query-input\":{\"@type\":\"PropertyValueSpecification\",\"valueRequired\":true,\"valueName\":\"search_term_string\"}}],\"inLanguage\":\"en-GB\"},{\"@type\":\"Organization\",\"@id\":\"https:\/\/mc-faustvrancic.com\/#organization\",\"name\":\"Memorijalni centar Faust Vran\u010di\u0107\",\"alternateName\":\"MC Faust Vran\u010di\u0107\",\"url\":\"https:\/\/mc-faustvrancic.com\/\",\"logo\":{\"@type\":\"ImageObject\",\"inLanguage\":\"en-GB\",\"@id\":\"https:\/\/mc-faustvrancic.com\/#\/schema\/logo\/image\/\",\"url\":\"https:\/\/mc-faustvrancic.com\/wp-content\/uploads\/2024\/04\/logo-crni.png\",\"contentUrl\":\"https:\/\/mc-faustvrancic.com\/wp-content\/uploads\/2024\/04\/logo-crni.png\",\"width\":265,\"height\":105,\"caption\":\"Memorijalni centar Faust Vran\u010di\u0107\"},\"image\":{\"@id\":\"https:\/\/mc-faustvrancic.com\/#\/schema\/logo\/image\/\"},\"sameAs\":[\"https:\/\/web.facebook.com\/mcfaustvrancic\/\",\"https:\/\/www.instagram.com\/mc_faustvrancic\/?hl=en&fbclid=IwAR3-lbIw4tS0ZANoVqEKrrp9z8DwHtc19D8cB-ZTRDNj_jnack8SHd6OaEA\",\"https:\/\/www.youtube.com\/channel\/UCcG32Ni5Grugo6ZdoE4mXkQ\"]},{\"@type\":\"Person\",\"@id\":\"https:\/\/mc-faustvrancic.com\/#\/schema\/person\/45c275c999c9a428c90358146afe1d55\",\"name\":\"admin\",\"image\":{\"@type\":\"ImageObject\",\"inLanguage\":\"en-GB\",\"@id\":\"https:\/\/mc-faustvrancic.com\/#\/schema\/person\/image\/\",\"url\":\"https:\/\/secure.gravatar.com\/avatar\/04838cad203d07e5dd18040172167a2fb4ff31e625ac3f986f5c9e9f2090bec3?s=96&r=g\",\"contentUrl\":\"https:\/\/secure.gravatar.com\/avatar\/04838cad203d07e5dd18040172167a2fb4ff31e625ac3f986f5c9e9f2090bec3?s=96&r=g\",\"caption\":\"admin\"},\"sameAs\":[\"https:\/\/mc-faustvrancic.com\"],\"url\":\"https:\/\/mc-faustvrancic.com\/en\/author\/admin\/\"}]}<\/script>\n<!-- \/ Yoast SEO plugin. -->","yoast_head_json":{"title":"Kreativni dani Fausta Vran\u010di\u0107a na otoku Prvi\u0107u - Memorijalni centar Faust Vran\u010di\u0107","robots":{"index":"index","follow":"follow","max-snippet":"max-snippet:-1","max-image-preview":"max-image-preview:large","max-video-preview":"max-video-preview:-1"},"canonical":"https:\/\/mc-faustvrancic.com\/en\/2024\/06\/19\/kreativni-dani-fausta-vrancica-na-otoku-prvicu\/","og_locale":"en_GB","og_type":"article","og_title":"Kreativni dani Fausta Vran\u010di\u0107a na otoku Prvi\u0107u - Memorijalni centar Faust Vran\u010di\u0107","og_description":"Vrijedna ekipa organizatora Kreativnih dana Fausta Vran\u010di\u0107a najavljuje zanimljivo 11. izdanje koje \u0107e se odr\u017eati na otoku Prvi\u0107u od petka 06.10. do nedjelje 8.10. Pozivamo vas na otok Prvi\u0107 ovaj vikend na zajedni\u010dko dru\u017eenje i sudjelovanje u programu. Ovim putem \u010destitamo Udruzi Otok na velikom anga\u017emanu, super idejama i ulo\u017eenom trudu da se jo\u0161 jedna [&hellip;]","og_url":"https:\/\/mc-faustvrancic.com\/en\/2024\/06\/19\/kreativni-dani-fausta-vrancica-na-otoku-prvicu\/","og_site_name":"Memorijalni centar Faust Vran\u010di\u0107","article_publisher":"https:\/\/web.facebook.com\/mcfaustvrancic\/","article_published_time":"2024-06-19T16:56:24+00:00","article_modified_time":"2024-06-19T18:36:25+00:00","og_image":[{"width":508,"height":720,"url":"https:\/\/mc-faustvrancic.com\/wp-content\/uploads\/2024\/06\/kreativni-dani-2023.jpg","type":"image\/jpeg"}],"author":"admin","twitter_card":"summary_large_image","twitter_misc":{"Written by":"admin","Estimated reading time":"1 minute"},"schema":{"@context":"https:\/\/schema.org","@graph":[{"@type":"Article","@id":"https:\/\/mc-faustvrancic.com\/2024\/06\/19\/kreativni-dani-fausta-vrancica-na-otoku-prvicu\/#article","isPartOf":{"@id":"https:\/\/mc-faustvrancic.com\/2024\/06\/19\/kreativni-dani-fausta-vrancica-na-otoku-prvicu\/"},"author":{"name":"admin","@id":"https:\/\/mc-faustvrancic.com\/#\/schema\/person\/45c275c999c9a428c90358146afe1d55"},"headline":"Kreativni dani Fausta Vran\u010di\u0107a na otoku Prvi\u0107u","datePublished":"2024-06-19T16:56:24+00:00","dateModified":"2024-06-19T18:36:25+00:00","mainEntityOfPage":{"@id":"https:\/\/mc-faustvrancic.com\/2024\/06\/19\/kreativni-dani-fausta-vrancica-na-otoku-prvicu\/"},"wordCount":83,"commentCount":0,"publisher":{"@id":"https:\/\/mc-faustvrancic.com\/#organization"},"image":{"@id":"https:\/\/mc-faustvrancic.com\/2024\/06\/19\/kreativni-dani-fausta-vrancica-na-otoku-prvicu\/#primaryimage"},"thumbnailUrl":"https:\/\/mc-faustvrancic.com\/wp-content\/uploads\/2024\/06\/kreativni-dani-2023.jpg","articleSection":["Novosti"],"inLanguage":"en-GB","potentialAction":[{"@type":"CommentAction","name":"Comment","target":["https:\/\/mc-faustvrancic.com\/2024\/06\/19\/kreativni-dani-fausta-vrancica-na-otoku-prvicu\/#respond"]}]},{"@type":"WebPage","@id":"https:\/\/mc-faustvrancic.com\/2024\/06\/19\/kreativni-dani-fausta-vrancica-na-otoku-prvicu\/","url":"https:\/\/mc-faustvrancic.com\/2024\/06\/19\/kreativni-dani-fausta-vrancica-na-otoku-prvicu\/","name":"Kreativni dani Fausta Vran\u010di\u0107a na otoku Prvi\u0107u - Memorijalni centar Faust Vran\u010di\u0107","isPartOf":{"@id":"https:\/\/mc-faustvrancic.com\/#website"},"primaryImageOfPage":{"@id":"https:\/\/mc-faustvrancic.com\/2024\/06\/19\/kreativni-dani-fausta-vrancica-na-otoku-prvicu\/#primaryimage"},"image":{"@id":"https:\/\/mc-faustvrancic.com\/2024\/06\/19\/kreativni-dani-fausta-vrancica-na-otoku-prvicu\/#primaryimage"},"thumbnailUrl":"https:\/\/mc-faustvrancic.com\/wp-content\/uploads\/2024\/06\/kreativni-dani-2023.jpg","datePublished":"2024-06-19T16:56:24+00:00","dateModified":"2024-06-19T18:36:25+00:00","breadcrumb":{"@id":"https:\/\/mc-faustvrancic.com\/2024\/06\/19\/kreativni-dani-fausta-vrancica-na-otoku-prvicu\/#breadcrumb"},"inLanguage":"en-GB","potentialAction":[{"@type":"ReadAction","target":["https:\/\/mc-faustvrancic.com\/2024\/06\/19\/kreativni-dani-fausta-vrancica-na-otoku-prvicu\/"]}]},{"@type":"ImageObject","inLanguage":"en-GB","@id":"https:\/\/mc-faustvrancic.com\/2024\/06\/19\/kreativni-dani-fausta-vrancica-na-otoku-prvicu\/#primaryimage","url":"https:\/\/mc-faustvrancic.com\/wp-content\/uploads\/2024\/06\/kreativni-dani-2023.jpg","contentUrl":"https:\/\/mc-faustvrancic.com\/wp-content\/uploads\/2024\/06\/kreativni-dani-2023.jpg","width":508,"height":720},{"@type":"BreadcrumbList","@id":"https:\/\/mc-faustvrancic.com\/2024\/06\/19\/kreativni-dani-fausta-vrancica-na-otoku-prvicu\/#breadcrumb","itemListElement":[{"@type":"ListItem","position":1,"name":"Po\u010detna stranica","item":"https:\/\/mc-faustvrancic.com\/"},{"@type":"ListItem","position":2,"name":"Kreativni dani Fausta Vran\u010di\u0107a na otoku Prvi\u0107u"}]},{"@type":"WebSite","@id":"https:\/\/mc-faustvrancic.com\/#website","url":"https:\/\/mc-faustvrancic.com\/","name":"Memorijalni centar Faust Vran\u010di\u0107","description":"","publisher":{"@id":"https:\/\/mc-faustvrancic.com\/#organization"},"alternateName":"MC Faust Vran\u010di\u0107","potentialAction":[{"@type":"SearchAction","target":{"@type":"EntryPoint","urlTemplate":"https:\/\/mc-faustvrancic.com\/?s={search_term_string}"},"query-input":{"@type":"PropertyValueSpecification","valueRequired":true,"valueName":"search_term_string"}}],"inLanguage":"en-GB"},{"@type":"Organization","@id":"https:\/\/mc-faustvrancic.com\/#organization","name":"Memorijalni centar Faust Vran\u010di\u0107","alternateName":"MC Faust Vran\u010di\u0107","url":"https:\/\/mc-faustvrancic.com\/","logo":{"@type":"ImageObject","inLanguage":"en-GB","@id":"https:\/\/mc-faustvrancic.com\/#\/schema\/logo\/image\/","url":"https:\/\/mc-faustvrancic.com\/wp-content\/uploads\/2024\/04\/logo-crni.png","contentUrl":"https:\/\/mc-faustvrancic.com\/wp-content\/uploads\/2024\/04\/logo-crni.png","width":265,"height":105,"caption":"Memorijalni centar Faust Vran\u010di\u0107"},"image":{"@id":"https:\/\/mc-faustvrancic.com\/#\/schema\/logo\/image\/"},"sameAs":["https:\/\/web.facebook.com\/mcfaustvrancic\/","https:\/\/www.instagram.com\/mc_faustvrancic\/?hl=en&fbclid=IwAR3-lbIw4tS0ZANoVqEKrrp9z8DwHtc19D8cB-ZTRDNj_jnack8SHd6OaEA","https:\/\/www.youtube.com\/channel\/UCcG32Ni5Grugo6ZdoE4mXkQ"]},{"@type":"Person","@id":"https:\/\/mc-faustvrancic.com\/#\/schema\/person\/45c275c999c9a428c90358146afe1d55","name":"admin","image":{"@type":"ImageObject","inLanguage":"en-GB","@id":"https:\/\/mc-faustvrancic.com\/#\/schema\/person\/image\/","url":"https:\/\/secure.gravatar.com\/avatar\/04838cad203d07e5dd18040172167a2fb4ff31e625ac3f986f5c9e9f2090bec3?s=96&r=g","contentUrl":"https:\/\/secure.gravatar.com\/avatar\/04838cad203d07e5dd18040172167a2fb4ff31e625ac3f986f5c9e9f2090bec3?s=96&r=g","caption":"admin"},"sameAs":["https:\/\/mc-faustvrancic.com"],"url":"https:\/\/mc-faustvrancic.com\/en\/author\/admin\/"}]}},"_links":{"self":[{"href":"https:\/\/mc-faustvrancic.com\/en\/wp-json\/wp\/v2\/posts\/2716","targetHints":{"allow":["GET"]}}],"collection":[{"href":"https:\/\/mc-faustvrancic.com\/en\/wp-json\/wp\/v2\/posts"}],"about":[{"href":"https:\/\/mc-faustvrancic.com\/en\/wp-json\/wp\/v2\/types\/post"}],"author":[{"embeddable":true,"href":"https:\/\/mc-faustvrancic.com\/en\/wp-json\/wp\/v2\/users\/1"}],"replies":[{"embeddable":true,"href":"https:\/\/mc-faustvrancic.com\/en\/wp-json\/wp\/v2\/comments?post=2716"}],"version-history":[{"count":0,"href":"https:\/\/mc-faustvrancic.com\/en\/wp-json\/wp\/v2\/posts\/2716\/revisions"}],"wp:featuredmedia":[{"embeddable":true,"href":"https:\/\/mc-faustvrancic.com\/en\/wp-json\/wp\/v2\/media\/2708"}],"wp:attachment":[{"href":"https:\/\/mc-faustvrancic.com\/en\/wp-json\/wp\/v2\/media?parent=2716"}],"wp:term":[{"taxonomy":"category","embeddable":true,"href":"https:\/\/mc-faustvrancic.com\/en\/wp-json\/wp\/v2\/categories?post=2716"},{"taxonomy":"post_tag","embeddable":true,"href":"https:\/\/mc-faustvrancic.com\/en\/wp-json\/wp\/v2\/tags?post=2716"}],"curies":[{"name":"wp","href":"https:\/\/api.w.org\/{rel}","templated":true}]}}