{"id":2684,"date":"2024-06-18T17:29:52","date_gmt":"2024-06-18T15:29:52","guid":{"rendered":"https:\/\/mc-faustvrancic.com\/?p=2684"},"modified":"2024-06-19T20:37:42","modified_gmt":"2024-06-19T18:37:42","slug":"na-otoku-prvicu-zapocela-medunarodna-radionica-otocni-signal","status":"publish","type":"post","link":"https:\/\/mc-faustvrancic.com\/en\/2024\/06\/18\/na-otoku-prvicu-zapocela-medunarodna-radionica-otocni-signal\/","title":{"rendered":"Na otoku Prvi\u0107u zapo\u010dela me\u0111unarodna radionica &#8220;Oto\u010dni signal&#8221;"},"content":{"rendered":"<p>Me\u0111unarodno a oto\u010dno! Na otoku Prvi\u0107u se u periodu od 26.6. do 30.6. odr\u017eava Oto\u010dni signal, me\u0111unarodna radionica i ljetni kamp u sklopu projekta BIOPLAnet.<br>Provodi ga zagreba\u010dki Institut poduzetni\u010dkog obrazovanja i inovacija s partnerima Centar za kreativni rad, Udruga Carpe diem, Udruga FabLab, Tehni\u010dki muzej Nikola Tesla, Arhitektonski fakultet i Udruga Otok iz Prvi\u0107 Luke.<\/p>\n\n\n\n<p>Me\u0111unarodni \u201cOto\u010dni signal\u201d okuplja stru\u010dnjake iz Engleske, Italije, Portugala, Ma\u0111arske i Hrvatske koji \u0107e kroz niz zanimljivih izlaganja i radionica razmijeniti iskustva i nadahnuti prisutne da neke od provjerenih praksi primijene u svoj svakodnevici za bolje sutra.<\/p>\n\n\n\n<p>Kroz projekt \u0107e se odr\u017eati mno\u0161tvo radionica koje demonstriraju na\u010dine recikliranja plastike i inspiriraju na promi\u0161ljanje i izgradnju kru\u017ene ekonomije u lokalnim zajednicama i odr\u017eive budu\u0107nosti.<\/p>\n\n\n\n<p>Vi\u0161e o samom projektu, organizatorima i doga\u0111anjima te program mo\u017eete prona\u0107i <a href=\"https:\/\/www.infovodice.com\/aktualno\/vijesti\/21550-na-otoku-prvicu-zapocela-medunarodna-radionica-otocni-signal.html?fbclid=IwAR29zEjrAPveugf4pFQI1oEPpJ2gMklDZCrldS14x2pFoEKnCs_TsfFVBsQ\">OVDJE<\/a>.<\/p>","protected":false},"excerpt":{"rendered":"<p>Me\u0111unarodno a oto\u010dno! Na otoku Prvi\u0107u se u periodu od 26.6. do 30.6. odr\u017eava Oto\u010dni signal, me\u0111unarodna radionica i ljetni kamp u sklopu projekta BIOPLAnet.Provodi ga zagreba\u010dki Institut poduzetni\u010dkog obrazovanja i inovacija s partnerima Centar za kreativni rad, Udruga Carpe diem, Udruga FabLab, Tehni\u010dki muzej Nikola Tesla, Arhitektonski fakultet i Udruga Otok iz Prvi\u0107 Luke. [&hellip;]<\/p>","protected":false},"author":1,"featured_media":2685,"comment_status":"open","ping_status":"open","sticky":false,"template":"","format":"standard","meta":{"_acf_changed":false,"footnotes":""},"categories":[1],"tags":[],"class_list":["post-2684","post","type-post","status-publish","format-standard","has-post-thumbnail","hentry","category-novosti"],"acf":[],"yoast_head":"<!-- This site is optimized with the Yoast SEO plugin v26.8 - https:\/\/yoast.com\/product\/yoast-seo-wordpress\/ -->\n<title>Na otoku Prvi\u0107u zapo\u010dela me\u0111unarodna radionica &quot;Oto\u010dni signal&quot; - Memorijalni centar Faust Vran\u010di\u0107<\/title>\n<meta name=\"robots\" content=\"index, follow, max-snippet:-1, max-image-preview:large, max-video-preview:-1\" \/>\n<link rel=\"canonical\" href=\"https:\/\/mc-faustvrancic.com\/en\/2024\/06\/18\/na-otoku-prvicu-zapocela-medunarodna-radionica-otocni-signal\/\" \/>\n<meta property=\"og:locale\" content=\"en_GB\" \/>\n<meta property=\"og:type\" content=\"article\" \/>\n<meta property=\"og:title\" content=\"Na otoku Prvi\u0107u zapo\u010dela me\u0111unarodna radionica &quot;Oto\u010dni signal&quot; - Memorijalni centar Faust Vran\u010di\u0107\" \/>\n<meta property=\"og:description\" content=\"Me\u0111unarodno a oto\u010dno! Na otoku Prvi\u0107u se u periodu od 26.6. do 30.6. odr\u017eava Oto\u010dni signal, me\u0111unarodna radionica i ljetni kamp u sklopu projekta BIOPLAnet.Provodi ga zagreba\u010dki Institut poduzetni\u010dkog obrazovanja i inovacija s partnerima Centar za kreativni rad, Udruga Carpe diem, Udruga FabLab, Tehni\u010dki muzej Nikola Tesla, Arhitektonski fakultet i Udruga Otok iz Prvi\u0107 Luke. [&hellip;]\" \/>\n<meta property=\"og:url\" content=\"https:\/\/mc-faustvrancic.com\/en\/2024\/06\/18\/na-otoku-prvicu-zapocela-medunarodna-radionica-otocni-signal\/\" \/>\n<meta property=\"og:site_name\" content=\"Memorijalni centar Faust Vran\u010di\u0107\" \/>\n<meta property=\"article:publisher\" content=\"https:\/\/web.facebook.com\/mcfaustvrancic\/\" \/>\n<meta property=\"article:published_time\" content=\"2024-06-18T15:29:52+00:00\" \/>\n<meta property=\"article:modified_time\" content=\"2024-06-19T18:37:42+00:00\" \/>\n<meta property=\"og:image\" content=\"https:\/\/mc-faustvrancic.com\/wp-content\/uploads\/2024\/06\/356799237_917680276196058_5501974948576634566_n_XL.jpg\" \/>\n\t<meta property=\"og:image:width\" content=\"900\" \/>\n\t<meta property=\"og:image:height\" content=\"600\" \/>\n\t<meta property=\"og:image:type\" content=\"image\/jpeg\" \/>\n<meta name=\"author\" content=\"admin\" \/>\n<meta name=\"twitter:card\" content=\"summary_large_image\" \/>\n<meta name=\"twitter:label1\" content=\"Written by\" \/>\n\t<meta name=\"twitter:data1\" content=\"admin\" \/>\n\t<meta name=\"twitter:label2\" content=\"Estimated reading time\" \/>\n\t<meta name=\"twitter:data2\" content=\"1 minute\" \/>\n<script type=\"application\/ld+json\" class=\"yoast-schema-graph\">{\"@context\":\"https:\/\/schema.org\",\"@graph\":[{\"@type\":\"Article\",\"@id\":\"https:\/\/mc-faustvrancic.com\/2024\/06\/18\/na-otoku-prvicu-zapocela-medunarodna-radionica-otocni-signal\/#article\",\"isPartOf\":{\"@id\":\"https:\/\/mc-faustvrancic.com\/2024\/06\/18\/na-otoku-prvicu-zapocela-medunarodna-radionica-otocni-signal\/\"},\"author\":{\"name\":\"admin\",\"@id\":\"https:\/\/mc-faustvrancic.com\/#\/schema\/person\/45c275c999c9a428c90358146afe1d55\"},\"headline\":\"Na otoku Prvi\u0107u zapo\u010dela me\u0111unarodna radionica &#8220;Oto\u010dni signal&#8221;\",\"datePublished\":\"2024-06-18T15:29:52+00:00\",\"dateModified\":\"2024-06-19T18:37:42+00:00\",\"mainEntityOfPage\":{\"@id\":\"https:\/\/mc-faustvrancic.com\/2024\/06\/18\/na-otoku-prvicu-zapocela-medunarodna-radionica-otocni-signal\/\"},\"wordCount\":165,\"commentCount\":0,\"publisher\":{\"@id\":\"https:\/\/mc-faustvrancic.com\/#organization\"},\"image\":{\"@id\":\"https:\/\/mc-faustvrancic.com\/2024\/06\/18\/na-otoku-prvicu-zapocela-medunarodna-radionica-otocni-signal\/#primaryimage\"},\"thumbnailUrl\":\"https:\/\/mc-faustvrancic.com\/wp-content\/uploads\/2024\/06\/356799237_917680276196058_5501974948576634566_n_XL.jpg\",\"articleSection\":[\"Novosti\"],\"inLanguage\":\"en-GB\",\"potentialAction\":[{\"@type\":\"CommentAction\",\"name\":\"Comment\",\"target\":[\"https:\/\/mc-faustvrancic.com\/2024\/06\/18\/na-otoku-prvicu-zapocela-medunarodna-radionica-otocni-signal\/#respond\"]}]},{\"@type\":\"WebPage\",\"@id\":\"https:\/\/mc-faustvrancic.com\/2024\/06\/18\/na-otoku-prvicu-zapocela-medunarodna-radionica-otocni-signal\/\",\"url\":\"https:\/\/mc-faustvrancic.com\/2024\/06\/18\/na-otoku-prvicu-zapocela-medunarodna-radionica-otocni-signal\/\",\"name\":\"Na otoku Prvi\u0107u zapo\u010dela me\u0111unarodna radionica \\\"Oto\u010dni signal\\\" - Memorijalni centar Faust Vran\u010di\u0107\",\"isPartOf\":{\"@id\":\"https:\/\/mc-faustvrancic.com\/#website\"},\"primaryImageOfPage\":{\"@id\":\"https:\/\/mc-faustvrancic.com\/2024\/06\/18\/na-otoku-prvicu-zapocela-medunarodna-radionica-otocni-signal\/#primaryimage\"},\"image\":{\"@id\":\"https:\/\/mc-faustvrancic.com\/2024\/06\/18\/na-otoku-prvicu-zapocela-medunarodna-radionica-otocni-signal\/#primaryimage\"},\"thumbnailUrl\":\"https:\/\/mc-faustvrancic.com\/wp-content\/uploads\/2024\/06\/356799237_917680276196058_5501974948576634566_n_XL.jpg\",\"datePublished\":\"2024-06-18T15:29:52+00:00\",\"dateModified\":\"2024-06-19T18:37:42+00:00\",\"breadcrumb\":{\"@id\":\"https:\/\/mc-faustvrancic.com\/2024\/06\/18\/na-otoku-prvicu-zapocela-medunarodna-radionica-otocni-signal\/#breadcrumb\"},\"inLanguage\":\"en-GB\",\"potentialAction\":[{\"@type\":\"ReadAction\",\"target\":[\"https:\/\/mc-faustvrancic.com\/2024\/06\/18\/na-otoku-prvicu-zapocela-medunarodna-radionica-otocni-signal\/\"]}]},{\"@type\":\"ImageObject\",\"inLanguage\":\"en-GB\",\"@id\":\"https:\/\/mc-faustvrancic.com\/2024\/06\/18\/na-otoku-prvicu-zapocela-medunarodna-radionica-otocni-signal\/#primaryimage\",\"url\":\"https:\/\/mc-faustvrancic.com\/wp-content\/uploads\/2024\/06\/356799237_917680276196058_5501974948576634566_n_XL.jpg\",\"contentUrl\":\"https:\/\/mc-faustvrancic.com\/wp-content\/uploads\/2024\/06\/356799237_917680276196058_5501974948576634566_n_XL.jpg\",\"width\":900,\"height\":600},{\"@type\":\"BreadcrumbList\",\"@id\":\"https:\/\/mc-faustvrancic.com\/2024\/06\/18\/na-otoku-prvicu-zapocela-medunarodna-radionica-otocni-signal\/#breadcrumb\",\"itemListElement\":[{\"@type\":\"ListItem\",\"position\":1,\"name\":\"Po\u010detna stranica\",\"item\":\"https:\/\/mc-faustvrancic.com\/\"},{\"@type\":\"ListItem\",\"position\":2,\"name\":\"Na otoku Prvi\u0107u zapo\u010dela me\u0111unarodna radionica &#8220;Oto\u010dni signal&#8221;\"}]},{\"@type\":\"WebSite\",\"@id\":\"https:\/\/mc-faustvrancic.com\/#website\",\"url\":\"https:\/\/mc-faustvrancic.com\/\",\"name\":\"Memorijalni centar Faust Vran\u010di\u0107\",\"description\":\"\",\"publisher\":{\"@id\":\"https:\/\/mc-faustvrancic.com\/#organization\"},\"alternateName\":\"MC Faust Vran\u010di\u0107\",\"potentialAction\":[{\"@type\":\"SearchAction\",\"target\":{\"@type\":\"EntryPoint\",\"urlTemplate\":\"https:\/\/mc-faustvrancic.com\/?s={search_term_string}\"},\"query-input\":{\"@type\":\"PropertyValueSpecification\",\"valueRequired\":true,\"valueName\":\"search_term_string\"}}],\"inLanguage\":\"en-GB\"},{\"@type\":\"Organization\",\"@id\":\"https:\/\/mc-faustvrancic.com\/#organization\",\"name\":\"Memorijalni centar Faust Vran\u010di\u0107\",\"alternateName\":\"MC Faust Vran\u010di\u0107\",\"url\":\"https:\/\/mc-faustvrancic.com\/\",\"logo\":{\"@type\":\"ImageObject\",\"inLanguage\":\"en-GB\",\"@id\":\"https:\/\/mc-faustvrancic.com\/#\/schema\/logo\/image\/\",\"url\":\"https:\/\/mc-faustvrancic.com\/wp-content\/uploads\/2024\/04\/logo-crni.png\",\"contentUrl\":\"https:\/\/mc-faustvrancic.com\/wp-content\/uploads\/2024\/04\/logo-crni.png\",\"width\":265,\"height\":105,\"caption\":\"Memorijalni centar Faust Vran\u010di\u0107\"},\"image\":{\"@id\":\"https:\/\/mc-faustvrancic.com\/#\/schema\/logo\/image\/\"},\"sameAs\":[\"https:\/\/web.facebook.com\/mcfaustvrancic\/\",\"https:\/\/www.instagram.com\/mc_faustvrancic\/?hl=en&fbclid=IwAR3-lbIw4tS0ZANoVqEKrrp9z8DwHtc19D8cB-ZTRDNj_jnack8SHd6OaEA\",\"https:\/\/www.youtube.com\/channel\/UCcG32Ni5Grugo6ZdoE4mXkQ\"]},{\"@type\":\"Person\",\"@id\":\"https:\/\/mc-faustvrancic.com\/#\/schema\/person\/45c275c999c9a428c90358146afe1d55\",\"name\":\"admin\",\"image\":{\"@type\":\"ImageObject\",\"inLanguage\":\"en-GB\",\"@id\":\"https:\/\/mc-faustvrancic.com\/#\/schema\/person\/image\/\",\"url\":\"https:\/\/secure.gravatar.com\/avatar\/04838cad203d07e5dd18040172167a2fb4ff31e625ac3f986f5c9e9f2090bec3?s=96&r=g\",\"contentUrl\":\"https:\/\/secure.gravatar.com\/avatar\/04838cad203d07e5dd18040172167a2fb4ff31e625ac3f986f5c9e9f2090bec3?s=96&r=g\",\"caption\":\"admin\"},\"sameAs\":[\"https:\/\/mc-faustvrancic.com\"],\"url\":\"https:\/\/mc-faustvrancic.com\/en\/author\/admin\/\"}]}<\/script>\n<!-- \/ Yoast SEO plugin. -->","yoast_head_json":{"title":"Na otoku Prvi\u0107u zapo\u010dela me\u0111unarodna radionica \"Oto\u010dni signal\" - Memorijalni centar Faust Vran\u010di\u0107","robots":{"index":"index","follow":"follow","max-snippet":"max-snippet:-1","max-image-preview":"max-image-preview:large","max-video-preview":"max-video-preview:-1"},"canonical":"https:\/\/mc-faustvrancic.com\/en\/2024\/06\/18\/na-otoku-prvicu-zapocela-medunarodna-radionica-otocni-signal\/","og_locale":"en_GB","og_type":"article","og_title":"Na otoku Prvi\u0107u zapo\u010dela me\u0111unarodna radionica \"Oto\u010dni signal\" - Memorijalni centar Faust Vran\u010di\u0107","og_description":"Me\u0111unarodno a oto\u010dno! Na otoku Prvi\u0107u se u periodu od 26.6. do 30.6. odr\u017eava Oto\u010dni signal, me\u0111unarodna radionica i ljetni kamp u sklopu projekta BIOPLAnet.Provodi ga zagreba\u010dki Institut poduzetni\u010dkog obrazovanja i inovacija s partnerima Centar za kreativni rad, Udruga Carpe diem, Udruga FabLab, Tehni\u010dki muzej Nikola Tesla, Arhitektonski fakultet i Udruga Otok iz Prvi\u0107 Luke. [&hellip;]","og_url":"https:\/\/mc-faustvrancic.com\/en\/2024\/06\/18\/na-otoku-prvicu-zapocela-medunarodna-radionica-otocni-signal\/","og_site_name":"Memorijalni centar Faust Vran\u010di\u0107","article_publisher":"https:\/\/web.facebook.com\/mcfaustvrancic\/","article_published_time":"2024-06-18T15:29:52+00:00","article_modified_time":"2024-06-19T18:37:42+00:00","og_image":[{"width":900,"height":600,"url":"https:\/\/mc-faustvrancic.com\/wp-content\/uploads\/2024\/06\/356799237_917680276196058_5501974948576634566_n_XL.jpg","type":"image\/jpeg"}],"author":"admin","twitter_card":"summary_large_image","twitter_misc":{"Written by":"admin","Estimated reading time":"1 minute"},"schema":{"@context":"https:\/\/schema.org","@graph":[{"@type":"Article","@id":"https:\/\/mc-faustvrancic.com\/2024\/06\/18\/na-otoku-prvicu-zapocela-medunarodna-radionica-otocni-signal\/#article","isPartOf":{"@id":"https:\/\/mc-faustvrancic.com\/2024\/06\/18\/na-otoku-prvicu-zapocela-medunarodna-radionica-otocni-signal\/"},"author":{"name":"admin","@id":"https:\/\/mc-faustvrancic.com\/#\/schema\/person\/45c275c999c9a428c90358146afe1d55"},"headline":"Na otoku Prvi\u0107u zapo\u010dela me\u0111unarodna radionica &#8220;Oto\u010dni signal&#8221;","datePublished":"2024-06-18T15:29:52+00:00","dateModified":"2024-06-19T18:37:42+00:00","mainEntityOfPage":{"@id":"https:\/\/mc-faustvrancic.com\/2024\/06\/18\/na-otoku-prvicu-zapocela-medunarodna-radionica-otocni-signal\/"},"wordCount":165,"commentCount":0,"publisher":{"@id":"https:\/\/mc-faustvrancic.com\/#organization"},"image":{"@id":"https:\/\/mc-faustvrancic.com\/2024\/06\/18\/na-otoku-prvicu-zapocela-medunarodna-radionica-otocni-signal\/#primaryimage"},"thumbnailUrl":"https:\/\/mc-faustvrancic.com\/wp-content\/uploads\/2024\/06\/356799237_917680276196058_5501974948576634566_n_XL.jpg","articleSection":["Novosti"],"inLanguage":"en-GB","potentialAction":[{"@type":"CommentAction","name":"Comment","target":["https:\/\/mc-faustvrancic.com\/2024\/06\/18\/na-otoku-prvicu-zapocela-medunarodna-radionica-otocni-signal\/#respond"]}]},{"@type":"WebPage","@id":"https:\/\/mc-faustvrancic.com\/2024\/06\/18\/na-otoku-prvicu-zapocela-medunarodna-radionica-otocni-signal\/","url":"https:\/\/mc-faustvrancic.com\/2024\/06\/18\/na-otoku-prvicu-zapocela-medunarodna-radionica-otocni-signal\/","name":"Na otoku Prvi\u0107u zapo\u010dela me\u0111unarodna radionica \"Oto\u010dni signal\" - Memorijalni centar Faust Vran\u010di\u0107","isPartOf":{"@id":"https:\/\/mc-faustvrancic.com\/#website"},"primaryImageOfPage":{"@id":"https:\/\/mc-faustvrancic.com\/2024\/06\/18\/na-otoku-prvicu-zapocela-medunarodna-radionica-otocni-signal\/#primaryimage"},"image":{"@id":"https:\/\/mc-faustvrancic.com\/2024\/06\/18\/na-otoku-prvicu-zapocela-medunarodna-radionica-otocni-signal\/#primaryimage"},"thumbnailUrl":"https:\/\/mc-faustvrancic.com\/wp-content\/uploads\/2024\/06\/356799237_917680276196058_5501974948576634566_n_XL.jpg","datePublished":"2024-06-18T15:29:52+00:00","dateModified":"2024-06-19T18:37:42+00:00","breadcrumb":{"@id":"https:\/\/mc-faustvrancic.com\/2024\/06\/18\/na-otoku-prvicu-zapocela-medunarodna-radionica-otocni-signal\/#breadcrumb"},"inLanguage":"en-GB","potentialAction":[{"@type":"ReadAction","target":["https:\/\/mc-faustvrancic.com\/2024\/06\/18\/na-otoku-prvicu-zapocela-medunarodna-radionica-otocni-signal\/"]}]},{"@type":"ImageObject","inLanguage":"en-GB","@id":"https:\/\/mc-faustvrancic.com\/2024\/06\/18\/na-otoku-prvicu-zapocela-medunarodna-radionica-otocni-signal\/#primaryimage","url":"https:\/\/mc-faustvrancic.com\/wp-content\/uploads\/2024\/06\/356799237_917680276196058_5501974948576634566_n_XL.jpg","contentUrl":"https:\/\/mc-faustvrancic.com\/wp-content\/uploads\/2024\/06\/356799237_917680276196058_5501974948576634566_n_XL.jpg","width":900,"height":600},{"@type":"BreadcrumbList","@id":"https:\/\/mc-faustvrancic.com\/2024\/06\/18\/na-otoku-prvicu-zapocela-medunarodna-radionica-otocni-signal\/#breadcrumb","itemListElement":[{"@type":"ListItem","position":1,"name":"Po\u010detna stranica","item":"https:\/\/mc-faustvrancic.com\/"},{"@type":"ListItem","position":2,"name":"Na otoku Prvi\u0107u zapo\u010dela me\u0111unarodna radionica &#8220;Oto\u010dni signal&#8221;"}]},{"@type":"WebSite","@id":"https:\/\/mc-faustvrancic.com\/#website","url":"https:\/\/mc-faustvrancic.com\/","name":"Memorijalni centar Faust Vran\u010di\u0107","description":"","publisher":{"@id":"https:\/\/mc-faustvrancic.com\/#organization"},"alternateName":"MC Faust Vran\u010di\u0107","potentialAction":[{"@type":"SearchAction","target":{"@type":"EntryPoint","urlTemplate":"https:\/\/mc-faustvrancic.com\/?s={search_term_string}"},"query-input":{"@type":"PropertyValueSpecification","valueRequired":true,"valueName":"search_term_string"}}],"inLanguage":"en-GB"},{"@type":"Organization","@id":"https:\/\/mc-faustvrancic.com\/#organization","name":"Memorijalni centar Faust Vran\u010di\u0107","alternateName":"MC Faust Vran\u010di\u0107","url":"https:\/\/mc-faustvrancic.com\/","logo":{"@type":"ImageObject","inLanguage":"en-GB","@id":"https:\/\/mc-faustvrancic.com\/#\/schema\/logo\/image\/","url":"https:\/\/mc-faustvrancic.com\/wp-content\/uploads\/2024\/04\/logo-crni.png","contentUrl":"https:\/\/mc-faustvrancic.com\/wp-content\/uploads\/2024\/04\/logo-crni.png","width":265,"height":105,"caption":"Memorijalni centar Faust Vran\u010di\u0107"},"image":{"@id":"https:\/\/mc-faustvrancic.com\/#\/schema\/logo\/image\/"},"sameAs":["https:\/\/web.facebook.com\/mcfaustvrancic\/","https:\/\/www.instagram.com\/mc_faustvrancic\/?hl=en&fbclid=IwAR3-lbIw4tS0ZANoVqEKrrp9z8DwHtc19D8cB-ZTRDNj_jnack8SHd6OaEA","https:\/\/www.youtube.com\/channel\/UCcG32Ni5Grugo6ZdoE4mXkQ"]},{"@type":"Person","@id":"https:\/\/mc-faustvrancic.com\/#\/schema\/person\/45c275c999c9a428c90358146afe1d55","name":"admin","image":{"@type":"ImageObject","inLanguage":"en-GB","@id":"https:\/\/mc-faustvrancic.com\/#\/schema\/person\/image\/","url":"https:\/\/secure.gravatar.com\/avatar\/04838cad203d07e5dd18040172167a2fb4ff31e625ac3f986f5c9e9f2090bec3?s=96&r=g","contentUrl":"https:\/\/secure.gravatar.com\/avatar\/04838cad203d07e5dd18040172167a2fb4ff31e625ac3f986f5c9e9f2090bec3?s=96&r=g","caption":"admin"},"sameAs":["https:\/\/mc-faustvrancic.com"],"url":"https:\/\/mc-faustvrancic.com\/en\/author\/admin\/"}]}},"_links":{"self":[{"href":"https:\/\/mc-faustvrancic.com\/en\/wp-json\/wp\/v2\/posts\/2684","targetHints":{"allow":["GET"]}}],"collection":[{"href":"https:\/\/mc-faustvrancic.com\/en\/wp-json\/wp\/v2\/posts"}],"about":[{"href":"https:\/\/mc-faustvrancic.com\/en\/wp-json\/wp\/v2\/types\/post"}],"author":[{"embeddable":true,"href":"https:\/\/mc-faustvrancic.com\/en\/wp-json\/wp\/v2\/users\/1"}],"replies":[{"embeddable":true,"href":"https:\/\/mc-faustvrancic.com\/en\/wp-json\/wp\/v2\/comments?post=2684"}],"version-history":[{"count":0,"href":"https:\/\/mc-faustvrancic.com\/en\/wp-json\/wp\/v2\/posts\/2684\/revisions"}],"wp:featuredmedia":[{"embeddable":true,"href":"https:\/\/mc-faustvrancic.com\/en\/wp-json\/wp\/v2\/media\/2685"}],"wp:attachment":[{"href":"https:\/\/mc-faustvrancic.com\/en\/wp-json\/wp\/v2\/media?parent=2684"}],"wp:term":[{"taxonomy":"category","embeddable":true,"href":"https:\/\/mc-faustvrancic.com\/en\/wp-json\/wp\/v2\/categories?post=2684"},{"taxonomy":"post_tag","embeddable":true,"href":"https:\/\/mc-faustvrancic.com\/en\/wp-json\/wp\/v2\/tags?post=2684"}],"curies":[{"name":"wp","href":"https:\/\/api.w.org\/{rel}","templated":true}]}}