{"id":2370,"date":"2024-06-07T12:02:55","date_gmt":"2024-06-07T10:02:55","guid":{"rendered":"https:\/\/mc-faustvrancic.com\/?post_type=postav1&#038;p=2370"},"modified":"2024-06-07T12:02:57","modified_gmt":"2024-06-07T10:02:57","slug":"faust-vrancic","status":"publish","type":"postav1","link":"https:\/\/mc-faustvrancic.com\/en\/postav1\/faust-vrancic\/","title":{"rendered":"Faust Vran\u010di\u0107"},"content":{"rendered":"<p>Bishop of Csanad<\/p>","protected":false},"featured_media":2368,"template":"","class_list":["post-2370","postav1","type-postav1","status-publish","has-post-thumbnail","hentry"],"acf":[],"yoast_head":"<!-- This site is optimized with the Yoast SEO plugin v26.8 - https:\/\/yoast.com\/product\/yoast-seo-wordpress\/ -->\n<title>Faust Vran\u010di\u0107 - Memorijalni centar Faust Vran\u010di\u0107<\/title>\n<meta name=\"robots\" content=\"index, follow, max-snippet:-1, max-image-preview:large, max-video-preview:-1\" \/>\n<link rel=\"canonical\" href=\"https:\/\/mc-faustvrancic.com\/en\/postav1\/faust-vrancic\/\" \/>\n<meta property=\"og:locale\" content=\"en_GB\" \/>\n<meta property=\"og:type\" content=\"article\" \/>\n<meta property=\"og:title\" content=\"Faust Vran\u010di\u0107 - Memorijalni centar Faust Vran\u010di\u0107\" \/>\n<meta property=\"og:description\" content=\"\u010canadski biskup\" \/>\n<meta property=\"og:url\" content=\"https:\/\/mc-faustvrancic.com\/en\/postav1\/faust-vrancic\/\" \/>\n<meta property=\"og:site_name\" content=\"Memorijalni centar Faust Vran\u010di\u0107\" \/>\n<meta property=\"article:publisher\" content=\"https:\/\/web.facebook.com\/mcfaustvrancic\/\" \/>\n<meta property=\"article:modified_time\" content=\"2024-06-07T10:02:57+00:00\" \/>\n<meta property=\"og:image\" content=\"https:\/\/mc-faustvrancic.com\/wp-content\/uploads\/2024\/06\/9_v-20.jpg\" \/>\n\t<meta property=\"og:image:width\" content=\"614\" \/>\n\t<meta property=\"og:image:height\" content=\"602\" \/>\n\t<meta property=\"og:image:type\" content=\"image\/jpeg\" \/>\n<meta name=\"twitter:card\" content=\"summary_large_image\" \/>\n<meta name=\"twitter:label1\" content=\"Estimated reading time\" \/>\n\t<meta name=\"twitter:data1\" content=\"1 minute\" \/>\n<script type=\"application\/ld+json\" class=\"yoast-schema-graph\">{\"@context\":\"https:\/\/schema.org\",\"@graph\":[{\"@type\":\"WebPage\",\"@id\":\"https:\/\/mc-faustvrancic.com\/postav1\/faust-vrancic\/\",\"url\":\"https:\/\/mc-faustvrancic.com\/postav1\/faust-vrancic\/\",\"name\":\"Faust Vran\u010di\u0107 - Memorijalni centar Faust Vran\u010di\u0107\",\"isPartOf\":{\"@id\":\"https:\/\/mc-faustvrancic.com\/#website\"},\"primaryImageOfPage\":{\"@id\":\"https:\/\/mc-faustvrancic.com\/postav1\/faust-vrancic\/#primaryimage\"},\"image\":{\"@id\":\"https:\/\/mc-faustvrancic.com\/postav1\/faust-vrancic\/#primaryimage\"},\"thumbnailUrl\":\"https:\/\/mc-faustvrancic.com\/wp-content\/uploads\/2024\/06\/9_v-20.jpg\",\"datePublished\":\"2024-06-07T10:02:55+00:00\",\"dateModified\":\"2024-06-07T10:02:57+00:00\",\"breadcrumb\":{\"@id\":\"https:\/\/mc-faustvrancic.com\/postav1\/faust-vrancic\/#breadcrumb\"},\"inLanguage\":\"en-GB\",\"potentialAction\":[{\"@type\":\"ReadAction\",\"target\":[\"https:\/\/mc-faustvrancic.com\/postav1\/faust-vrancic\/\"]}]},{\"@type\":\"ImageObject\",\"inLanguage\":\"en-GB\",\"@id\":\"https:\/\/mc-faustvrancic.com\/postav1\/faust-vrancic\/#primaryimage\",\"url\":\"https:\/\/mc-faustvrancic.com\/wp-content\/uploads\/2024\/06\/9_v-20.jpg\",\"contentUrl\":\"https:\/\/mc-faustvrancic.com\/wp-content\/uploads\/2024\/06\/9_v-20.jpg\",\"width\":614,\"height\":602},{\"@type\":\"BreadcrumbList\",\"@id\":\"https:\/\/mc-faustvrancic.com\/postav1\/faust-vrancic\/#breadcrumb\",\"itemListElement\":[{\"@type\":\"ListItem\",\"position\":1,\"name\":\"Po\u010detna stranica\",\"item\":\"https:\/\/mc-faustvrancic.com\/\"},{\"@type\":\"ListItem\",\"position\":2,\"name\":\"Faust Vran\u010di\u0107\"}]},{\"@type\":\"WebSite\",\"@id\":\"https:\/\/mc-faustvrancic.com\/#website\",\"url\":\"https:\/\/mc-faustvrancic.com\/\",\"name\":\"Memorijalni centar Faust Vran\u010di\u0107\",\"description\":\"\",\"publisher\":{\"@id\":\"https:\/\/mc-faustvrancic.com\/#organization\"},\"alternateName\":\"MC Faust Vran\u010di\u0107\",\"potentialAction\":[{\"@type\":\"SearchAction\",\"target\":{\"@type\":\"EntryPoint\",\"urlTemplate\":\"https:\/\/mc-faustvrancic.com\/?s={search_term_string}\"},\"query-input\":{\"@type\":\"PropertyValueSpecification\",\"valueRequired\":true,\"valueName\":\"search_term_string\"}}],\"inLanguage\":\"en-GB\"},{\"@type\":\"Organization\",\"@id\":\"https:\/\/mc-faustvrancic.com\/#organization\",\"name\":\"Memorijalni centar Faust Vran\u010di\u0107\",\"alternateName\":\"MC Faust Vran\u010di\u0107\",\"url\":\"https:\/\/mc-faustvrancic.com\/\",\"logo\":{\"@type\":\"ImageObject\",\"inLanguage\":\"en-GB\",\"@id\":\"https:\/\/mc-faustvrancic.com\/#\/schema\/logo\/image\/\",\"url\":\"https:\/\/mc-faustvrancic.com\/wp-content\/uploads\/2024\/04\/logo-crni.png\",\"contentUrl\":\"https:\/\/mc-faustvrancic.com\/wp-content\/uploads\/2024\/04\/logo-crni.png\",\"width\":265,\"height\":105,\"caption\":\"Memorijalni centar Faust Vran\u010di\u0107\"},\"image\":{\"@id\":\"https:\/\/mc-faustvrancic.com\/#\/schema\/logo\/image\/\"},\"sameAs\":[\"https:\/\/web.facebook.com\/mcfaustvrancic\/\",\"https:\/\/www.instagram.com\/mc_faustvrancic\/?hl=en&fbclid=IwAR3-lbIw4tS0ZANoVqEKrrp9z8DwHtc19D8cB-ZTRDNj_jnack8SHd6OaEA\",\"https:\/\/www.youtube.com\/channel\/UCcG32Ni5Grugo6ZdoE4mXkQ\"]}]}<\/script>\n<!-- \/ Yoast SEO plugin. -->","yoast_head_json":{"title":"Faust Vran\u010di\u0107 - Memorijalni centar Faust Vran\u010di\u0107","robots":{"index":"index","follow":"follow","max-snippet":"max-snippet:-1","max-image-preview":"max-image-preview:large","max-video-preview":"max-video-preview:-1"},"canonical":"https:\/\/mc-faustvrancic.com\/en\/postav1\/faust-vrancic\/","og_locale":"en_GB","og_type":"article","og_title":"Faust Vran\u010di\u0107 - Memorijalni centar Faust Vran\u010di\u0107","og_description":"\u010canadski biskup","og_url":"https:\/\/mc-faustvrancic.com\/en\/postav1\/faust-vrancic\/","og_site_name":"Memorijalni centar Faust Vran\u010di\u0107","article_publisher":"https:\/\/web.facebook.com\/mcfaustvrancic\/","article_modified_time":"2024-06-07T10:02:57+00:00","og_image":[{"width":614,"height":602,"url":"https:\/\/mc-faustvrancic.com\/wp-content\/uploads\/2024\/06\/9_v-20.jpg","type":"image\/jpeg"}],"twitter_card":"summary_large_image","twitter_misc":{"Estimated reading time":"1 minute"},"schema":{"@context":"https:\/\/schema.org","@graph":[{"@type":"WebPage","@id":"https:\/\/mc-faustvrancic.com\/postav1\/faust-vrancic\/","url":"https:\/\/mc-faustvrancic.com\/postav1\/faust-vrancic\/","name":"Faust Vran\u010di\u0107 - Memorijalni centar Faust Vran\u010di\u0107","isPartOf":{"@id":"https:\/\/mc-faustvrancic.com\/#website"},"primaryImageOfPage":{"@id":"https:\/\/mc-faustvrancic.com\/postav1\/faust-vrancic\/#primaryimage"},"image":{"@id":"https:\/\/mc-faustvrancic.com\/postav1\/faust-vrancic\/#primaryimage"},"thumbnailUrl":"https:\/\/mc-faustvrancic.com\/wp-content\/uploads\/2024\/06\/9_v-20.jpg","datePublished":"2024-06-07T10:02:55+00:00","dateModified":"2024-06-07T10:02:57+00:00","breadcrumb":{"@id":"https:\/\/mc-faustvrancic.com\/postav1\/faust-vrancic\/#breadcrumb"},"inLanguage":"en-GB","potentialAction":[{"@type":"ReadAction","target":["https:\/\/mc-faustvrancic.com\/postav1\/faust-vrancic\/"]}]},{"@type":"ImageObject","inLanguage":"en-GB","@id":"https:\/\/mc-faustvrancic.com\/postav1\/faust-vrancic\/#primaryimage","url":"https:\/\/mc-faustvrancic.com\/wp-content\/uploads\/2024\/06\/9_v-20.jpg","contentUrl":"https:\/\/mc-faustvrancic.com\/wp-content\/uploads\/2024\/06\/9_v-20.jpg","width":614,"height":602},{"@type":"BreadcrumbList","@id":"https:\/\/mc-faustvrancic.com\/postav1\/faust-vrancic\/#breadcrumb","itemListElement":[{"@type":"ListItem","position":1,"name":"Po\u010detna stranica","item":"https:\/\/mc-faustvrancic.com\/"},{"@type":"ListItem","position":2,"name":"Faust Vran\u010di\u0107"}]},{"@type":"WebSite","@id":"https:\/\/mc-faustvrancic.com\/#website","url":"https:\/\/mc-faustvrancic.com\/","name":"Memorijalni centar Faust Vran\u010di\u0107","description":"","publisher":{"@id":"https:\/\/mc-faustvrancic.com\/#organization"},"alternateName":"MC Faust Vran\u010di\u0107","potentialAction":[{"@type":"SearchAction","target":{"@type":"EntryPoint","urlTemplate":"https:\/\/mc-faustvrancic.com\/?s={search_term_string}"},"query-input":{"@type":"PropertyValueSpecification","valueRequired":true,"valueName":"search_term_string"}}],"inLanguage":"en-GB"},{"@type":"Organization","@id":"https:\/\/mc-faustvrancic.com\/#organization","name":"Memorijalni centar Faust Vran\u010di\u0107","alternateName":"MC Faust Vran\u010di\u0107","url":"https:\/\/mc-faustvrancic.com\/","logo":{"@type":"ImageObject","inLanguage":"en-GB","@id":"https:\/\/mc-faustvrancic.com\/#\/schema\/logo\/image\/","url":"https:\/\/mc-faustvrancic.com\/wp-content\/uploads\/2024\/04\/logo-crni.png","contentUrl":"https:\/\/mc-faustvrancic.com\/wp-content\/uploads\/2024\/04\/logo-crni.png","width":265,"height":105,"caption":"Memorijalni centar Faust Vran\u010di\u0107"},"image":{"@id":"https:\/\/mc-faustvrancic.com\/#\/schema\/logo\/image\/"},"sameAs":["https:\/\/web.facebook.com\/mcfaustvrancic\/","https:\/\/www.instagram.com\/mc_faustvrancic\/?hl=en&fbclid=IwAR3-lbIw4tS0ZANoVqEKrrp9z8DwHtc19D8cB-ZTRDNj_jnack8SHd6OaEA","https:\/\/www.youtube.com\/channel\/UCcG32Ni5Grugo6ZdoE4mXkQ"]}]}},"_links":{"self":[{"href":"https:\/\/mc-faustvrancic.com\/en\/wp-json\/wp\/v2\/postav1\/2370","targetHints":{"allow":["GET"]}}],"collection":[{"href":"https:\/\/mc-faustvrancic.com\/en\/wp-json\/wp\/v2\/postav1"}],"about":[{"href":"https:\/\/mc-faustvrancic.com\/en\/wp-json\/wp\/v2\/types\/postav1"}],"wp:featuredmedia":[{"embeddable":true,"href":"https:\/\/mc-faustvrancic.com\/en\/wp-json\/wp\/v2\/media\/2368"}],"wp:attachment":[{"href":"https:\/\/mc-faustvrancic.com\/en\/wp-json\/wp\/v2\/media?parent=2370"}],"curies":[{"name":"wp","href":"https:\/\/api.w.org\/{rel}","templated":true}]}}